{"id":99433,"date":"2020-06-10T07:40:36","date_gmt":"2020-06-10T11:40:36","guid":{"rendered":"https:\/\/www.eltrabajo.cl\/portal\/?p=99433"},"modified":"2020-06-09T20:43:13","modified_gmt":"2020-06-10T00:43:13","slug":"alcaldes-con-covid-ya-estan-practicamente-curados-y-listos-para-sus-labores","status":"publish","type":"post","link":"https:\/\/eltrabajo.cl\/portal\/alcaldes-con-covid-ya-estan-practicamente-curados-y-listos-para-sus-labores\/","title":{"rendered":"Alcaldes con Covid ya est\u00e1n pr\u00e1cticamente \u2018curados\u2019 y listos para sus labores"},"content":{"rendered":"<p style=\"text-align: justify;\">Retomando el caso de los primeros tres alcaldes contagiados de Coronavirus a finales de mayo, tras sostener una reuni\u00f3n con el Seremi de Salud Francisco \u00c1lvarez, en este caso hablamos de Nelson Venegas, Boris Luksic y Fabi\u00e1n Mu\u00f1oz, alcaldes de Calle Larga, Catemu y Putaendo, respectivamente, hoy publicamos este reporte en el cual pretendemos informar a nuestros lectores sobre sus estados de salud.<\/p>\n<p style=\"text-align: justify;\">\n<p style=\"text-align: justify;\"><span style=\"color: #c81400;\"><strong>EST\u00c1N CASI LISTOS<\/strong><\/span><\/p>\n<p style=\"text-align: justify;\">Seg\u00fan los jefes comunales ya lo peor para ellos pas\u00f3, por lo que pr\u00e1cticamente s\u00f3lo esperan, algunos, el visto bueno m\u00e9dico para reincorporarse a sus labores p\u00fablicas.<\/p>\n<p style=\"text-align: justify;\"><strong>Nelson Venegas, alcalde de Calle Larga<\/strong>: <em>\u00abBueno yo me contagi\u00e9 producto de la visita que hizo el Seremi ac\u00e1 a nuestra comuna, en esa reuni\u00f3n \u00edbamos a tratar dos cuestiones fundamentales, que son mejorar las condiciones de trazabilidad y exigencia de la cuarentena. Mi proceso lo he vivido sin mayor drama, no he tenido mayores complicaciones en t\u00e9rminos sintom\u00e1ticos, el problema m\u00e1s grave es que contagi\u00e9 a mi familia, contagi\u00e9 a mi mujer y a mis dos hijos; mis dos hijos pr\u00e1cticamente no han tenido complicaciones, sin embargo mi se\u00f1ora s\u00ed ha estado un poco m\u00e1s complicada. Hoy martes se cumpli\u00f3 la cuarentena, me acaban de realizar los ex\u00e1menes de PCR para ver mi estado y eventualmente darme el Alta el d\u00eda mi\u00e9rcoles<\/em>\u00bb.<\/p>\n<p style=\"text-align: justify;\">\n<p style=\"text-align: justify;\"><span style=\"color: #c81400;\"><strong>EMPIEZA EL LUNES<\/strong><\/span><\/p>\n<p style=\"text-align: justify;\"><strong>Boris Luksic alcalde de Catemu<\/strong>: <em>\u00abHoy martes en la tarde entiendo que me dar\u00edan el Alta, nunca estuve hospitalizado y s\u00ed tuve s\u00edntomas, pero no tan agresivos. Ya estoy bien, retomar\u00e9 mis funciones espero este lunes 15 de junio, debo cuidarme yo y mi familia, no contagiar, por lo que hago un llamado a cuidarse todos, salir solamente a lo necesario, usar mascarilla, mi familia tambi\u00e9n guard\u00f3 cuarentena y estamos ya fuera de contagio<\/em>\u00bb.<\/p>\n<p style=\"text-align: justify;\">\n<p style=\"text-align: justify;\"><span style=\"color: #c81400;\"><strong>YA TRABAJANDO<\/strong><\/span><\/p>\n<p style=\"text-align: justify;\"><strong>Fabi\u00e1n Mu\u00f1oz, alcalde subrogante de Putaendo<\/strong>: <em>\u00abObviamente mi primera impresi\u00f3n cuando supe que era positivo de Covid fue miedo, en este caso porque yo no sab\u00eda c\u00f3mo iba a reaccionar mi cuerpo ante la presencia del virus. En mi caso\u00a0 me dio muy leve, sin grandes s\u00edntomas, solamente una picaz\u00f3n de garganta, nunca tuve fiebre, dolor de cuerpo, el \u00fanico s\u00edntoma notorio que tuve fue la p\u00e9rdida del olfato y el gusto. En general hoy d\u00eda me siento bien, ya fui dado de Alta, estoy ya de vuelta en mi trabajo, en mis funciones de alcalde subrogante en la comuna de Putaendo<\/em>\u00bb.<\/p>\n<p style=\"text-align: justify;\"><strong>Roberto Gonz\u00e1lez Short<\/strong><\/p>\n<p style=\"text-align: justify;\">\n<figure id=\"attachment_99437\" aria-describedby=\"caption-attachment-99437\" style=\"width: 580px\" class=\"wp-caption alignnone\"><img data-recalc-dims=\"1\" loading=\"lazy\" decoding=\"async\" class=\"size-full wp-image-99437\" src=\"https:\/\/i0.wp.com\/eltrabajo.cl\/portal\/wp-content\/uploads\/2020\/06\/Corona_Nelson-Venegas.jpg?resize=580%2C499&#038;ssl=1\" alt=\"Nelson Venegas, alcalde de Calle Larga, hoy lo podr\u00edan dar de Alta.\" width=\"580\" height=\"499\" srcset=\"https:\/\/i0.wp.com\/eltrabajo.cl\/portal\/wp-content\/uploads\/2020\/06\/Corona_Nelson-Venegas.jpg?w=580&amp;ssl=1 580w, https:\/\/i0.wp.com\/eltrabajo.cl\/portal\/wp-content\/uploads\/2020\/06\/Corona_Nelson-Venegas.jpg?resize=300%2C258&amp;ssl=1 300w, https:\/\/i0.wp.com\/eltrabajo.cl\/portal\/wp-content\/uploads\/2020\/06\/Corona_Nelson-Venegas.jpg?resize=174%2C150&amp;ssl=1 174w, https:\/\/i0.wp.com\/eltrabajo.cl\/portal\/wp-content\/uploads\/2020\/06\/Corona_Nelson-Venegas.jpg?resize=150%2C129&amp;ssl=1 150w\" sizes=\"auto, (max-width: 580px) 100vw, 580px\" \/><figcaption id=\"caption-attachment-99437\" class=\"wp-caption-text\">Nelson Venegas, alcalde de Calle Larga, hoy lo podr\u00edan dar de Alta.<\/figcaption><\/figure>\n<figure id=\"attachment_99435\" aria-describedby=\"caption-attachment-99435\" style=\"width: 580px\" class=\"wp-caption alignnone\"><img data-recalc-dims=\"1\" loading=\"lazy\" decoding=\"async\" class=\"size-full wp-image-99435\" src=\"https:\/\/i0.wp.com\/eltrabajo.cl\/portal\/wp-content\/uploads\/2020\/06\/Corona_Boris-Luksic.jpg?resize=580%2C499&#038;ssl=1\" alt=\"Boris Luksic alcalde de Catemu, ayer se esperaba su Alta. Ingresa a trabajar este lunes 15 de junio.\" width=\"580\" height=\"499\" srcset=\"https:\/\/i0.wp.com\/eltrabajo.cl\/portal\/wp-content\/uploads\/2020\/06\/Corona_Boris-Luksic.jpg?w=580&amp;ssl=1 580w, https:\/\/i0.wp.com\/eltrabajo.cl\/portal\/wp-content\/uploads\/2020\/06\/Corona_Boris-Luksic.jpg?resize=300%2C258&amp;ssl=1 300w, https:\/\/i0.wp.com\/eltrabajo.cl\/portal\/wp-content\/uploads\/2020\/06\/Corona_Boris-Luksic.jpg?resize=174%2C150&amp;ssl=1 174w, https:\/\/i0.wp.com\/eltrabajo.cl\/portal\/wp-content\/uploads\/2020\/06\/Corona_Boris-Luksic.jpg?resize=150%2C129&amp;ssl=1 150w\" sizes=\"auto, (max-width: 580px) 100vw, 580px\" \/><figcaption id=\"caption-attachment-99435\" class=\"wp-caption-text\">Boris Luksic alcalde de Catemu, ayer se esperaba su Alta. Ingresa a trabajar este lunes 15 de junio.<\/figcaption><\/figure>\n<figure id=\"attachment_99436\" aria-describedby=\"caption-attachment-99436\" style=\"width: 580px\" class=\"wp-caption alignnone\"><img data-recalc-dims=\"1\" loading=\"lazy\" decoding=\"async\" class=\"size-full wp-image-99436\" src=\"https:\/\/i0.wp.com\/eltrabajo.cl\/portal\/wp-content\/uploads\/2020\/06\/Corona_Felipe-Munoz.jpg?resize=580%2C499&#038;ssl=1\" alt=\"Fabi\u00e1n Mu\u00f1oz, alcalde subrogante de Putaendo, ya retom\u00f3 sus labores.\" width=\"580\" height=\"499\" srcset=\"https:\/\/i0.wp.com\/eltrabajo.cl\/portal\/wp-content\/uploads\/2020\/06\/Corona_Felipe-Munoz.jpg?w=580&amp;ssl=1 580w, https:\/\/i0.wp.com\/eltrabajo.cl\/portal\/wp-content\/uploads\/2020\/06\/Corona_Felipe-Munoz.jpg?resize=300%2C258&amp;ssl=1 300w, https:\/\/i0.wp.com\/eltrabajo.cl\/portal\/wp-content\/uploads\/2020\/06\/Corona_Felipe-Munoz.jpg?resize=174%2C150&amp;ssl=1 174w, https:\/\/i0.wp.com\/eltrabajo.cl\/portal\/wp-content\/uploads\/2020\/06\/Corona_Felipe-Munoz.jpg?resize=150%2C129&amp;ssl=1 150w\" sizes=\"auto, (max-width: 580px) 100vw, 580px\" \/><figcaption id=\"caption-attachment-99436\" class=\"wp-caption-text\">Fabi\u00e1n Mu\u00f1oz, alcalde subrogante de Putaendo, ya retom\u00f3 sus labores.<\/figcaption><\/figure>\n<figure id=\"attachment_99438\" aria-describedby=\"caption-attachment-99438\" style=\"width: 580px\" class=\"wp-caption alignnone\"><img data-recalc-dims=\"1\" loading=\"lazy\" decoding=\"async\" class=\"size-full wp-image-99438\" src=\"https:\/\/i0.wp.com\/eltrabajo.cl\/portal\/wp-content\/uploads\/2020\/06\/Corona1.jpg?resize=580%2C499&#038;ssl=1\" alt=\"TODOS PODEMOS MATAR.- Involuntariamente el Seremi de Salud V Regi\u00f3n, Francisco \u00c1lvarez, habr\u00eda contagiado a varias personas durante sus funciones propias del cargo que desempe\u00f1a. Evoluciona mejor.\" width=\"580\" height=\"499\" srcset=\"https:\/\/i0.wp.com\/eltrabajo.cl\/portal\/wp-content\/uploads\/2020\/06\/Corona1.jpg?w=580&amp;ssl=1 580w, https:\/\/i0.wp.com\/eltrabajo.cl\/portal\/wp-content\/uploads\/2020\/06\/Corona1.jpg?resize=300%2C258&amp;ssl=1 300w, https:\/\/i0.wp.com\/eltrabajo.cl\/portal\/wp-content\/uploads\/2020\/06\/Corona1.jpg?resize=174%2C150&amp;ssl=1 174w, https:\/\/i0.wp.com\/eltrabajo.cl\/portal\/wp-content\/uploads\/2020\/06\/Corona1.jpg?resize=150%2C129&amp;ssl=1 150w\" sizes=\"auto, (max-width: 580px) 100vw, 580px\" \/><figcaption id=\"caption-attachment-99438\" class=\"wp-caption-text\">TODOS PODEMOS MATAR.- Involuntariamente el Seremi de Salud V Regi\u00f3n, Francisco \u00c1lvarez, habr\u00eda contagiado a varias personas durante sus funciones propias del cargo que desempe\u00f1a. Evoluciona mejor.<\/figcaption><\/figure>\n","protected":false},"excerpt":{"rendered":"<p>Retomando el caso de los primeros tres alcaldes contagiados de Coronavirus a finales de mayo, tras sostener una reuni\u00f3n con el Seremi de Salud Francisco \u00c1lvarez, en este caso hablamos de Nelson&#8230;<\/p>\n","protected":false},"author":482,"featured_media":99434,"comment_status":"closed","ping_status":"closed","sticky":false,"template":"","format":"standard","meta":{"advanced_seo_description":"","jetpack_seo_html_title":"","jetpack_seo_noindex":false,"_jetpack_memberships_contains_paid_content":false,"footnotes":""},"categories":[103],"tags":[],"class_list":["post-99433","post","type-post","status-publish","format-standard","has-post-thumbnail","hentry","category-cronica-2"],"jetpack_featured_media_url":"https:\/\/i0.wp.com\/eltrabajo.cl\/portal\/wp-content\/uploads\/2020\/06\/alcaldes-covid.jpg?fit=580%2C360&ssl=1","jetpack_sharing_enabled":true,"jetpack_likes_enabled":true,"jetpack-related-posts":[],"_links":{"self":[{"href":"https:\/\/eltrabajo.cl\/portal\/wp-json\/wp\/v2\/posts\/99433","targetHints":{"allow":["GET"]}}],"collection":[{"href":"https:\/\/eltrabajo.cl\/portal\/wp-json\/wp\/v2\/posts"}],"about":[{"href":"https:\/\/eltrabajo.cl\/portal\/wp-json\/wp\/v2\/types\/post"}],"author":[{"embeddable":true,"href":"https:\/\/eltrabajo.cl\/portal\/wp-json\/wp\/v2\/users\/482"}],"replies":[{"embeddable":true,"href":"https:\/\/eltrabajo.cl\/portal\/wp-json\/wp\/v2\/comments?post=99433"}],"version-history":[{"count":0,"href":"https:\/\/eltrabajo.cl\/portal\/wp-json\/wp\/v2\/posts\/99433\/revisions"}],"wp:featuredmedia":[{"embeddable":true,"href":"https:\/\/eltrabajo.cl\/portal\/wp-json\/wp\/v2\/media\/99434"}],"wp:attachment":[{"href":"https:\/\/eltrabajo.cl\/portal\/wp-json\/wp\/v2\/media?parent=99433"}],"wp:term":[{"taxonomy":"category","embeddable":true,"href":"https:\/\/eltrabajo.cl\/portal\/wp-json\/wp\/v2\/categories?post=99433"},{"taxonomy":"post_tag","embeddable":true,"href":"https:\/\/eltrabajo.cl\/portal\/wp-json\/wp\/v2\/tags?post=99433"}],"curies":[{"name":"wp","href":"https:\/\/api.w.org\/{rel}","templated":true}]}}