{"id":99440,"date":"2020-06-10T07:45:30","date_gmt":"2020-06-10T11:45:30","guid":{"rendered":"https:\/\/www.eltrabajo.cl\/portal\/?p=99440"},"modified":"2020-06-09T20:46:42","modified_gmt":"2020-06-10T00:46:42","slug":"perdidas-totales-arrojo-voraz-incendio-de-bodega-en-santa-filomena","status":"publish","type":"post","link":"https:\/\/eltrabajo.cl\/portal\/perdidas-totales-arrojo-voraz-incendio-de-bodega-en-santa-filomena\/","title":{"rendered":"P\u00e9rdidas totales arroj\u00f3 voraz incendio de bodega en Santa Filomena"},"content":{"rendered":"<p style=\"text-align: justify;\">A un llamado por incendio de pastizales en Santa Filomena asistieron cerca de las 16:55 horas de este martes, varias unidades bomberiles del Cuerpo de Bomberos de Santa Mar\u00eda. Sin embargo, al llegar al lugar, se confirm\u00f3 que se trataba de un incendio estructural en una bodega que finalmente fue destruida por completo.<\/p>\n<p style=\"text-align: justify;\">Una adulta mayor due\u00f1a de la propiedad result\u00f3 v\u00edctima de una crisis de p\u00e1nico. La vecina fue atendida por la param\u00e9dica de la posta rural en el mismo sector de Santa Filomena.<\/p>\n<p style=\"text-align: justify;\">\n<figure id=\"attachment_99441\" aria-describedby=\"caption-attachment-99441\" style=\"width: 580px\" class=\"wp-caption alignnone\"><img data-recalc-dims=\"1\" loading=\"lazy\" decoding=\"async\" class=\"size-full wp-image-99441\" src=\"https:\/\/i0.wp.com\/eltrabajo.cl\/portal\/wp-content\/uploads\/2020\/06\/Bodega2-portada.jpg?resize=580%2C359&#038;ssl=1\" alt=\"NADA SE PUDO HACER.- Pese al esfuerzo de los voluntarios de Bomberos para detener las llamas, el fuego finalmente destruy\u00f3 por completo la bodega. (Foto gentileza de Emergencia Santa Mar\u00eda)\" width=\"580\" height=\"359\" srcset=\"https:\/\/i0.wp.com\/eltrabajo.cl\/portal\/wp-content\/uploads\/2020\/06\/Bodega2-portada.jpg?w=580&amp;ssl=1 580w, https:\/\/i0.wp.com\/eltrabajo.cl\/portal\/wp-content\/uploads\/2020\/06\/Bodega2-portada.jpg?resize=300%2C186&amp;ssl=1 300w, https:\/\/i0.wp.com\/eltrabajo.cl\/portal\/wp-content\/uploads\/2020\/06\/Bodega2-portada.jpg?resize=200%2C124&amp;ssl=1 200w, https:\/\/i0.wp.com\/eltrabajo.cl\/portal\/wp-content\/uploads\/2020\/06\/Bodega2-portada.jpg?resize=150%2C93&amp;ssl=1 150w\" sizes=\"auto, (max-width: 580px) 100vw, 580px\" \/><figcaption id=\"caption-attachment-99441\" class=\"wp-caption-text\">NADA SE PUDO HACER.- Pese al esfuerzo de los voluntarios de Bomberos para detener las llamas, el fuego finalmente destruy\u00f3 por completo la bodega. (Foto gentileza de Emergencia Santa Mar\u00eda)<\/figcaption><\/figure>\n","protected":false},"excerpt":{"rendered":"<p>A un llamado por incendio de pastizales en Santa Filomena asistieron cerca de las 16:55 horas de este martes, varias unidades bomberiles del Cuerpo de Bomberos de Santa Mar\u00eda. Sin embargo, al&#8230;<\/p>\n","protected":false},"author":482,"featured_media":99441,"comment_status":"closed","ping_status":"closed","sticky":false,"template":"","format":"standard","meta":{"advanced_seo_description":"","jetpack_seo_html_title":"","jetpack_seo_noindex":false,"_jetpack_memberships_contains_paid_content":false,"footnotes":""},"categories":[21],"tags":[],"class_list":["post-99440","post","type-post","status-publish","format-standard","has-post-thumbnail","hentry","category-policial"],"jetpack_featured_media_url":"https:\/\/i0.wp.com\/eltrabajo.cl\/portal\/wp-content\/uploads\/2020\/06\/Bodega2-portada.jpg?fit=580%2C359&ssl=1","jetpack_sharing_enabled":true,"jetpack_likes_enabled":true,"jetpack-related-posts":[],"_links":{"self":[{"href":"https:\/\/eltrabajo.cl\/portal\/wp-json\/wp\/v2\/posts\/99440","targetHints":{"allow":["GET"]}}],"collection":[{"href":"https:\/\/eltrabajo.cl\/portal\/wp-json\/wp\/v2\/posts"}],"about":[{"href":"https:\/\/eltrabajo.cl\/portal\/wp-json\/wp\/v2\/types\/post"}],"author":[{"embeddable":true,"href":"https:\/\/eltrabajo.cl\/portal\/wp-json\/wp\/v2\/users\/482"}],"replies":[{"embeddable":true,"href":"https:\/\/eltrabajo.cl\/portal\/wp-json\/wp\/v2\/comments?post=99440"}],"version-history":[{"count":0,"href":"https:\/\/eltrabajo.cl\/portal\/wp-json\/wp\/v2\/posts\/99440\/revisions"}],"wp:featuredmedia":[{"embeddable":true,"href":"https:\/\/eltrabajo.cl\/portal\/wp-json\/wp\/v2\/media\/99441"}],"wp:attachment":[{"href":"https:\/\/eltrabajo.cl\/portal\/wp-json\/wp\/v2\/media?parent=99440"}],"wp:term":[{"taxonomy":"category","embeddable":true,"href":"https:\/\/eltrabajo.cl\/portal\/wp-json\/wp\/v2\/categories?post=99440"},{"taxonomy":"post_tag","embeddable":true,"href":"https:\/\/eltrabajo.cl\/portal\/wp-json\/wp\/v2\/tags?post=99440"}],"curies":[{"name":"wp","href":"https:\/\/api.w.org\/{rel}","templated":true}]}}