{"id":99443,"date":"2020-06-10T07:50:56","date_gmt":"2020-06-10T11:50:56","guid":{"rendered":"https:\/\/www.eltrabajo.cl\/portal\/?p=99443"},"modified":"2020-06-09T20:48:25","modified_gmt":"2020-06-10T00:48:25","slug":"presidente-de-la-asociacion-de-futbol-de-san-felipe-da-positivo-para-covid-19","status":"publish","type":"post","link":"https:\/\/eltrabajo.cl\/portal\/presidente-de-la-asociacion-de-futbol-de-san-felipe-da-positivo-para-covid-19\/","title":{"rendered":"Presidente de la Asociaci\u00f3n de F\u00fatbol de San Felipe da positivo para Covid\u201319"},"content":{"rendered":"<p style=\"text-align: justify;\">El conocido y popular dirigente deportivo sanfelipe\u00f1o, <strong>Ra\u00fal Reinoso<\/strong>, se encuentra por estos d\u00edas haciendo una cuarentena obligatoria a ra\u00edz que fue diagnosticado con Covid\u201319. Si bien es cierto el directivo no ha sufrido mayores contratiempos con su salud, salvo al principio de la enfermedad hace unos 10 d\u00edas cuando unos malestares respiratorios lo obligaron a acudir al servicio de urgencia del hospital San Camilo, recinto en el que le hicieron el respectivo PCR que d\u00edas m\u00e1s tarde confirmar\u00eda la presencia en su organismo del temido virus Covid\u201319.<\/p>\n<p style=\"text-align: justify;\">Al momento de saber del trascendido, <strong>Diario El Trabajo<\/strong> se puso en contacto con el actual timonel del balompi\u00e9 aficionado sanfelipe\u00f1o, quien con evidentes signos de congoja reconoci\u00f3 la enfermedad: <em>\u00abNo le doy esto a nadie; es terrible tener el virus y estar siempre con la preocupaci\u00f3n que en cualquier momento uno puede tener una complicaci\u00f3n grave que incluso puede llevarlo a la muerte. A Dios gracias no he sufrido mayores s\u00edntomas y me he sentido bien a pesar de todo. Lamentablemente mi se\u00f1ora ha estado un poquito complicada, y nos ha hecho pasar m\u00e1s de alg\u00fan susto\u00bb,<\/em> cont\u00f3 Reinoso, quien en el final de la conversaci\u00f3n realiz\u00f3 un llamado al autocuidado de la gente: <em>\u00abNadie est\u00e1 libre de esto, y es por eso que hay que extremar las medidas de seguridad\u00bb,<\/em> concluy\u00f3.<\/p>\n<p style=\"text-align: justify;\">\n<figure id=\"attachment_99444\" aria-describedby=\"caption-attachment-99444\" style=\"width: 580px\" class=\"wp-caption alignnone\"><img data-recalc-dims=\"1\" loading=\"lazy\" decoding=\"async\" class=\"size-full wp-image-99444\" src=\"https:\/\/i0.wp.com\/eltrabajo.cl\/portal\/wp-content\/uploads\/2020\/06\/raul-reinoso-copia.jpg?resize=580%2C499&#038;ssl=1\" alt=\"El m\u00e1ximo directivo del f\u00fatbol local est\u00e1 infectado con el Covid\u201319.\" width=\"580\" height=\"499\" srcset=\"https:\/\/i0.wp.com\/eltrabajo.cl\/portal\/wp-content\/uploads\/2020\/06\/raul-reinoso-copia.jpg?w=580&amp;ssl=1 580w, https:\/\/i0.wp.com\/eltrabajo.cl\/portal\/wp-content\/uploads\/2020\/06\/raul-reinoso-copia.jpg?resize=300%2C258&amp;ssl=1 300w, https:\/\/i0.wp.com\/eltrabajo.cl\/portal\/wp-content\/uploads\/2020\/06\/raul-reinoso-copia.jpg?resize=174%2C150&amp;ssl=1 174w, https:\/\/i0.wp.com\/eltrabajo.cl\/portal\/wp-content\/uploads\/2020\/06\/raul-reinoso-copia.jpg?resize=150%2C129&amp;ssl=1 150w\" sizes=\"auto, (max-width: 580px) 100vw, 580px\" \/><figcaption id=\"caption-attachment-99444\" class=\"wp-caption-text\">El m\u00e1ximo directivo del f\u00fatbol local est\u00e1 infectado con el Covid\u201319.<\/figcaption><\/figure>\n","protected":false},"excerpt":{"rendered":"<p>El conocido y popular dirigente deportivo sanfelipe\u00f1o, Ra\u00fal Reinoso, se encuentra por estos d\u00edas haciendo una cuarentena obligatoria a ra\u00edz que fue diagnosticado con Covid\u201319. Si bien es cierto el directivo no&#8230;<\/p>\n","protected":false},"author":482,"featured_media":99445,"comment_status":"closed","ping_status":"closed","sticky":false,"template":"","format":"standard","meta":{"advanced_seo_description":"","jetpack_seo_html_title":"","jetpack_seo_noindex":false,"_jetpack_memberships_contains_paid_content":false,"footnotes":""},"categories":[19],"tags":[],"class_list":["post-99443","post","type-post","status-publish","format-standard","has-post-thumbnail","hentry","category-deportes"],"jetpack_featured_media_url":"https:\/\/i0.wp.com\/eltrabajo.cl\/portal\/wp-content\/uploads\/2020\/06\/raul-reinoso.jpg?fit=580%2C359&ssl=1","jetpack_sharing_enabled":true,"jetpack_likes_enabled":true,"jetpack-related-posts":[],"_links":{"self":[{"href":"https:\/\/eltrabajo.cl\/portal\/wp-json\/wp\/v2\/posts\/99443","targetHints":{"allow":["GET"]}}],"collection":[{"href":"https:\/\/eltrabajo.cl\/portal\/wp-json\/wp\/v2\/posts"}],"about":[{"href":"https:\/\/eltrabajo.cl\/portal\/wp-json\/wp\/v2\/types\/post"}],"author":[{"embeddable":true,"href":"https:\/\/eltrabajo.cl\/portal\/wp-json\/wp\/v2\/users\/482"}],"replies":[{"embeddable":true,"href":"https:\/\/eltrabajo.cl\/portal\/wp-json\/wp\/v2\/comments?post=99443"}],"version-history":[{"count":0,"href":"https:\/\/eltrabajo.cl\/portal\/wp-json\/wp\/v2\/posts\/99443\/revisions"}],"wp:featuredmedia":[{"embeddable":true,"href":"https:\/\/eltrabajo.cl\/portal\/wp-json\/wp\/v2\/media\/99445"}],"wp:attachment":[{"href":"https:\/\/eltrabajo.cl\/portal\/wp-json\/wp\/v2\/media?parent=99443"}],"wp:term":[{"taxonomy":"category","embeddable":true,"href":"https:\/\/eltrabajo.cl\/portal\/wp-json\/wp\/v2\/categories?post=99443"},{"taxonomy":"post_tag","embeddable":true,"href":"https:\/\/eltrabajo.cl\/portal\/wp-json\/wp\/v2\/tags?post=99443"}],"curies":[{"name":"wp","href":"https:\/\/api.w.org\/{rel}","templated":true}]}}