{"id":99447,"date":"2020-06-10T07:55:36","date_gmt":"2020-06-10T11:55:36","guid":{"rendered":"https:\/\/www.eltrabajo.cl\/portal\/?p=99447"},"modified":"2020-06-09T20:50:46","modified_gmt":"2020-06-10T00:50:46","slug":"hospital-de-los-andes-recibe-seis-ventiladores-mecanicos-del-ministerio-de-salud","status":"publish","type":"post","link":"https:\/\/eltrabajo.cl\/portal\/hospital-de-los-andes-recibe-seis-ventiladores-mecanicos-del-ministerio-de-salud\/","title":{"rendered":"Hospital de Los Andes recibe seis ventiladores mec\u00e1nicos del Ministerio de Salud"},"content":{"rendered":"<p style=\"text-align: justify;\"><span style=\"color: #c81400;\"><strong>Equipos permitir\u00e1n salvar vidas:<\/strong><\/span><\/p>\n<ul>\n<li style=\"text-align: justify;\"><strong>Con esta entrega el Valle de Aconcagua queda con 23 camas cr\u00edticas, once en el Hospital de Los Andes y doce en el Hospital San Camilo de San Felipe.<\/strong><\/li>\n<\/ul>\n<p style=\"text-align: justify;\"><strong>LOS ANDES<\/strong>.- Este martes el Hospital San Juan de Los Andes recibi\u00f3 seis ventiladores mec\u00e1nicos que ser\u00e1n destinados a enfrentar la contingencia por Coronavirus y que aumentan la capacidad de camas cr\u00edticas disponibles en el Valle del Aconcagua. Los equipos ser\u00e1n utilizados en pacientes que necesiten este soporte ventilatorio en la recientemente creada Unidad de Cuidados Intensivos (UCI) del Hosla.<\/p>\n<p style=\"text-align: justify;\">La directora del Servicio de Salud Aconcagua, <strong>Susan Porras<\/strong>, se\u00f1al\u00f3 que este equipamiento viene a dar respuesta a una necesidad latente de contar con m\u00e1s camas para pacientes cr\u00edticos en el Valle de Aconcagua. Agreg\u00f3 que con estos ventiladores el Hosla completa un total de once camas cr\u00edticas, a las que se suman otras doce disponibles en el hospital de San Felipe, para recuperar a los pacientes que requieran este procedimiento avanzado para mantenerlos con vida.<\/p>\n<p style=\"text-align: justify;\">La directora de Salud indic\u00f3 tambi\u00e9n que la red de salud est\u00e1 haciendo lo necesario para dar respuesta a las necesidades de las personas afectadas por coronavirus, pero siguen siendo fundamentales las medidas de autocuidado de las personas, para evitar una eventual hospitalizaci\u00f3n por Coronavirus.<\/p>\n<p style=\"text-align: justify;\">En tanto, el director del Hosla, doctor <strong>Arturo Ram\u00edrez<\/strong>, expres\u00f3 la alegr\u00eda de la comunidad hospitalaria por la recepci\u00f3n de estos ventiladores mec\u00e1nicos. El facultativo indic\u00f3 que es una excelente noticia para quienes trabajan en el establecimiento, como para la poblaci\u00f3n del Valle de Aconcagua. El m\u00e9dico precis\u00f3 que al inicio de la contingencia por Coronavirus, el Hosla contaba con s\u00f3lo dos ventiladores y hoy, gracias a gestiones de la directora del Servicio de Salud Aconcagua, el establecimiento cuenta con once equipos.<\/p>\n<p style=\"text-align: justify;\">Ram\u00edrez dijo tambi\u00e9n que los equipos de la Unidad de Cuidados Intensivos y de la Unidad de Tratamiento Intermedio del Hospital llevan tiempo desarrollando la t\u00e9cnica de la ventilaci\u00f3n mec\u00e1nica. Agreg\u00f3 tambi\u00e9n que al inicio de la contingencia, el Hosla contaba con ocho camas de Tratamiento Intermedio (UTI) y hoy cuenta con 23, lo que demuestra como el Hosla y\u00a0 sus equipos cl\u00ednicos se han ido adaptando a las necesidades y complejidades de los pacientes.<\/p>\n<p style=\"text-align: justify;\">Por su parte el jefe de la Unidad de Cuidados Intensivos (UCI) del Hosla, doctor <strong>Luis Foncea<\/strong>, se\u00f1al\u00f3 que estos ventiladores son un largo anhelo de la comunidad hospitalaria. Indic\u00f3 tambi\u00e9n que los equipos recibidos son de alto nivel, que sirven para el tratamiento de pacientes con esta patolog\u00eda pulmonar que demanda una alta carga de ventilaci\u00f3n. El profesional dijo tambi\u00e9n que estos equipos vienen a aliviar el estr\u00e9s por contar con camas cr\u00edticas en el hospital, ya que hoy son cinco pacientes quienes se encuentran con ventilaci\u00f3n mec\u00e1nica o ayudados por m\u00e1quinas de anestesia.<\/p>\n<p style=\"text-align: justify;\">\n<figure id=\"attachment_99448\" aria-describedby=\"caption-attachment-99448\" style=\"width: 580px\" class=\"wp-caption alignnone\"><img data-recalc-dims=\"1\" loading=\"lazy\" decoding=\"async\" class=\"size-full wp-image-99448\" src=\"https:\/\/i0.wp.com\/eltrabajo.cl\/portal\/wp-content\/uploads\/2020\/06\/ventiladores.jpg?resize=580%2C359&#038;ssl=1\" alt=\"Ni las mascarillas logran ocultar la alegr\u00eda con que recibieron los equipos en el Hospital de Los Andes.\" width=\"580\" height=\"359\" srcset=\"https:\/\/i0.wp.com\/eltrabajo.cl\/portal\/wp-content\/uploads\/2020\/06\/ventiladores.jpg?w=580&amp;ssl=1 580w, https:\/\/i0.wp.com\/eltrabajo.cl\/portal\/wp-content\/uploads\/2020\/06\/ventiladores.jpg?resize=300%2C186&amp;ssl=1 300w, https:\/\/i0.wp.com\/eltrabajo.cl\/portal\/wp-content\/uploads\/2020\/06\/ventiladores.jpg?resize=200%2C124&amp;ssl=1 200w, https:\/\/i0.wp.com\/eltrabajo.cl\/portal\/wp-content\/uploads\/2020\/06\/ventiladores.jpg?resize=150%2C93&amp;ssl=1 150w\" sizes=\"auto, (max-width: 580px) 100vw, 580px\" \/><figcaption id=\"caption-attachment-99448\" class=\"wp-caption-text\">Ni las mascarillas logran ocultar la alegr\u00eda con que recibieron los equipos en el Hospital de Los Andes.<\/figcaption><\/figure>\n<figure id=\"attachment_99449\" aria-describedby=\"caption-attachment-99449\" style=\"width: 580px\" class=\"wp-caption alignnone\"><img data-recalc-dims=\"1\" loading=\"lazy\" decoding=\"async\" class=\"size-full wp-image-99449\" src=\"https:\/\/i0.wp.com\/eltrabajo.cl\/portal\/wp-content\/uploads\/2020\/06\/ventiladores2.jpg?resize=580%2C360&#038;ssl=1\" alt=\"En la imagen los seis ventiladores mec\u00e1nicos, \u2018nuevecitos de paquete\u2019, entregados por el Ministerio de Salud.\" width=\"580\" height=\"360\" srcset=\"https:\/\/i0.wp.com\/eltrabajo.cl\/portal\/wp-content\/uploads\/2020\/06\/ventiladores2.jpg?w=580&amp;ssl=1 580w, https:\/\/i0.wp.com\/eltrabajo.cl\/portal\/wp-content\/uploads\/2020\/06\/ventiladores2.jpg?resize=300%2C186&amp;ssl=1 300w, https:\/\/i0.wp.com\/eltrabajo.cl\/portal\/wp-content\/uploads\/2020\/06\/ventiladores2.jpg?resize=200%2C124&amp;ssl=1 200w, https:\/\/i0.wp.com\/eltrabajo.cl\/portal\/wp-content\/uploads\/2020\/06\/ventiladores2.jpg?resize=150%2C93&amp;ssl=1 150w\" sizes=\"auto, (max-width: 580px) 100vw, 580px\" \/><figcaption id=\"caption-attachment-99449\" class=\"wp-caption-text\">En la imagen los seis ventiladores mec\u00e1nicos, \u2018nuevecitos de paquete\u2019, entregados por el Ministerio de Salud.<\/figcaption><\/figure>\n<figure id=\"attachment_99450\" aria-describedby=\"caption-attachment-99450\" style=\"width: 580px\" class=\"wp-caption alignnone\"><img data-recalc-dims=\"1\" loading=\"lazy\" decoding=\"async\" class=\"size-full wp-image-99450\" src=\"https:\/\/i0.wp.com\/eltrabajo.cl\/portal\/wp-content\/uploads\/2020\/06\/ventiladores3.jpg?resize=580%2C600&#038;ssl=1\" alt=\"Con estos ventiladores el Hosla completa un total de once  camas cr\u00edticas, a las que se suman otras doce disponibles en el hospital de San Felipe, para recuperar a los pacientes que requieran este procedimiento avanzado para mantenerlos con vida.\" width=\"580\" height=\"600\" srcset=\"https:\/\/i0.wp.com\/eltrabajo.cl\/portal\/wp-content\/uploads\/2020\/06\/ventiladores3.jpg?w=580&amp;ssl=1 580w, https:\/\/i0.wp.com\/eltrabajo.cl\/portal\/wp-content\/uploads\/2020\/06\/ventiladores3.jpg?resize=290%2C300&amp;ssl=1 290w, https:\/\/i0.wp.com\/eltrabajo.cl\/portal\/wp-content\/uploads\/2020\/06\/ventiladores3.jpg?resize=145%2C150&amp;ssl=1 145w\" sizes=\"auto, (max-width: 580px) 100vw, 580px\" \/><figcaption id=\"caption-attachment-99450\" class=\"wp-caption-text\">Con estos ventiladores el Hosla completa un total de once camas cr\u00edticas, a las que se suman otras doce disponibles en el hospital de San Felipe, para recuperar a los pacientes que requieran este procedimiento avanzado para mantenerlos con vida.<\/figcaption><\/figure>\n","protected":false},"excerpt":{"rendered":"<p>Equipos permitir\u00e1n salvar vidas: Con esta entrega el Valle de Aconcagua queda con 23 camas cr\u00edticas, once en el Hospital de Los Andes y doce en el Hospital San Camilo de San&#8230;<\/p>\n","protected":false},"author":482,"featured_media":99448,"comment_status":"closed","ping_status":"closed","sticky":false,"template":"","format":"standard","meta":{"advanced_seo_description":"","jetpack_seo_html_title":"","jetpack_seo_noindex":false,"_jetpack_memberships_contains_paid_content":false,"footnotes":""},"categories":[103],"tags":[],"class_list":["post-99447","post","type-post","status-publish","format-standard","has-post-thumbnail","hentry","category-cronica-2"],"jetpack_featured_media_url":"https:\/\/i0.wp.com\/eltrabajo.cl\/portal\/wp-content\/uploads\/2020\/06\/ventiladores.jpg?fit=580%2C359&ssl=1","jetpack_sharing_enabled":true,"jetpack_likes_enabled":true,"jetpack-related-posts":[],"_links":{"self":[{"href":"https:\/\/eltrabajo.cl\/portal\/wp-json\/wp\/v2\/posts\/99447","targetHints":{"allow":["GET"]}}],"collection":[{"href":"https:\/\/eltrabajo.cl\/portal\/wp-json\/wp\/v2\/posts"}],"about":[{"href":"https:\/\/eltrabajo.cl\/portal\/wp-json\/wp\/v2\/types\/post"}],"author":[{"embeddable":true,"href":"https:\/\/eltrabajo.cl\/portal\/wp-json\/wp\/v2\/users\/482"}],"replies":[{"embeddable":true,"href":"https:\/\/eltrabajo.cl\/portal\/wp-json\/wp\/v2\/comments?post=99447"}],"version-history":[{"count":0,"href":"https:\/\/eltrabajo.cl\/portal\/wp-json\/wp\/v2\/posts\/99447\/revisions"}],"wp:featuredmedia":[{"embeddable":true,"href":"https:\/\/eltrabajo.cl\/portal\/wp-json\/wp\/v2\/media\/99448"}],"wp:attachment":[{"href":"https:\/\/eltrabajo.cl\/portal\/wp-json\/wp\/v2\/media?parent=99447"}],"wp:term":[{"taxonomy":"category","embeddable":true,"href":"https:\/\/eltrabajo.cl\/portal\/wp-json\/wp\/v2\/categories?post=99447"},{"taxonomy":"post_tag","embeddable":true,"href":"https:\/\/eltrabajo.cl\/portal\/wp-json\/wp\/v2\/tags?post=99447"}],"curies":[{"name":"wp","href":"https:\/\/api.w.org\/{rel}","templated":true}]}}