{"id":99460,"date":"2020-06-11T07:40:07","date_gmt":"2020-06-11T11:40:07","guid":{"rendered":"https:\/\/www.eltrabajo.cl\/portal\/?p=99460"},"modified":"2020-06-10T21:21:19","modified_gmt":"2020-06-11T01:21:19","slug":"semana-numero-12-de-sanitizacion-en-la-comuna-de-santa-maria","status":"publish","type":"post","link":"https:\/\/eltrabajo.cl\/portal\/semana-numero-12-de-sanitizacion-en-la-comuna-de-santa-maria\/","title":{"rendered":"Semana n\u00famero 12 de sanitizaci\u00f3n en la comuna de Santa Mar\u00eda"},"content":{"rendered":"<p style=\"text-align: justify;\"><strong>SANTA MAR\u00cdA.-<\/strong> Una nueva jornada de sanitizaci\u00f3n a espacios p\u00fablicos, como a localidades urbanas y rurales de la comuna de Santa Mar\u00eda, fue la que se realiz\u00f3 este lunes 8 de junio en el marco de las medidas preventivas que ha dispuesto la Municipalidad para prevenir contagios del Coronavirus (Covid-19) en la comuna.<\/p>\n<p style=\"text-align: justify;\">Este operativo corresponde a la semana 12, inform\u00f3 el alcalde <strong>Claudio Zurita<\/strong>, quien reiter\u00f3 los agradecimientos a quienes colaboran con esta acci\u00f3n, en primer lugar, a los tractoristas, empresarios, agricultores, funcionarios municipales y Bomberos.<\/p>\n<p style=\"text-align: justify;\">\u00ab<em>Seguimos con mucha fuerza y ganas adelante con estos operativos de sanitizaci\u00f3n, ya vamos en la semana n\u00famero 12, y continuaremos con este trabajo porque es altamente efectivo en la prevenci\u00f3n del Coronavirus\u00bb,<\/em> expres\u00f3 la autoridad.<\/p>\n<p style=\"text-align: justify;\">Asimismo agradeci\u00f3 a las organizaciones sociales y vecinos \u00ab<em>que en cada jornada de sanitizaci\u00f3n nos colaboran. Agradecemos a todos quienes nos colaboran\u00a0 porque este es un compromiso de todos, entre todos cooperamos, entre todos ayudamos, y esperamos que esta pandemia pase luego, pero lo cierto es que las cifras de contagios y lamentablemente de fallecidos contin\u00faan en aumento, y el llamado m\u00e1s que nunca a los vecinos y vecinas de Santa Mar\u00eda, es decirles que nos cuidemos, en lo posible qu\u00e9dese en casa, y si tiene que salir a trabajar, el uso de mascarillas, distanciamiento f\u00edsico y lavado de manos frecuentemente\u00bb.<\/em><\/p>\n<p style=\"text-align: justify;\">Seg\u00fan el reporte oficial de la autoridad de salud, hasta el d\u00eda martes 9 de junio la comuna de Santa Mar\u00eda registr\u00f3 6 casos nuevos, sumando un total de 47, un paciente hospitalizado en cama b\u00e1sica y otro paciente hospitalizado en cama cr\u00edtica.<\/p>\n<p style=\"text-align: justify;\">\n<figure id=\"attachment_99461\" aria-describedby=\"caption-attachment-99461\" style=\"width: 580px\" class=\"wp-caption alignnone\"><img data-recalc-dims=\"1\" loading=\"lazy\" decoding=\"async\" class=\"size-full wp-image-99461\" src=\"https:\/\/i0.wp.com\/eltrabajo.cl\/portal\/wp-content\/uploads\/2020\/06\/sanitizacion-santa-maria-1.jpg?resize=580%2C360&#038;ssl=1\" alt=\"Como cada lunes se realiz\u00f3 la d\u00e9cima segunda jornada de sanitizaci\u00f3n en la comuna de Santa Mar\u00eda para prevenir contagios por Coronavirus.\" width=\"580\" height=\"360\" srcset=\"https:\/\/i0.wp.com\/eltrabajo.cl\/portal\/wp-content\/uploads\/2020\/06\/sanitizacion-santa-maria-1.jpg?w=580&amp;ssl=1 580w, https:\/\/i0.wp.com\/eltrabajo.cl\/portal\/wp-content\/uploads\/2020\/06\/sanitizacion-santa-maria-1.jpg?resize=300%2C186&amp;ssl=1 300w, https:\/\/i0.wp.com\/eltrabajo.cl\/portal\/wp-content\/uploads\/2020\/06\/sanitizacion-santa-maria-1.jpg?resize=200%2C124&amp;ssl=1 200w, https:\/\/i0.wp.com\/eltrabajo.cl\/portal\/wp-content\/uploads\/2020\/06\/sanitizacion-santa-maria-1.jpg?resize=150%2C93&amp;ssl=1 150w\" sizes=\"auto, (max-width: 580px) 100vw, 580px\" \/><figcaption id=\"caption-attachment-99461\" class=\"wp-caption-text\">Como cada lunes se realiz\u00f3 la d\u00e9cima segunda jornada de sanitizaci\u00f3n en la comuna de Santa Mar\u00eda para prevenir contagios por Coronavirus.<\/figcaption><\/figure>\n<figure id=\"attachment_99462\" aria-describedby=\"caption-attachment-99462\" style=\"width: 580px\" class=\"wp-caption alignnone\"><img data-recalc-dims=\"1\" loading=\"lazy\" decoding=\"async\" class=\"size-full wp-image-99462\" src=\"https:\/\/i0.wp.com\/eltrabajo.cl\/portal\/wp-content\/uploads\/2020\/06\/sanitizacion-santa-maria-2.jpg?resize=580%2C359&#038;ssl=1\" alt=\"Diversas organizaciones sociales aportan bidones de cloro para el operativo de limpieza. En la imagen alcalde Claudio Zurita recibe aporte de Club de Motos Team  Atenas Racing.\" width=\"580\" height=\"359\" srcset=\"https:\/\/i0.wp.com\/eltrabajo.cl\/portal\/wp-content\/uploads\/2020\/06\/sanitizacion-santa-maria-2.jpg?w=580&amp;ssl=1 580w, https:\/\/i0.wp.com\/eltrabajo.cl\/portal\/wp-content\/uploads\/2020\/06\/sanitizacion-santa-maria-2.jpg?resize=300%2C186&amp;ssl=1 300w, https:\/\/i0.wp.com\/eltrabajo.cl\/portal\/wp-content\/uploads\/2020\/06\/sanitizacion-santa-maria-2.jpg?resize=200%2C124&amp;ssl=1 200w, https:\/\/i0.wp.com\/eltrabajo.cl\/portal\/wp-content\/uploads\/2020\/06\/sanitizacion-santa-maria-2.jpg?resize=150%2C93&amp;ssl=1 150w\" sizes=\"auto, (max-width: 580px) 100vw, 580px\" \/><figcaption id=\"caption-attachment-99462\" class=\"wp-caption-text\">Diversas organizaciones sociales aportan bidones de cloro para el operativo de limpieza. En la imagen alcalde Claudio Zurita recibe aporte de Club de Motos Team Atenas Racing.<\/figcaption><\/figure>\n<figure id=\"attachment_99463\" aria-describedby=\"caption-attachment-99463\" style=\"width: 580px\" class=\"wp-caption alignnone\"><img data-recalc-dims=\"1\" loading=\"lazy\" decoding=\"async\" class=\"size-full wp-image-99463\" src=\"https:\/\/i0.wp.com\/eltrabajo.cl\/portal\/wp-content\/uploads\/2020\/06\/sanitizacion-santa-maria-3.jpg?resize=580%2C358&#038;ssl=1\" alt=\"La sanitizaci\u00f3n comprende los espacios p\u00fablicos, y los sectores urbanos y rurales de la comuna.\" width=\"580\" height=\"358\" srcset=\"https:\/\/i0.wp.com\/eltrabajo.cl\/portal\/wp-content\/uploads\/2020\/06\/sanitizacion-santa-maria-3.jpg?w=580&amp;ssl=1 580w, https:\/\/i0.wp.com\/eltrabajo.cl\/portal\/wp-content\/uploads\/2020\/06\/sanitizacion-santa-maria-3.jpg?resize=300%2C185&amp;ssl=1 300w, https:\/\/i0.wp.com\/eltrabajo.cl\/portal\/wp-content\/uploads\/2020\/06\/sanitizacion-santa-maria-3.jpg?resize=200%2C123&amp;ssl=1 200w, https:\/\/i0.wp.com\/eltrabajo.cl\/portal\/wp-content\/uploads\/2020\/06\/sanitizacion-santa-maria-3.jpg?resize=150%2C93&amp;ssl=1 150w\" sizes=\"auto, (max-width: 580px) 100vw, 580px\" \/><figcaption id=\"caption-attachment-99463\" class=\"wp-caption-text\">La sanitizaci\u00f3n comprende los espacios p\u00fablicos, y los sectores urbanos y rurales de la comuna.<\/figcaption><\/figure>\n","protected":false},"excerpt":{"rendered":"<p>SANTA MAR\u00cdA.- Una nueva jornada de sanitizaci\u00f3n a espacios p\u00fablicos, como a localidades urbanas y rurales de la comuna de Santa Mar\u00eda, fue la que se realiz\u00f3 este lunes 8 de junio&#8230;<\/p>\n","protected":false},"author":482,"featured_media":99461,"comment_status":"closed","ping_status":"closed","sticky":false,"template":"","format":"standard","meta":{"advanced_seo_description":"","jetpack_seo_html_title":"","jetpack_seo_noindex":false,"_jetpack_memberships_contains_paid_content":false,"footnotes":""},"categories":[103],"tags":[],"class_list":["post-99460","post","type-post","status-publish","format-standard","has-post-thumbnail","hentry","category-cronica-2"],"jetpack_featured_media_url":"https:\/\/i0.wp.com\/eltrabajo.cl\/portal\/wp-content\/uploads\/2020\/06\/sanitizacion-santa-maria-1.jpg?fit=580%2C360&ssl=1","jetpack_sharing_enabled":true,"jetpack_likes_enabled":true,"jetpack-related-posts":[],"_links":{"self":[{"href":"https:\/\/eltrabajo.cl\/portal\/wp-json\/wp\/v2\/posts\/99460","targetHints":{"allow":["GET"]}}],"collection":[{"href":"https:\/\/eltrabajo.cl\/portal\/wp-json\/wp\/v2\/posts"}],"about":[{"href":"https:\/\/eltrabajo.cl\/portal\/wp-json\/wp\/v2\/types\/post"}],"author":[{"embeddable":true,"href":"https:\/\/eltrabajo.cl\/portal\/wp-json\/wp\/v2\/users\/482"}],"replies":[{"embeddable":true,"href":"https:\/\/eltrabajo.cl\/portal\/wp-json\/wp\/v2\/comments?post=99460"}],"version-history":[{"count":0,"href":"https:\/\/eltrabajo.cl\/portal\/wp-json\/wp\/v2\/posts\/99460\/revisions"}],"wp:featuredmedia":[{"embeddable":true,"href":"https:\/\/eltrabajo.cl\/portal\/wp-json\/wp\/v2\/media\/99461"}],"wp:attachment":[{"href":"https:\/\/eltrabajo.cl\/portal\/wp-json\/wp\/v2\/media?parent=99460"}],"wp:term":[{"taxonomy":"category","embeddable":true,"href":"https:\/\/eltrabajo.cl\/portal\/wp-json\/wp\/v2\/categories?post=99460"},{"taxonomy":"post_tag","embeddable":true,"href":"https:\/\/eltrabajo.cl\/portal\/wp-json\/wp\/v2\/tags?post=99460"}],"curies":[{"name":"wp","href":"https:\/\/api.w.org\/{rel}","templated":true}]}}