{"id":99465,"date":"2020-06-11T07:45:29","date_gmt":"2020-06-11T11:45:29","guid":{"rendered":"https:\/\/www.eltrabajo.cl\/portal\/?p=99465"},"modified":"2020-06-10T21:25:08","modified_gmt":"2020-06-11T01:25:08","slug":"siguen-llegando-donativos-para-el-comedor-solidario-de-iglesia-andacollo","status":"publish","type":"post","link":"https:\/\/eltrabajo.cl\/portal\/siguen-llegando-donativos-para-el-comedor-solidario-de-iglesia-andacollo\/","title":{"rendered":"Siguen llegando donativos para el Comedor Solidario de Iglesia Andacollo"},"content":{"rendered":"<p style=\"text-align: justify;\"><span style=\"color: #c81400;\"><strong>Vecinos se organizan para marcar la diferencia:<\/strong><\/span><\/p>\n<p style=\"text-align: justify;\">Siguen los esfuerzos a nivel de toda nuestra comuna por parte de los vecinos en beneficio de quienes m\u00e1s necesitan. En esta oportunidad hablamos del Comedor Solidario de la Iglesia Andacollo, proyecto que se mantiene funcionando gracias al voluntariado de dicha comunidad religiosa y tambi\u00e9n a los aportes y donaciones de los propios sanfelipe\u00f1os.<\/p>\n<p style=\"text-align: justify;\">Hoy queremos mostrar la ejemplar iniciativa que un grupo de vecinos y comerciantes de nuestra ciudad han venido desarrollando de manera discreta con miras a colectar alimentos para que este comedor solidario contin\u00fae funcionando, pues en los \u00faltimos d\u00edas se ha duplicado la cantidad de personas que llegan de lunes a viernes con sus hijos y adultos mayores, la situaci\u00f3n es apremiante.<\/p>\n<p style=\"text-align: justify;\">\n<p style=\"text-align: justify;\"><span style=\"color: #c81400;\"><strong>FUERZA Y VIGOR<\/strong><\/span><\/p>\n<p style=\"text-align: justify;\"><strong>Diario El Trabajo<\/strong> habl\u00f3 con uno de estos voluntarios, <strong>Rodrigo Oyanedel Pizarro<\/strong>, quien con otras personas y su esposa <strong>Loreto Asp\u00e9<\/strong> coordinaron donaciones con sus amigos. As\u00ed la ma\u00f1ana de este mi\u00e9rcoles hicieron entrega de lo recaudado al p\u00e1rroco Luis Felipe Vergara: <em>\u00abMe conmovi\u00f3 saber de los casos de padres que vienen con sus hijos a recibir estos almuerzos. Vine en mi veh\u00edculo y dej\u00e9 una donaci\u00f3n y me fui, pero no me fui tranquilo, pens\u00e9 que esto no quedar\u00eda en mi donaci\u00f3n nada m\u00e1s, as\u00ed que con mi pareja Loreto nos pusimos a trabajar con nuestros amigos y ahora estamos entregando. La idea no es que nos vean donar, buscamos que otras personas tambi\u00e9n imiten y hasta superen esta idea y apoyen al comedor solidario<\/em>\u00bb, coment\u00f3 Oyanedel.<\/p>\n<p style=\"text-align: justify;\">\n<p style=\"text-align: justify;\"><span style=\"color: #c81400;\"><strong>EJEMPLAR PANADERO<\/strong><\/span><\/p>\n<p style=\"text-align: justify;\">Otra de las personas solidarias que se unieron a esta iniciativa es el comerciante ambulante <strong>Rodrigo Contreras<\/strong>. \u00c9l hace y vende pan amasado en nuestra ciudad y decidi\u00f3 donar toda la producci\u00f3n de pan de este mi\u00e9rcoles al comedor: <em>\u00abYo hago pancito amasado con mi se\u00f1ora en la casa, supe de la iniciativa de Loreto y Rodrigo, as\u00ed que quisimos tambi\u00e9n donar la producci\u00f3n para el comedor. Pienso que no hay que ser millonario para poder dar, todo es posible si tienes un buen coraz\u00f3n<\/em>\u00bb, dijo el comerciante.<\/p>\n<p style=\"text-align: justify;\">\n<p style=\"text-align: justify;\"><span style=\"color: #c81400;\"><strong>P\u00c1RROCO AGRADECE<\/strong><\/span><\/p>\n<p style=\"text-align: justify;\">El p\u00e1rroco de la Iglesia Andacollo, <strong>Luis Felipe Vergara<\/strong>, se mostr\u00f3 agradecido y quiso tambi\u00e9n expresar su gratitud: <em>\u00abEste comedor viene funcionando desde hace muchos a\u00f1os en nuestra comuna. Este a\u00f1o se increment\u00f3 por la pandemia. La gente ha abierto tambi\u00e9n sus corazones y consciencia y solidaridad. Nosotros como Iglesia estamos muy agradecidos con estas donaciones de la comunidad sanfelipe\u00f1a, nos est\u00e1 llegando mucha ayuda, les tenemos en nuestras oraciones pues esta es una obra de Dios. De momento son unas 200 personas las que est\u00e1n recibiendo su almuerzo de lunes a viernes, tambi\u00e9n los viernes salen en la noche con su Ruta-calle, llevan cenas a las personas en condici\u00f3n de calle, son 50 cenas los viernes<\/em>\u00bb, dijo el p\u00e1rroco.<\/p>\n<p style=\"text-align: justify;\"><strong>Roberto Gonz\u00e1lez Short<\/strong><\/p>\n<p style=\"text-align: justify;\">\n<figure id=\"attachment_99466\" aria-describedby=\"caption-attachment-99466\" style=\"width: 580px\" class=\"wp-caption alignnone\"><img data-recalc-dims=\"1\" loading=\"lazy\" decoding=\"async\" class=\"size-full wp-image-99466\" src=\"https:\/\/i0.wp.com\/eltrabajo.cl\/portal\/wp-content\/uploads\/2020\/06\/Comedor1.jpg?resize=580%2C359&#038;ssl=1\" alt=\"GRANDE EL APLAUSO.- Ayer antes del mediod\u00eda estos vecinos llegaron cargados de mercader\u00eda a la Iglesia Andacollo, los alimentos los donaron vecinos de nuestra comuna para quienes reciben diariamente su almuerzo.\" width=\"580\" height=\"359\" srcset=\"https:\/\/i0.wp.com\/eltrabajo.cl\/portal\/wp-content\/uploads\/2020\/06\/Comedor1.jpg?w=580&amp;ssl=1 580w, https:\/\/i0.wp.com\/eltrabajo.cl\/portal\/wp-content\/uploads\/2020\/06\/Comedor1.jpg?resize=300%2C186&amp;ssl=1 300w, https:\/\/i0.wp.com\/eltrabajo.cl\/portal\/wp-content\/uploads\/2020\/06\/Comedor1.jpg?resize=200%2C124&amp;ssl=1 200w, https:\/\/i0.wp.com\/eltrabajo.cl\/portal\/wp-content\/uploads\/2020\/06\/Comedor1.jpg?resize=150%2C93&amp;ssl=1 150w\" sizes=\"auto, (max-width: 580px) 100vw, 580px\" \/><figcaption id=\"caption-attachment-99466\" class=\"wp-caption-text\">GRANDE EL APLAUSO.- Ayer antes del mediod\u00eda estos vecinos llegaron cargados de mercader\u00eda a la Iglesia Andacollo, los alimentos los donaron vecinos de nuestra comuna para quienes reciben diariamente su almuerzo.<\/figcaption><\/figure>\n<figure id=\"attachment_99467\" aria-describedby=\"caption-attachment-99467\" style=\"width: 580px\" class=\"wp-caption alignnone\"><img data-recalc-dims=\"1\" loading=\"lazy\" decoding=\"async\" class=\"size-full wp-image-99467\" src=\"https:\/\/i0.wp.com\/eltrabajo.cl\/portal\/wp-content\/uploads\/2020\/06\/Comedor2.jpg?resize=580%2C359&#038;ssl=1\" alt=\"JUSTO A TIEMPO.- Toda la mercader\u00eda que llega se usa de inmediato, son cerca de 200 personas las que diariamente son beneficiadas por esta obra de amor.\" width=\"580\" height=\"359\" srcset=\"https:\/\/i0.wp.com\/eltrabajo.cl\/portal\/wp-content\/uploads\/2020\/06\/Comedor2.jpg?w=580&amp;ssl=1 580w, https:\/\/i0.wp.com\/eltrabajo.cl\/portal\/wp-content\/uploads\/2020\/06\/Comedor2.jpg?resize=300%2C186&amp;ssl=1 300w, https:\/\/i0.wp.com\/eltrabajo.cl\/portal\/wp-content\/uploads\/2020\/06\/Comedor2.jpg?resize=200%2C124&amp;ssl=1 200w, https:\/\/i0.wp.com\/eltrabajo.cl\/portal\/wp-content\/uploads\/2020\/06\/Comedor2.jpg?resize=150%2C93&amp;ssl=1 150w\" sizes=\"auto, (max-width: 580px) 100vw, 580px\" \/><figcaption id=\"caption-attachment-99467\" class=\"wp-caption-text\">JUSTO A TIEMPO.- Toda la mercader\u00eda que llega se usa de inmediato, son cerca de 200 personas las que diariamente son beneficiadas por esta obra de amor.<\/figcaption><\/figure>\n<figure id=\"attachment_99468\" aria-describedby=\"caption-attachment-99468\" style=\"width: 580px\" class=\"wp-caption alignnone\"><img data-recalc-dims=\"1\" loading=\"lazy\" decoding=\"async\" class=\"size-full wp-image-99468\" src=\"https:\/\/i0.wp.com\/eltrabajo.cl\/portal\/wp-content\/uploads\/2020\/06\/Comedor3.jpg?resize=580%2C360&#038;ssl=1\" alt=\"IMPECABLE TRABAJO.- Ellas son parte de las damas que cocinan todos los d\u00edas para este Comedor Solidario, y lo hacen completamente gratis.\" width=\"580\" height=\"360\" srcset=\"https:\/\/i0.wp.com\/eltrabajo.cl\/portal\/wp-content\/uploads\/2020\/06\/Comedor3.jpg?w=580&amp;ssl=1 580w, https:\/\/i0.wp.com\/eltrabajo.cl\/portal\/wp-content\/uploads\/2020\/06\/Comedor3.jpg?resize=300%2C186&amp;ssl=1 300w, https:\/\/i0.wp.com\/eltrabajo.cl\/portal\/wp-content\/uploads\/2020\/06\/Comedor3.jpg?resize=200%2C124&amp;ssl=1 200w, https:\/\/i0.wp.com\/eltrabajo.cl\/portal\/wp-content\/uploads\/2020\/06\/Comedor3.jpg?resize=150%2C93&amp;ssl=1 150w\" sizes=\"auto, (max-width: 580px) 100vw, 580px\" \/><figcaption id=\"caption-attachment-99468\" class=\"wp-caption-text\">IMPECABLE TRABAJO.- Ellas son parte de las damas que cocinan todos los d\u00edas para este Comedor Solidario, y lo hacen completamente gratis.<\/figcaption><\/figure>\n<figure id=\"attachment_99469\" aria-describedby=\"caption-attachment-99469\" style=\"width: 580px\" class=\"wp-caption alignnone\"><img data-recalc-dims=\"1\" loading=\"lazy\" decoding=\"async\" class=\"size-full wp-image-99469\" src=\"https:\/\/i0.wp.com\/eltrabajo.cl\/portal\/wp-content\/uploads\/2020\/06\/Comedor_Luis-Felipe-Vergara.jpg?resize=580%2C600&#038;ssl=1\" alt=\"P\u00e1rroco de la Iglesia Andacollo, Luis Felipe Vergara.\" width=\"580\" height=\"600\" srcset=\"https:\/\/i0.wp.com\/eltrabajo.cl\/portal\/wp-content\/uploads\/2020\/06\/Comedor_Luis-Felipe-Vergara.jpg?w=580&amp;ssl=1 580w, https:\/\/i0.wp.com\/eltrabajo.cl\/portal\/wp-content\/uploads\/2020\/06\/Comedor_Luis-Felipe-Vergara.jpg?resize=290%2C300&amp;ssl=1 290w, https:\/\/i0.wp.com\/eltrabajo.cl\/portal\/wp-content\/uploads\/2020\/06\/Comedor_Luis-Felipe-Vergara.jpg?resize=145%2C150&amp;ssl=1 145w\" sizes=\"auto, (max-width: 580px) 100vw, 580px\" \/><figcaption id=\"caption-attachment-99469\" class=\"wp-caption-text\">P\u00e1rroco de la Iglesia Andacollo, Luis Felipe Vergara.<\/figcaption><\/figure>\n<figure id=\"attachment_99471\" aria-describedby=\"caption-attachment-99471\" style=\"width: 580px\" class=\"wp-caption alignnone\"><img data-recalc-dims=\"1\" loading=\"lazy\" decoding=\"async\" class=\"size-full wp-image-99471\" src=\"https:\/\/i0.wp.com\/eltrabajo.cl\/portal\/wp-content\/uploads\/2020\/06\/Comedor_Rodrigo-Oyanedel-Pizarro.jpg?resize=580%2C600&#038;ssl=1\" alt=\"Rodrigo Oyanedel Pizarro, voluntario que ha coordinado donaciones para este comedor con sus amistades.\" width=\"580\" height=\"600\" srcset=\"https:\/\/i0.wp.com\/eltrabajo.cl\/portal\/wp-content\/uploads\/2020\/06\/Comedor_Rodrigo-Oyanedel-Pizarro.jpg?w=580&amp;ssl=1 580w, https:\/\/i0.wp.com\/eltrabajo.cl\/portal\/wp-content\/uploads\/2020\/06\/Comedor_Rodrigo-Oyanedel-Pizarro.jpg?resize=290%2C300&amp;ssl=1 290w, https:\/\/i0.wp.com\/eltrabajo.cl\/portal\/wp-content\/uploads\/2020\/06\/Comedor_Rodrigo-Oyanedel-Pizarro.jpg?resize=145%2C150&amp;ssl=1 145w\" sizes=\"auto, (max-width: 580px) 100vw, 580px\" \/><figcaption id=\"caption-attachment-99471\" class=\"wp-caption-text\">Rodrigo Oyanedel Pizarro, voluntario que ha coordinado donaciones para este comedor con sus amistades.<\/figcaption><\/figure>\n<figure id=\"attachment_99470\" aria-describedby=\"caption-attachment-99470\" style=\"width: 579px\" class=\"wp-caption alignnone\"><img data-recalc-dims=\"1\" loading=\"lazy\" decoding=\"async\" class=\"size-full wp-image-99470\" src=\"https:\/\/i0.wp.com\/eltrabajo.cl\/portal\/wp-content\/uploads\/2020\/06\/Comedor_Rodrigo-Contreras.jpg?resize=579%2C677&#038;ssl=1\" alt=\"PANADERO SOLIDARIO.- Este comerciante ambulante, Rodrigo Contreras, don\u00f3 toda su producci\u00f3n de pan al comedor.\" width=\"579\" height=\"677\" srcset=\"https:\/\/i0.wp.com\/eltrabajo.cl\/portal\/wp-content\/uploads\/2020\/06\/Comedor_Rodrigo-Contreras.jpg?w=579&amp;ssl=1 579w, https:\/\/i0.wp.com\/eltrabajo.cl\/portal\/wp-content\/uploads\/2020\/06\/Comedor_Rodrigo-Contreras.jpg?resize=257%2C300&amp;ssl=1 257w, https:\/\/i0.wp.com\/eltrabajo.cl\/portal\/wp-content\/uploads\/2020\/06\/Comedor_Rodrigo-Contreras.jpg?resize=128%2C150&amp;ssl=1 128w\" sizes=\"auto, (max-width: 579px) 100vw, 579px\" \/><figcaption id=\"caption-attachment-99470\" class=\"wp-caption-text\">PANADERO SOLIDARIO.- Este comerciante ambulante, Rodrigo Contreras, don\u00f3 toda su producci\u00f3n de pan al comedor.<\/figcaption><\/figure>\n","protected":false},"excerpt":{"rendered":"<p>Vecinos se organizan para marcar la diferencia: Siguen los esfuerzos a nivel de toda nuestra comuna por parte de los vecinos en beneficio de quienes m\u00e1s necesitan. En esta oportunidad hablamos del&#8230;<\/p>\n","protected":false},"author":482,"featured_media":99466,"comment_status":"closed","ping_status":"closed","sticky":false,"template":"","format":"standard","meta":{"advanced_seo_description":"","jetpack_seo_html_title":"","jetpack_seo_noindex":false,"_jetpack_memberships_contains_paid_content":false,"footnotes":""},"categories":[15],"tags":[],"class_list":["post-99465","post","type-post","status-publish","format-standard","has-post-thumbnail","hentry","category-comunidad"],"jetpack_featured_media_url":"https:\/\/i0.wp.com\/eltrabajo.cl\/portal\/wp-content\/uploads\/2020\/06\/Comedor1.jpg?fit=580%2C359&ssl=1","jetpack_sharing_enabled":true,"jetpack_likes_enabled":true,"jetpack-related-posts":[],"_links":{"self":[{"href":"https:\/\/eltrabajo.cl\/portal\/wp-json\/wp\/v2\/posts\/99465","targetHints":{"allow":["GET"]}}],"collection":[{"href":"https:\/\/eltrabajo.cl\/portal\/wp-json\/wp\/v2\/posts"}],"about":[{"href":"https:\/\/eltrabajo.cl\/portal\/wp-json\/wp\/v2\/types\/post"}],"author":[{"embeddable":true,"href":"https:\/\/eltrabajo.cl\/portal\/wp-json\/wp\/v2\/users\/482"}],"replies":[{"embeddable":true,"href":"https:\/\/eltrabajo.cl\/portal\/wp-json\/wp\/v2\/comments?post=99465"}],"version-history":[{"count":0,"href":"https:\/\/eltrabajo.cl\/portal\/wp-json\/wp\/v2\/posts\/99465\/revisions"}],"wp:featuredmedia":[{"embeddable":true,"href":"https:\/\/eltrabajo.cl\/portal\/wp-json\/wp\/v2\/media\/99466"}],"wp:attachment":[{"href":"https:\/\/eltrabajo.cl\/portal\/wp-json\/wp\/v2\/media?parent=99465"}],"wp:term":[{"taxonomy":"category","embeddable":true,"href":"https:\/\/eltrabajo.cl\/portal\/wp-json\/wp\/v2\/categories?post=99465"},{"taxonomy":"post_tag","embeddable":true,"href":"https:\/\/eltrabajo.cl\/portal\/wp-json\/wp\/v2\/tags?post=99465"}],"curies":[{"name":"wp","href":"https:\/\/api.w.org\/{rel}","templated":true}]}}