{"id":99473,"date":"2020-06-11T07:50:30","date_gmt":"2020-06-11T11:50:30","guid":{"rendered":"https:\/\/www.eltrabajo.cl\/portal\/?p=99473"},"modified":"2020-06-10T21:27:07","modified_gmt":"2020-06-11T01:27:07","slug":"detienen-a-sujeto-que-elaboraba-y-vendia-queques-de-marihuana-por-delivery","status":"publish","type":"post","link":"https:\/\/eltrabajo.cl\/portal\/detienen-a-sujeto-que-elaboraba-y-vendia-queques-de-marihuana-por-delivery\/","title":{"rendered":"Detienen a sujeto que elaboraba y vend\u00eda queques de marihuana por delivery"},"content":{"rendered":"<ul>\n<li style=\"text-align: justify;\"><strong>Imputado asegur\u00f3 que ingres\u00f3 al rubro para paliar sus bajos ingresos econ\u00f3micos producto de la pandemia por el Covid-19. Junto a \u00e9l fue detenido tambi\u00e9n otro sujeto que le prove\u00eda la droga.<\/strong><\/li>\n<\/ul>\n<p style=\"text-align: justify;\">Detectives de la Brigada Antinarc\u00f3ticos y Contra el Crimen Organizado de la Polic\u00eda de Investigaciones de Chile, en el marco de la operaci\u00f3n \u2018Bon apetit\u2019, detuvieron a dos sujetos vinculados a la venta de cannabis sativa en productos alimenticios.<\/p>\n<p style=\"text-align: justify;\">Tras su detenci\u00f3n, uno de ellos dijo a la polic\u00eda que debido a la dram\u00e1tica disminuci\u00f3n de sus ingresos econ\u00f3micos por la contingencia, decidi\u00f3 usar sus conocimientos de cocina para confeccionar y producir alimentos en base a marihuana, los que despu\u00e9s vend\u00eda en redes sociales y bajo la modalidad de \u2018delivery\u2019 o entrega a domicilio.<\/p>\n<p style=\"text-align: justify;\">\u00ab<em>Detectives de esta unidad policial, espec\u00edficamente el equipo MT0 (Micro Tr\u00e1fico Cero), a trav\u00e9s de un trabajo en conjunto llevado por la fiscal\u00eda local de Los Andes, el cual se bas\u00f3 en an\u00e1lisis e inteligencia policial, lograron detener a dos personas que estaban siendo investigadas por el delito de tr\u00e1fico de drogas. El modo de operar de estos imputados consist\u00eda principalmente en que ellos, a trav\u00e9s de redes sociales, ofrec\u00edan queques que estaban confeccionados principalmente con cannabis sativa, donde a trav\u00e9s de un proceso de extracci\u00f3n del THC ellos utilizaban esta droga para confeccionar estos queques can\u00e1bicos. Producto de esta investigaci\u00f3n se logr\u00f3 la detenci\u00f3n de dos imputados, mayores de edad, sin antecedentes policiales, adem\u00e1s de incautar la cantidad de 82,1 gramos de cannabis, 1,51 gramos de hongos alucin\u00f3genos y la cantidad de 25 queques\u00a0 integrados con cannabis. Por instrucci\u00f3n del Ministerio P\u00fablico, uno de ellos qued\u00f3 apercibido bajo el art\u00edculo 26 del C\u00f3digo Procesal Penal, mientras que el segundo imputado fue puesto a disposici\u00f3n del Juzgado de Garant\u00eda por infractor a la ley 20.000 en su art\u00edculo 4, \u00f3 sea tr\u00e1fico il\u00edcito en peque\u00f1as cantidades\u00bb,<\/em> se\u00f1al\u00f3 <strong>Mauricio Fuentes,<\/strong> comisario de la Brigada Antinarc\u00f3ticos de la PDI de Los Andes.<\/p>\n<p style=\"text-align: justify;\">En cuanto a la misi\u00f3n que le correspond\u00eda a cada uno, desde la PDI se\u00f1alaron que el segundo sujeto detenido ser\u00eda el proveedor de la sustancia il\u00edcita.<\/p>\n<p style=\"text-align: justify;\">El primer sujeto, en tanto, de iniciales <strong>G.L.P.S.<\/strong>, de 20 a\u00f1os, que pas\u00f3 a control de detenci\u00f3n, qued\u00f3 en libertad fij\u00e1ndose una audiencia para salida alternativa en el mes de septiembre.<\/p>\n<p style=\"text-align: justify;\">\n<figure id=\"attachment_99474\" aria-describedby=\"caption-attachment-99474\" style=\"width: 580px\" class=\"wp-caption alignnone\"><img data-recalc-dims=\"1\" loading=\"lazy\" decoding=\"async\" class=\"size-full wp-image-99474\" src=\"https:\/\/i0.wp.com\/eltrabajo.cl\/portal\/wp-content\/uploads\/2020\/06\/Queques.jpg?resize=580%2C359&#038;ssl=1\" alt=\"Estos son los queques confeccionados con cannabis sativa y que eran promocionados v\u00eda redes sociales y entregados a domicilio.\" width=\"580\" height=\"359\" srcset=\"https:\/\/i0.wp.com\/eltrabajo.cl\/portal\/wp-content\/uploads\/2020\/06\/Queques.jpg?w=580&amp;ssl=1 580w, https:\/\/i0.wp.com\/eltrabajo.cl\/portal\/wp-content\/uploads\/2020\/06\/Queques.jpg?resize=300%2C186&amp;ssl=1 300w, https:\/\/i0.wp.com\/eltrabajo.cl\/portal\/wp-content\/uploads\/2020\/06\/Queques.jpg?resize=200%2C124&amp;ssl=1 200w, https:\/\/i0.wp.com\/eltrabajo.cl\/portal\/wp-content\/uploads\/2020\/06\/Queques.jpg?resize=150%2C93&amp;ssl=1 150w\" sizes=\"auto, (max-width: 580px) 100vw, 580px\" \/><figcaption id=\"caption-attachment-99474\" class=\"wp-caption-text\">Estos son los queques confeccionados con cannabis sativa y que eran promocionados v\u00eda redes sociales y entregados a domicilio.<\/figcaption><\/figure>\n","protected":false},"excerpt":{"rendered":"<p>Imputado asegur\u00f3 que ingres\u00f3 al rubro para paliar sus bajos ingresos econ\u00f3micos producto de la pandemia por el Covid-19. Junto a \u00e9l fue detenido tambi\u00e9n otro sujeto que le prove\u00eda la droga&#8230;.<\/p>\n","protected":false},"author":482,"featured_media":99474,"comment_status":"closed","ping_status":"closed","sticky":false,"template":"","format":"standard","meta":{"advanced_seo_description":"","jetpack_seo_html_title":"","jetpack_seo_noindex":false,"_jetpack_memberships_contains_paid_content":false,"footnotes":""},"categories":[21],"tags":[],"class_list":["post-99473","post","type-post","status-publish","format-standard","has-post-thumbnail","hentry","category-policial"],"jetpack_featured_media_url":"https:\/\/i0.wp.com\/eltrabajo.cl\/portal\/wp-content\/uploads\/2020\/06\/Queques.jpg?fit=580%2C359&ssl=1","jetpack_sharing_enabled":true,"jetpack_likes_enabled":true,"jetpack-related-posts":[],"_links":{"self":[{"href":"https:\/\/eltrabajo.cl\/portal\/wp-json\/wp\/v2\/posts\/99473","targetHints":{"allow":["GET"]}}],"collection":[{"href":"https:\/\/eltrabajo.cl\/portal\/wp-json\/wp\/v2\/posts"}],"about":[{"href":"https:\/\/eltrabajo.cl\/portal\/wp-json\/wp\/v2\/types\/post"}],"author":[{"embeddable":true,"href":"https:\/\/eltrabajo.cl\/portal\/wp-json\/wp\/v2\/users\/482"}],"replies":[{"embeddable":true,"href":"https:\/\/eltrabajo.cl\/portal\/wp-json\/wp\/v2\/comments?post=99473"}],"version-history":[{"count":0,"href":"https:\/\/eltrabajo.cl\/portal\/wp-json\/wp\/v2\/posts\/99473\/revisions"}],"wp:featuredmedia":[{"embeddable":true,"href":"https:\/\/eltrabajo.cl\/portal\/wp-json\/wp\/v2\/media\/99474"}],"wp:attachment":[{"href":"https:\/\/eltrabajo.cl\/portal\/wp-json\/wp\/v2\/media?parent=99473"}],"wp:term":[{"taxonomy":"category","embeddable":true,"href":"https:\/\/eltrabajo.cl\/portal\/wp-json\/wp\/v2\/categories?post=99473"},{"taxonomy":"post_tag","embeddable":true,"href":"https:\/\/eltrabajo.cl\/portal\/wp-json\/wp\/v2\/tags?post=99473"}],"curies":[{"name":"wp","href":"https:\/\/api.w.org\/{rel}","templated":true}]}}