{"id":99476,"date":"2020-06-11T07:55:17","date_gmt":"2020-06-11T11:55:17","guid":{"rendered":"https:\/\/www.eltrabajo.cl\/portal\/?p=99476"},"modified":"2020-06-10T21:30:19","modified_gmt":"2020-06-11T01:30:19","slug":"tres-familias-con-ninos-y-en-pobreza-extrema-necesitan-ayuda-humanitaria","status":"publish","type":"post","link":"https:\/\/eltrabajo.cl\/portal\/tres-familias-con-ninos-y-en-pobreza-extrema-necesitan-ayuda-humanitaria\/","title":{"rendered":"Tres familias con ni\u00f1os y en pobreza extrema necesitan ayuda humanitaria"},"content":{"rendered":"<p style=\"text-align: justify;\"><span style=\"color: #c81400;\"><strong>Drama de hambre y carencias hoy nos estremece:<\/strong><\/span><\/p>\n<p style=\"text-align: justify;\">Hoy una vez m\u00e1s se pone a prueba los corazones de nuestros lectores con la dram\u00e1tica situaci\u00f3n que est\u00e1n viviendo tres familias bolivianas residentes en Villa Las Palmeras (Venezuela 1036). Son once personas incluyendo ni\u00f1os chicos de varias edades. Se trata tambi\u00e9n de una situaci\u00f3n de carencias en alimentos, pa\u00f1ales, zapatos, utensilios de cocina, leche para los ni\u00f1os, ropa y trabajo.<\/p>\n<p style=\"text-align: justify;\">\n<p style=\"text-align: justify;\"><span style=\"color: #c81400;\"><strong>SUE\u00d1OS ROTOS<\/strong><\/span><\/p>\n<p style=\"text-align: justify;\">Seg\u00fan pudo investigar <strong>Diario El Trabajo<\/strong> en el lugar, estas tres familias llevan ya m\u00e1s de un a\u00f1o en nuestro pa\u00eds y lo poco que ganan es gracias a las jornadas como temporeros en Aconcagua, lo que en los \u00faltimos meses se les ha hecho m\u00e1s dif\u00edcil hallar trabajo. Nuestro medio habl\u00f3 este mi\u00e9rcoles con uno de los jefes de familia, <strong>Bismarc Mart\u00ednez<\/strong>, quien con el coraz\u00f3n destrozado nos relat\u00f3 su historia y la de todo el grupo familiar.<\/p>\n<p style=\"text-align: justify;\">&#8211; <strong>\u00bfC\u00f3mo est\u00e1n ustedes sobreviviendo a nivel laboral las tres familias en estos tiempos de Pandemia?<\/strong><\/p>\n<p style=\"text-align: justify;\">&#8211; En esta casa estamos viviendo tres familias con ni\u00f1os, soy padre de dos hijos. Esta pandemia nos afect\u00f3 mucho econ\u00f3micamente y laboralmente, pues todos nosotros somos trabajadores agr\u00edcolas, y tambi\u00e9n al no poder renovar nuestros documentos se nos complican m\u00e1s las posibilidades de poder trabajar. Hace pocos d\u00edas una persona de buen coraz\u00f3n nos dio trabajo por un tiempo corto, de momento estamos sobreviviendo con ese trabajito en el campo.<\/p>\n<p style=\"text-align: justify;\">&#8211; <strong>\u00bfDe qui\u00e9n est\u00e1n recibiendo ayuda en estos momentos en San Felipe?<\/strong><\/p>\n<p style=\"text-align: justify;\">&#8211; Hasta el momento no estamos recibiendo ayuda o beneficios de ninguna instituci\u00f3n, s\u00f3lo dependemos de nosotros.<\/p>\n<p style=\"text-align: justify;\">&#8211; <strong>\u00bfC\u00f3mo se sienten ustedes, los adultos, lejos de su tierra y con las necesidades que est\u00e1n pasando?<\/strong><\/p>\n<p style=\"text-align: justify;\">&#8211; La verdad que nos sentimos muy tristes, lejos de nuestros seres queridos y por lo mismo tampoco tenemos medios para comunicarnos con ellos.<\/p>\n<p style=\"text-align: justify;\">&#8211; <strong>\u00bfC\u00f3mo te sientes como pap\u00e1 al ver a tus hijos sin los recursos que ellos necesitan?<\/strong><\/p>\n<p style=\"text-align: justify;\">&#8211; Todos nosotros como padres nos sentimos con impotencia al ver que no podemos atender las necesidades b\u00e1sicas que ellos requieren.<\/p>\n<p style=\"text-align: justify;\">&#8211; <strong>\u00bfCu\u00e1les eran los sue\u00f1os de ustedes como grupo, cuando decidieron dejar su pa\u00eds y viajar a Chile?<\/strong><\/p>\n<p style=\"text-align: justify;\">&#8211; Todos so\u00f1\u00e1bamos superarnos econ\u00f3micamente y como todo inmigrante vinimos esperando construir un mejor futuro, pese a todo lo que estamos viviendo, seguimos agradecidos con este pa\u00eds que nos abri\u00f3 sus puertas.<\/p>\n<p style=\"text-align: justify;\">\n<p style=\"text-align: justify;\"><span style=\"color: #c81400;\"><strong>EN BANCARROTA<\/strong><\/span><\/p>\n<p style=\"text-align: justify;\"><strong>Diario El Trabajo<\/strong> pudo hacer una inspecci\u00f3n sobre las condiciones reales en que estas personas viven en una sola vivienda. A nuestra llegada nos encontramos con una \u00fanica cocinilla para preparar los alimentos a todas las 11 personas, dos peque\u00f1as ollas y pr\u00e1cticamente s\u00f3lo la mercader\u00eda que recibieron para los dos ni\u00f1os que est\u00e1n cursando su primero y sexto b\u00e1sico en una de las escuelas municipalizadas de nuestra comuna.<\/p>\n<p style=\"text-align: justify;\">No cuentan con Registro Social de Hogares, o sea, de las miles de cajas que se est\u00e1n entregando en el pa\u00eds, ni una sola de ellas recibir\u00e1n estas familias, pues no existen en el Sistema. Pero nos encontramos con m\u00e1s carencias, los beb\u00e9s no tienen sus pa\u00f1ales, necesitan ayuda humanitaria urgentemente.<\/p>\n<p style=\"text-align: justify;\">\n<p style=\"text-align: justify;\"><span style=\"color: #c81400;\"><strong>MIGRACI\u00d3N RESPONDE<\/strong><\/span><\/p>\n<p style=\"text-align: justify;\">Nuestro medio habl\u00f3 con <strong>Jorge Rubio<\/strong>, encargado de la Oficina Municipal de Migraci\u00f3n de San Felipe, quien al conocer los detalles de estas familias nos respondi\u00f3 que <em>\u00abeste jueves estaremos acompa\u00f1ando a la familia en su hogar para hacer un levantamiento social, tambi\u00e9n le daremos apoyo en el proceso de regulaci\u00f3n migratoria, de igual manera trataremos de dar alg\u00fan apoyo con las redes de bolivianos que se encuentran en la comuna y tambi\u00e9n trabajaremos con las distintas direcciones de la Municipalidad para ver su Registro Social de Hogares y as\u00ed ir integr\u00e1ndolos al proceso de vida comunal<\/em>\u00bb, recalc\u00f3 Rubio a <strong>Diario El Trabajo<\/strong>.<\/p>\n<p style=\"text-align: justify;\">\n<p style=\"text-align: justify;\"><span style=\"color: #c81400;\"><strong>PODEMOS AYUDAR<\/strong><\/span><\/p>\n<p style=\"text-align: justify;\">Seg\u00fan una lista hecha para ser publicada en esta cr\u00f3nica, lo que m\u00e1s urge en estos momentos para estas familias es: Leche en polvo o l\u00edquida; mercader\u00eda en general para el hogar; pa\u00f1ales XL, papel higi\u00e9nico, una lavadora pues no tienen; cobijas, ropa para ni\u00f1os entre 1 a\u00f1o a los 11 a\u00f1os de edad, zapatos para el mismo rango etario, una estufa o cocina, s\u00f3lo tienen una cocinilla; utensilios de cocina, vajillas; harina, levadura, tarros de jurel y alguna refrigeradora usada. Los interesados en cambiarle la vida a estas tres familias pueden llamar al +<strong>56 9 5762 9806<\/strong>.<\/p>\n<p style=\"text-align: justify;\"><strong>Roberto Gonz\u00e1lez Short<\/strong><\/p>\n<p style=\"text-align: justify;\">\n<figure id=\"attachment_99477\" aria-describedby=\"caption-attachment-99477\" style=\"width: 580px\" class=\"wp-caption alignnone\"><img data-recalc-dims=\"1\" loading=\"lazy\" decoding=\"async\" class=\"size-full wp-image-99477\" src=\"https:\/\/i0.wp.com\/eltrabajo.cl\/portal\/wp-content\/uploads\/2020\/06\/Bolivianos1.jpg?resize=580%2C358&#038;ssl=1\" alt=\"URGENTE.- Ellos son nueve de las once personas que viven todos en una sola casa, cocinan con una peque\u00f1a cocinilla de gas y hoy necesitan de nuestra ayuda.\" width=\"580\" height=\"358\" srcset=\"https:\/\/i0.wp.com\/eltrabajo.cl\/portal\/wp-content\/uploads\/2020\/06\/Bolivianos1.jpg?w=580&amp;ssl=1 580w, https:\/\/i0.wp.com\/eltrabajo.cl\/portal\/wp-content\/uploads\/2020\/06\/Bolivianos1.jpg?resize=300%2C185&amp;ssl=1 300w, https:\/\/i0.wp.com\/eltrabajo.cl\/portal\/wp-content\/uploads\/2020\/06\/Bolivianos1.jpg?resize=200%2C123&amp;ssl=1 200w, https:\/\/i0.wp.com\/eltrabajo.cl\/portal\/wp-content\/uploads\/2020\/06\/Bolivianos1.jpg?resize=150%2C93&amp;ssl=1 150w\" sizes=\"auto, (max-width: 580px) 100vw, 580px\" \/><figcaption id=\"caption-attachment-99477\" class=\"wp-caption-text\">URGENTE.- Ellos son nueve de las once personas que viven todos en una sola casa, cocinan con una peque\u00f1a cocinilla de gas y hoy necesitan de nuestra ayuda.<\/figcaption><\/figure>\n<figure id=\"attachment_99478\" aria-describedby=\"caption-attachment-99478\" style=\"width: 580px\" class=\"wp-caption alignnone\"><img data-recalc-dims=\"1\" loading=\"lazy\" decoding=\"async\" class=\"size-full wp-image-99478\" src=\"https:\/\/i0.wp.com\/eltrabajo.cl\/portal\/wp-content\/uploads\/2020\/06\/Bolivianos2.jpg?resize=580%2C359&#038;ssl=1\" alt=\"AYUDEMOS TODOS.- Do\u00f1a \u00c1ngela Cartagena Grande, abuela de los chicos, cocinaba ayer los pocos alimentos que tienen para sus hijos y nietos.\" width=\"580\" height=\"359\" srcset=\"https:\/\/i0.wp.com\/eltrabajo.cl\/portal\/wp-content\/uploads\/2020\/06\/Bolivianos2.jpg?w=580&amp;ssl=1 580w, https:\/\/i0.wp.com\/eltrabajo.cl\/portal\/wp-content\/uploads\/2020\/06\/Bolivianos2.jpg?resize=300%2C186&amp;ssl=1 300w, https:\/\/i0.wp.com\/eltrabajo.cl\/portal\/wp-content\/uploads\/2020\/06\/Bolivianos2.jpg?resize=200%2C124&amp;ssl=1 200w, https:\/\/i0.wp.com\/eltrabajo.cl\/portal\/wp-content\/uploads\/2020\/06\/Bolivianos2.jpg?resize=150%2C93&amp;ssl=1 150w\" sizes=\"auto, (max-width: 580px) 100vw, 580px\" \/><figcaption id=\"caption-attachment-99478\" class=\"wp-caption-text\">AYUDEMOS TODOS.- Do\u00f1a \u00c1ngela Cartagena Grande, abuela de los chicos, cocinaba ayer los pocos alimentos que tienen para sus hijos y nietos.<\/figcaption><\/figure>\n<figure id=\"attachment_99479\" aria-describedby=\"caption-attachment-99479\" style=\"width: 580px\" class=\"wp-caption alignnone\"><img data-recalc-dims=\"1\" loading=\"lazy\" decoding=\"async\" class=\"size-full wp-image-99479\" src=\"https:\/\/i0.wp.com\/eltrabajo.cl\/portal\/wp-content\/uploads\/2020\/06\/Bolivianos3.jpg?resize=580%2C358&#038;ssl=1\" alt=\"NECESITAN DE TODO.- En esta cocinilla a gas cocinan para las tres familias, s\u00f3lo esas ollas tienen estas personas.\" width=\"580\" height=\"358\" srcset=\"https:\/\/i0.wp.com\/eltrabajo.cl\/portal\/wp-content\/uploads\/2020\/06\/Bolivianos3.jpg?w=580&amp;ssl=1 580w, https:\/\/i0.wp.com\/eltrabajo.cl\/portal\/wp-content\/uploads\/2020\/06\/Bolivianos3.jpg?resize=300%2C185&amp;ssl=1 300w, https:\/\/i0.wp.com\/eltrabajo.cl\/portal\/wp-content\/uploads\/2020\/06\/Bolivianos3.jpg?resize=200%2C123&amp;ssl=1 200w, https:\/\/i0.wp.com\/eltrabajo.cl\/portal\/wp-content\/uploads\/2020\/06\/Bolivianos3.jpg?resize=150%2C93&amp;ssl=1 150w\" sizes=\"auto, (max-width: 580px) 100vw, 580px\" \/><figcaption id=\"caption-attachment-99479\" class=\"wp-caption-text\">NECESITAN DE TODO.- En esta cocinilla a gas cocinan para las tres familias, s\u00f3lo esas ollas tienen estas personas.<\/figcaption><\/figure>\n<figure id=\"attachment_99481\" aria-describedby=\"caption-attachment-99481\" style=\"width: 578px\" class=\"wp-caption alignnone\"><img data-recalc-dims=\"1\" loading=\"lazy\" decoding=\"async\" class=\"size-full wp-image-99481\" src=\"https:\/\/i0.wp.com\/eltrabajo.cl\/portal\/wp-content\/uploads\/2020\/06\/Bolivianos_Jorge-Rubio.jpg?resize=578%2C600&#038;ssl=1\" alt=\"Jorge Rubio, encargado de la Oficina Municipal de Migraci\u00f3n de San Felipe.\" width=\"578\" height=\"600\" srcset=\"https:\/\/i0.wp.com\/eltrabajo.cl\/portal\/wp-content\/uploads\/2020\/06\/Bolivianos_Jorge-Rubio.jpg?w=578&amp;ssl=1 578w, https:\/\/i0.wp.com\/eltrabajo.cl\/portal\/wp-content\/uploads\/2020\/06\/Bolivianos_Jorge-Rubio.jpg?resize=289%2C300&amp;ssl=1 289w, https:\/\/i0.wp.com\/eltrabajo.cl\/portal\/wp-content\/uploads\/2020\/06\/Bolivianos_Jorge-Rubio.jpg?resize=145%2C150&amp;ssl=1 145w\" sizes=\"auto, (max-width: 578px) 100vw, 578px\" \/><figcaption id=\"caption-attachment-99481\" class=\"wp-caption-text\">Jorge Rubio, encargado de la Oficina Municipal de Migraci\u00f3n de San Felipe.<\/figcaption><\/figure>\n<figure id=\"attachment_99480\" aria-describedby=\"caption-attachment-99480\" style=\"width: 580px\" class=\"wp-caption alignnone\"><img data-recalc-dims=\"1\" loading=\"lazy\" decoding=\"async\" class=\"size-full wp-image-99480\" src=\"https:\/\/i0.wp.com\/eltrabajo.cl\/portal\/wp-content\/uploads\/2020\/06\/Bolivianos_Bismarc-Martinez.jpg?resize=580%2C600&#038;ssl=1\" alt=\"Bismarc Mart\u00ednez, uno de los padres de familia que habl\u00f3 ayer con nuestro medio.\" width=\"580\" height=\"600\" srcset=\"https:\/\/i0.wp.com\/eltrabajo.cl\/portal\/wp-content\/uploads\/2020\/06\/Bolivianos_Bismarc-Martinez.jpg?w=580&amp;ssl=1 580w, https:\/\/i0.wp.com\/eltrabajo.cl\/portal\/wp-content\/uploads\/2020\/06\/Bolivianos_Bismarc-Martinez.jpg?resize=290%2C300&amp;ssl=1 290w, https:\/\/i0.wp.com\/eltrabajo.cl\/portal\/wp-content\/uploads\/2020\/06\/Bolivianos_Bismarc-Martinez.jpg?resize=145%2C150&amp;ssl=1 145w\" sizes=\"auto, (max-width: 580px) 100vw, 580px\" \/><figcaption id=\"caption-attachment-99480\" class=\"wp-caption-text\">Bismarc Mart\u00ednez, uno de los padres de familia que habl\u00f3 ayer con nuestro medio.<\/figcaption><\/figure>\n","protected":false},"excerpt":{"rendered":"<p>Drama de hambre y carencias hoy nos estremece: Hoy una vez m\u00e1s se pone a prueba los corazones de nuestros lectores con la dram\u00e1tica situaci\u00f3n que est\u00e1n viviendo tres familias bolivianas residentes&#8230;<\/p>\n","protected":false},"author":482,"featured_media":99477,"comment_status":"closed","ping_status":"closed","sticky":false,"template":"","format":"standard","meta":{"advanced_seo_description":"","jetpack_seo_html_title":"","jetpack_seo_noindex":false,"_jetpack_memberships_contains_paid_content":false,"footnotes":""},"categories":[15],"tags":[],"class_list":["post-99476","post","type-post","status-publish","format-standard","has-post-thumbnail","hentry","category-comunidad"],"jetpack_featured_media_url":"https:\/\/i0.wp.com\/eltrabajo.cl\/portal\/wp-content\/uploads\/2020\/06\/Bolivianos1.jpg?fit=580%2C358&ssl=1","jetpack_sharing_enabled":true,"jetpack_likes_enabled":true,"jetpack-related-posts":[],"_links":{"self":[{"href":"https:\/\/eltrabajo.cl\/portal\/wp-json\/wp\/v2\/posts\/99476","targetHints":{"allow":["GET"]}}],"collection":[{"href":"https:\/\/eltrabajo.cl\/portal\/wp-json\/wp\/v2\/posts"}],"about":[{"href":"https:\/\/eltrabajo.cl\/portal\/wp-json\/wp\/v2\/types\/post"}],"author":[{"embeddable":true,"href":"https:\/\/eltrabajo.cl\/portal\/wp-json\/wp\/v2\/users\/482"}],"replies":[{"embeddable":true,"href":"https:\/\/eltrabajo.cl\/portal\/wp-json\/wp\/v2\/comments?post=99476"}],"version-history":[{"count":0,"href":"https:\/\/eltrabajo.cl\/portal\/wp-json\/wp\/v2\/posts\/99476\/revisions"}],"wp:featuredmedia":[{"embeddable":true,"href":"https:\/\/eltrabajo.cl\/portal\/wp-json\/wp\/v2\/media\/99477"}],"wp:attachment":[{"href":"https:\/\/eltrabajo.cl\/portal\/wp-json\/wp\/v2\/media?parent=99476"}],"wp:term":[{"taxonomy":"category","embeddable":true,"href":"https:\/\/eltrabajo.cl\/portal\/wp-json\/wp\/v2\/categories?post=99476"},{"taxonomy":"post_tag","embeddable":true,"href":"https:\/\/eltrabajo.cl\/portal\/wp-json\/wp\/v2\/tags?post=99476"}],"curies":[{"name":"wp","href":"https:\/\/api.w.org\/{rel}","templated":true}]}}