{"id":99483,"date":"2020-06-10T21:30:30","date_gmt":"2020-06-11T01:30:30","guid":{"rendered":"https:\/\/www.eltrabajo.cl\/portal\/?p=99483"},"modified":"2020-06-11T22:51:12","modified_gmt":"2020-06-12T02:51:12","slug":"lactante-de-seis-meses-fallece-por-asfixia-cuando-dormia-junto-a-hermanos","status":"publish","type":"post","link":"https:\/\/eltrabajo.cl\/portal\/lactante-de-seis-meses-fallece-por-asfixia-cuando-dormia-junto-a-hermanos\/","title":{"rendered":"Lactante de seis meses fallece por asfixia cuando dorm\u00eda junto a hermanos"},"content":{"rendered":"<p style=\"text-align: justify;\"><span style=\"color: #c81400;\"><strong>\u00a1Tragedia familiar en Llay Llay!<\/strong><\/span><\/p>\n<p style=\"text-align: justify;\">Un lamentable hecho se produjo este martes en la madrugada cuando Carabineros de la Subcomisar\u00eda de Llay Llay recibi\u00f3 un llamado que en un domicilio de la Villa Santa Teresa, un menor de 6 meses estaba pasando por una emergencia respiratoria que a la postre le cost\u00f3 la vida.<\/p>\n<p style=\"text-align: justify;\">Al respecto el capit\u00e1n de Carabineros de Llay Llay, <strong>Rafael Ram\u00edrez<\/strong>, indic\u00f3 a nuestro medio que este hecho lamentable ocurri\u00f3 el martes en la ma\u00f1ana: <em>\u00abEfectivamente esto ocurri\u00f3 el d\u00eda de ayer (martes), aproximadamente a las nueve de la ma\u00f1ana nos llamaron a nosotros, donde la madre de esta lactante se\u00f1ala que a su hija la hab\u00edan encontrado en horas de la ma\u00f1ana sin signos vitales acostada en la cama. A ra\u00edz de eso, ellos llaman a personal del SAMU en primer lugar, ellos llegaron en primera instancia a verificar el procedimiento y efectivamente era as\u00ed, esta menor se encontraba sin signos vitales en la cama y personal del SAMU estuvo aproximadamente unos cuarenta minutos haciendo reanimaci\u00f3n, lamentablemente con un resultado fatal\u00bb,<\/em> dijo.<\/p>\n<p style=\"text-align: justify;\">&#8211; <strong>\u00bfCu\u00e1l es la informaci\u00f3n preliminar de c\u00f3mo se produce este fallecimiento?<\/strong><\/p>\n<p style=\"text-align: justify;\">&#8211; Lo que nos se\u00f1ala a nosotros el reanimador que estaba del SAMU, es que en primera instancia se habr\u00eda originado por un paro cardiorrespiratorio, al parecer, ah\u00ed estamos viendo nosotros, es materia de investigaci\u00f3n, ser\u00eda producto que uno de sus hermanos de seis a\u00f1os se habr\u00eda quedado dormido sobre la beb\u00e9.<\/p>\n<p style=\"text-align: justify;\">&#8211; <strong>\u00bfEso es lo preliminar que se sabe en el fondo?<\/strong><\/p>\n<p style=\"text-align: justify;\">&#8211; Exacto.<\/p>\n<p style=\"text-align: justify;\">&#8211; <strong>\u00bfEstaba durmiendo solamente con ese hermano o con otros?<\/strong><\/p>\n<p style=\"text-align: justify;\">&#8211; Con \u00e9l.<\/p>\n<p style=\"text-align: justify;\">En el lugar se constituy\u00f3 personal de la Brigada de Homicidios (BH) de la PDI de Los Andes que realiz\u00f3 las diligencias del caso para posteriormente informar al Ministerio P\u00fablico.<\/p>\n<p style=\"text-align: justify;\">De todas maneras <strong>Marcelo Lazen<\/strong>, comisario de la BH, indic\u00f3 al portal www.elaconcagua.cl, que en la inspecci\u00f3n externa realizada al cad\u00e1ver no se observaron lesiones atribuibles a terceras personas. Por lo que hasta este minuto, la causa de muerte es indeterminada. Ser\u00e1 la autopsia realizada por el SML que indicar\u00e1 finalmente el motivo del fallecimiento de esta lactante de seis meses.<\/p>\n<p style=\"text-align: justify;\">En cuanto a las circunstancias en que se produce este lamentable hecho, el comisario se\u00f1al\u00f3 que a eso de las once de la noche la madre dej\u00f3 a la menor durmiendo en la misma cama con sus hermanos de cuatro y siete a\u00f1os, y a eso de las seis de la ma\u00f1ana, cuando la fue a ver al dormitorio, encontr\u00f3 que estaba sin signos vitales, percat\u00e1ndose que su hijo mayor, el de siete a\u00f1os, ten\u00eda sus piernas sobre la cabeza de la ni\u00f1a.<\/p>\n<p style=\"text-align: justify;\">El comisario fue cauto al momento de indicar la causa basal de la muerte, atinando a decir que una de las hip\u00f3tesis que manejan\u00a0 es la\u00a0 asfixia por sofocaci\u00f3n, sin embargo volvi\u00f3 a reiterar que ser\u00e1 la autopsia la que determine la causa del fallecimiento.<\/p>\n<p style=\"text-align: justify;\">Consultado el oficial por el mismo portal respecto a las responsabilidades existentes en el deceso de la menor, \u00e9ste precis\u00f3 que para ello deben esperarse los resultados de algunos peritajes; <em>\u00abporque debemos indagar m\u00e1s profundamente sobre este hecho y poder determinar si existe alguna responsabilidad, en este caso de los padres\u00bb,<\/em> se\u00f1al\u00f3 Lazen.<\/p>\n<p style=\"text-align: justify;\">Este \u00faltimo agreg\u00f3 que el primero en socorrer a la menor al verla sin signos vitales fue su padre, luego personal del SAMU; <em>\u00aben las indagatorias qued\u00f3 establecido que el primero en intentar reanimarla fue el padre de la menor y posteriormente llega el SAMU que estuvo haciendo maniobras por casi 40 minutos, pero lamentablemente no se pudo salvar la menor\u00bb.<\/em><\/p>\n<figure id=\"attachment_99484\" aria-describedby=\"caption-attachment-99484\" style=\"width: 580px\" class=\"wp-caption alignnone\"><img data-recalc-dims=\"1\" loading=\"lazy\" decoding=\"async\" class=\"size-full wp-image-99484\" src=\"https:\/\/i0.wp.com\/eltrabajo.cl\/portal\/wp-content\/uploads\/2020\/06\/lactante.jpg?resize=580%2C360&#038;ssl=1\" alt=\"La camioneta del SML en el lugar de la tragedia. (Foto elaconcagua.cl).\" width=\"580\" height=\"360\" srcset=\"https:\/\/i0.wp.com\/eltrabajo.cl\/portal\/wp-content\/uploads\/2020\/06\/lactante.jpg?w=580&amp;ssl=1 580w, https:\/\/i0.wp.com\/eltrabajo.cl\/portal\/wp-content\/uploads\/2020\/06\/lactante.jpg?resize=300%2C186&amp;ssl=1 300w, https:\/\/i0.wp.com\/eltrabajo.cl\/portal\/wp-content\/uploads\/2020\/06\/lactante.jpg?resize=200%2C124&amp;ssl=1 200w, https:\/\/i0.wp.com\/eltrabajo.cl\/portal\/wp-content\/uploads\/2020\/06\/lactante.jpg?resize=150%2C93&amp;ssl=1 150w\" sizes=\"auto, (max-width: 580px) 100vw, 580px\" \/><figcaption id=\"caption-attachment-99484\" class=\"wp-caption-text\">La camioneta del SML en el lugar de la tragedia. (Foto elaconcagua.cl).<\/figcaption><\/figure>\n","protected":false},"excerpt":{"rendered":"<p>\u00a1Tragedia familiar en Llay Llay! Un lamentable hecho se produjo este martes en la madrugada cuando Carabineros de la Subcomisar\u00eda de Llay Llay recibi\u00f3 un llamado que en un domicilio de la&#8230;<\/p>\n","protected":false},"author":482,"featured_media":99484,"comment_status":"closed","ping_status":"closed","sticky":false,"template":"","format":"standard","meta":{"advanced_seo_description":"","jetpack_seo_html_title":"","jetpack_seo_noindex":false,"_jetpack_memberships_contains_paid_content":false,"footnotes":""},"categories":[21],"tags":[],"class_list":["post-99483","post","type-post","status-publish","format-standard","has-post-thumbnail","hentry","category-policial"],"jetpack_featured_media_url":"https:\/\/i0.wp.com\/eltrabajo.cl\/portal\/wp-content\/uploads\/2020\/06\/lactante.jpg?fit=580%2C360&ssl=1","jetpack_sharing_enabled":true,"jetpack_likes_enabled":true,"jetpack-related-posts":[],"_links":{"self":[{"href":"https:\/\/eltrabajo.cl\/portal\/wp-json\/wp\/v2\/posts\/99483","targetHints":{"allow":["GET"]}}],"collection":[{"href":"https:\/\/eltrabajo.cl\/portal\/wp-json\/wp\/v2\/posts"}],"about":[{"href":"https:\/\/eltrabajo.cl\/portal\/wp-json\/wp\/v2\/types\/post"}],"author":[{"embeddable":true,"href":"https:\/\/eltrabajo.cl\/portal\/wp-json\/wp\/v2\/users\/482"}],"replies":[{"embeddable":true,"href":"https:\/\/eltrabajo.cl\/portal\/wp-json\/wp\/v2\/comments?post=99483"}],"version-history":[{"count":0,"href":"https:\/\/eltrabajo.cl\/portal\/wp-json\/wp\/v2\/posts\/99483\/revisions"}],"wp:featuredmedia":[{"embeddable":true,"href":"https:\/\/eltrabajo.cl\/portal\/wp-json\/wp\/v2\/media\/99484"}],"wp:attachment":[{"href":"https:\/\/eltrabajo.cl\/portal\/wp-json\/wp\/v2\/media?parent=99483"}],"wp:term":[{"taxonomy":"category","embeddable":true,"href":"https:\/\/eltrabajo.cl\/portal\/wp-json\/wp\/v2\/categories?post=99483"},{"taxonomy":"post_tag","embeddable":true,"href":"https:\/\/eltrabajo.cl\/portal\/wp-json\/wp\/v2\/tags?post=99483"}],"curies":[{"name":"wp","href":"https:\/\/api.w.org\/{rel}","templated":true}]}}