{"id":99490,"date":"2020-06-11T22:21:00","date_gmt":"2020-06-12T02:21:00","guid":{"rendered":"https:\/\/www.eltrabajo.cl\/portal\/?p=99490"},"modified":"2020-06-11T22:21:00","modified_gmt":"2020-06-12T02:21:00","slug":"los-andes-dara-enorme-paso-adelante-al-adjudicarse-moderno-polideportivo","status":"publish","type":"post","link":"https:\/\/eltrabajo.cl\/portal\/los-andes-dara-enorme-paso-adelante-al-adjudicarse-moderno-polideportivo\/","title":{"rendered":"Los Andes dar\u00e1 enorme paso adelante al adjudicarse moderno Polideportivo"},"content":{"rendered":"<p style=\"text-align: justify;\">Los Andes fue una de las catorce ciudades seleccionadas en las que se construir\u00e1n modernos polideportivos. Las colosales obras tienen como objetivo central combatir el sedentarismo y fomentar el empleo en plena \u00e9poca del Covid\u201319.<\/p>\n<p style=\"text-align: justify;\">La noticia que se conoci\u00f3 en horas de la ma\u00f1ana de ayer, remeci\u00f3 el valle de Aconcagua debido a que San Felipe tambi\u00e9n postulaba a tener uno de estos recintos, pero en lo que ya parece un cuento de nunca acabar en la \u2018Ciudad Fuerte y Feliz\u2019, todo se qued\u00f3 en aspiraciones. Tal como anteriormente pas\u00f3 con el nuevo Estadio.<\/p>\n<p style=\"text-align: justify;\">El complejo deportivo deber\u00e1 estar abierto a toda la comunidad de la provincia de Los Andes y apuntar\u00e1 b\u00e1sicamente a que el ciudadano com\u00fan y corriente pueda acceder a infraestructura deportiva de primer nivel. Estos recintos formar\u00e1n parte de la pol\u00edtica nacional deportiva del actual gobierno, que se comprometi\u00f3 a tener 30 de estos centros de aqu\u00ed al 2022.<\/p>\n<p style=\"text-align: justify;\">Las obras comenzar\u00e1n a ejecutarse en el mes de octubre, y junto a Los Andes, tambi\u00e9n fueron seleccionadas las comunas de Iquique, Calama, Tocopilla, Quintero, Santa Cruz, Rancagua, Pichilemu, Ca\u00f1ete, Padre Las Casas, Puc\u00f3n, Loncoche, Valdivia y Buin.<\/p>\n<p><strong>Jorge Vega Oses<\/strong><\/p>\n<p style=\"text-align: justify;\">\n<figure id=\"attachment_99491\" aria-describedby=\"caption-attachment-99491\" style=\"width: 580px\" class=\"wp-caption alignnone\"><img data-recalc-dims=\"1\" loading=\"lazy\" decoding=\"async\" class=\"size-full wp-image-99491\" src=\"https:\/\/i0.wp.com\/eltrabajo.cl\/portal\/wp-content\/uploads\/2020\/06\/polideportivo.jpg?resize=580%2C360&#038;ssl=1\" alt=\"Los Andes se pondr\u00e1 a la altura de las grandes ciudades del pa\u00eds con su moderno Polideportivo. En la imagen, el polideportivo de \u00d1u\u00f1oa.\" width=\"580\" height=\"360\" srcset=\"https:\/\/i0.wp.com\/eltrabajo.cl\/portal\/wp-content\/uploads\/2020\/06\/polideportivo.jpg?w=580&amp;ssl=1 580w, https:\/\/i0.wp.com\/eltrabajo.cl\/portal\/wp-content\/uploads\/2020\/06\/polideportivo.jpg?resize=300%2C186&amp;ssl=1 300w, https:\/\/i0.wp.com\/eltrabajo.cl\/portal\/wp-content\/uploads\/2020\/06\/polideportivo.jpg?resize=200%2C124&amp;ssl=1 200w, https:\/\/i0.wp.com\/eltrabajo.cl\/portal\/wp-content\/uploads\/2020\/06\/polideportivo.jpg?resize=150%2C93&amp;ssl=1 150w\" sizes=\"auto, (max-width: 580px) 100vw, 580px\" \/><figcaption id=\"caption-attachment-99491\" class=\"wp-caption-text\">Los Andes se pondr\u00e1 a la altura de las grandes ciudades del pa\u00eds con su moderno Polideportivo. En la imagen, el polideportivo de \u00d1u\u00f1oa.<\/figcaption><\/figure>\n","protected":false},"excerpt":{"rendered":"<p>Los Andes fue una de las catorce ciudades seleccionadas en las que se construir\u00e1n modernos polideportivos. Las colosales obras tienen como objetivo central combatir el sedentarismo y fomentar el empleo en plena&#8230;<\/p>\n","protected":false},"author":482,"featured_media":99491,"comment_status":"closed","ping_status":"closed","sticky":false,"template":"","format":"standard","meta":{"advanced_seo_description":"","jetpack_seo_html_title":"","jetpack_seo_noindex":false,"_jetpack_memberships_contains_paid_content":false,"footnotes":""},"categories":[19],"tags":[],"class_list":["post-99490","post","type-post","status-publish","format-standard","has-post-thumbnail","hentry","category-deportes"],"jetpack_featured_media_url":"https:\/\/i0.wp.com\/eltrabajo.cl\/portal\/wp-content\/uploads\/2020\/06\/polideportivo.jpg?fit=580%2C360&ssl=1","jetpack_sharing_enabled":true,"jetpack_likes_enabled":true,"jetpack-related-posts":[],"_links":{"self":[{"href":"https:\/\/eltrabajo.cl\/portal\/wp-json\/wp\/v2\/posts\/99490","targetHints":{"allow":["GET"]}}],"collection":[{"href":"https:\/\/eltrabajo.cl\/portal\/wp-json\/wp\/v2\/posts"}],"about":[{"href":"https:\/\/eltrabajo.cl\/portal\/wp-json\/wp\/v2\/types\/post"}],"author":[{"embeddable":true,"href":"https:\/\/eltrabajo.cl\/portal\/wp-json\/wp\/v2\/users\/482"}],"replies":[{"embeddable":true,"href":"https:\/\/eltrabajo.cl\/portal\/wp-json\/wp\/v2\/comments?post=99490"}],"version-history":[{"count":0,"href":"https:\/\/eltrabajo.cl\/portal\/wp-json\/wp\/v2\/posts\/99490\/revisions"}],"wp:featuredmedia":[{"embeddable":true,"href":"https:\/\/eltrabajo.cl\/portal\/wp-json\/wp\/v2\/media\/99491"}],"wp:attachment":[{"href":"https:\/\/eltrabajo.cl\/portal\/wp-json\/wp\/v2\/media?parent=99490"}],"wp:term":[{"taxonomy":"category","embeddable":true,"href":"https:\/\/eltrabajo.cl\/portal\/wp-json\/wp\/v2\/categories?post=99490"},{"taxonomy":"post_tag","embeddable":true,"href":"https:\/\/eltrabajo.cl\/portal\/wp-json\/wp\/v2\/tags?post=99490"}],"curies":[{"name":"wp","href":"https:\/\/api.w.org\/{rel}","templated":true}]}}