{"id":99493,"date":"2020-06-11T22:23:13","date_gmt":"2020-06-12T02:23:13","guid":{"rendered":"https:\/\/www.eltrabajo.cl\/portal\/?p=99493"},"modified":"2020-06-11T22:23:13","modified_gmt":"2020-06-12T02:23:13","slug":"carabineros-desbarata-banda-que-se-dedicaba-al-trafico-y-venta-de-droga","status":"publish","type":"post","link":"https:\/\/eltrabajo.cl\/portal\/carabineros-desbarata-banda-que-se-dedicaba-al-trafico-y-venta-de-droga\/","title":{"rendered":"Carabineros desbarata banda que se dedicaba al tr\u00e1fico y venta de droga"},"content":{"rendered":"<p style=\"text-align: justify;\">Un importante golde a la delincuencia dio la secci\u00f3n OS7 de Carabineros de la Prefectura Aconcagua, tras desbaratar una banda que se dedicaba al tr\u00e1fico y comercializaci\u00f3n de droga en la regi\u00f3n.<\/p>\n<p style=\"text-align: justify;\">Tras la investigaci\u00f3n, el operativo arroj\u00f3 cuatro personas detenidas, quienes fueron puestos a disposici\u00f3n del Tribunal por la tenencia de m\u00e1s de 137 mil dosis\u00a0 de droga, adem\u00e1s de una importante cantidad de dinero, suma avaluada en 140 millones de pesos. El l\u00edder de la banda, autodenominado \u2018El Patr\u00f3n de Quilimary\u2019, planeaba enviar, traficar y comercializar estas dosis en las regiones de Valpara\u00edso y Metropolitana.<\/p>\n<p style=\"text-align: justify;\">La investigaci\u00f3n, adem\u00e1s, arroj\u00f3 el decomiso de veh\u00edculos que utilizaban para el transporte de la droga, la que tambi\u00e9n lograban ocultar en tubos de PVC.<\/p>\n<p style=\"text-align: justify;\">Carabineros, junto al Ministerio P\u00fablico, dieron cuenta de este trabajo mancomunado que data desde el a\u00f1o 2019 y que arroj\u00f3 estos positivos resultados en la investigaci\u00f3n.<\/p>\n<p style=\"text-align: justify;\">El gobernador <strong>Sergio Salazar<\/strong> reconoci\u00f3 el trabajo coordinado realizado por la Prefectura de Carabineros Aconcagua, que permiti\u00f3 desbaratar esta banda. La autoridad provincial destac\u00f3 que m\u00e1s all\u00e1 de la emergencia sanitaria, producida por la pandemia, las polic\u00edas contin\u00faan haciendo su trabajo\u00a0 y en especial en temas como la lucha contra el narcotr\u00e1fico.<\/p>\n<p style=\"text-align: justify;\">\n<figure id=\"attachment_99495\" aria-describedby=\"caption-attachment-99495\" style=\"width: 580px\" class=\"wp-caption alignnone\"><img data-recalc-dims=\"1\" loading=\"lazy\" decoding=\"async\" class=\"size-full wp-image-99495\" src=\"https:\/\/i0.wp.com\/eltrabajo.cl\/portal\/wp-content\/uploads\/2020\/06\/drogas.jpg?resize=580%2C358&#038;ssl=1\" alt=\"M\u00e1s de 137 mil dosis  de droga avaluada en 140 millones de pesos, adem\u00e1s de una importante cantidad de dinero en efectivo, decomis\u00f3 personal del OPS7 de Carabineros de Aconcagua.\" width=\"580\" height=\"358\" srcset=\"https:\/\/i0.wp.com\/eltrabajo.cl\/portal\/wp-content\/uploads\/2020\/06\/drogas.jpg?w=580&amp;ssl=1 580w, https:\/\/i0.wp.com\/eltrabajo.cl\/portal\/wp-content\/uploads\/2020\/06\/drogas.jpg?resize=300%2C185&amp;ssl=1 300w, https:\/\/i0.wp.com\/eltrabajo.cl\/portal\/wp-content\/uploads\/2020\/06\/drogas.jpg?resize=200%2C123&amp;ssl=1 200w, https:\/\/i0.wp.com\/eltrabajo.cl\/portal\/wp-content\/uploads\/2020\/06\/drogas.jpg?resize=150%2C93&amp;ssl=1 150w\" sizes=\"auto, (max-width: 580px) 100vw, 580px\" \/><figcaption id=\"caption-attachment-99495\" class=\"wp-caption-text\">M\u00e1s de 137 mil dosis de droga avaluada en 140 millones de pesos, adem\u00e1s de una importante cantidad de dinero en efectivo, decomis\u00f3 personal del OPS7 de Carabineros de Aconcagua.<\/figcaption><\/figure>\n<figure id=\"attachment_99494\" aria-describedby=\"caption-attachment-99494\" style=\"width: 580px\" class=\"wp-caption alignnone\"><img data-recalc-dims=\"1\" loading=\"lazy\" decoding=\"async\" class=\"size-full wp-image-99494\" src=\"https:\/\/i0.wp.com\/eltrabajo.cl\/portal\/wp-content\/uploads\/2020\/06\/drogas-vehiculos.jpg?resize=580%2C360&#038;ssl=1\" alt=\"La investigaci\u00f3n, adem\u00e1s, arroj\u00f3 el decomiso de veh\u00edculos que utilizaban para el transporte de la droga, la que tambi\u00e9n lograban ocultar en tubos de PVC.\" width=\"580\" height=\"360\" srcset=\"https:\/\/i0.wp.com\/eltrabajo.cl\/portal\/wp-content\/uploads\/2020\/06\/drogas-vehiculos.jpg?w=580&amp;ssl=1 580w, https:\/\/i0.wp.com\/eltrabajo.cl\/portal\/wp-content\/uploads\/2020\/06\/drogas-vehiculos.jpg?resize=300%2C186&amp;ssl=1 300w, https:\/\/i0.wp.com\/eltrabajo.cl\/portal\/wp-content\/uploads\/2020\/06\/drogas-vehiculos.jpg?resize=200%2C124&amp;ssl=1 200w, https:\/\/i0.wp.com\/eltrabajo.cl\/portal\/wp-content\/uploads\/2020\/06\/drogas-vehiculos.jpg?resize=150%2C93&amp;ssl=1 150w\" sizes=\"auto, (max-width: 580px) 100vw, 580px\" \/><figcaption id=\"caption-attachment-99494\" class=\"wp-caption-text\">La investigaci\u00f3n, adem\u00e1s, arroj\u00f3 el decomiso de veh\u00edculos que utilizaban para el transporte de la droga, la que tambi\u00e9n lograban ocultar en tubos de PVC.<\/figcaption><\/figure>\n","protected":false},"excerpt":{"rendered":"<p>Un importante golde a la delincuencia dio la secci\u00f3n OS7 de Carabineros de la Prefectura Aconcagua, tras desbaratar una banda que se dedicaba al tr\u00e1fico y comercializaci\u00f3n de droga en la regi\u00f3n&#8230;.<\/p>\n","protected":false},"author":482,"featured_media":99495,"comment_status":"closed","ping_status":"closed","sticky":false,"template":"","format":"standard","meta":{"advanced_seo_description":"","jetpack_seo_html_title":"","jetpack_seo_noindex":false,"_jetpack_memberships_contains_paid_content":false,"footnotes":""},"categories":[21],"tags":[],"class_list":["post-99493","post","type-post","status-publish","format-standard","has-post-thumbnail","hentry","category-policial"],"jetpack_featured_media_url":"https:\/\/i0.wp.com\/eltrabajo.cl\/portal\/wp-content\/uploads\/2020\/06\/drogas.jpg?fit=580%2C358&ssl=1","jetpack_sharing_enabled":true,"jetpack_likes_enabled":true,"jetpack-related-posts":[],"_links":{"self":[{"href":"https:\/\/eltrabajo.cl\/portal\/wp-json\/wp\/v2\/posts\/99493","targetHints":{"allow":["GET"]}}],"collection":[{"href":"https:\/\/eltrabajo.cl\/portal\/wp-json\/wp\/v2\/posts"}],"about":[{"href":"https:\/\/eltrabajo.cl\/portal\/wp-json\/wp\/v2\/types\/post"}],"author":[{"embeddable":true,"href":"https:\/\/eltrabajo.cl\/portal\/wp-json\/wp\/v2\/users\/482"}],"replies":[{"embeddable":true,"href":"https:\/\/eltrabajo.cl\/portal\/wp-json\/wp\/v2\/comments?post=99493"}],"version-history":[{"count":0,"href":"https:\/\/eltrabajo.cl\/portal\/wp-json\/wp\/v2\/posts\/99493\/revisions"}],"wp:featuredmedia":[{"embeddable":true,"href":"https:\/\/eltrabajo.cl\/portal\/wp-json\/wp\/v2\/media\/99495"}],"wp:attachment":[{"href":"https:\/\/eltrabajo.cl\/portal\/wp-json\/wp\/v2\/media?parent=99493"}],"wp:term":[{"taxonomy":"category","embeddable":true,"href":"https:\/\/eltrabajo.cl\/portal\/wp-json\/wp\/v2\/categories?post=99493"},{"taxonomy":"post_tag","embeddable":true,"href":"https:\/\/eltrabajo.cl\/portal\/wp-json\/wp\/v2\/tags?post=99493"}],"curies":[{"name":"wp","href":"https:\/\/api.w.org\/{rel}","templated":true}]}}