{"id":99505,"date":"2020-06-12T07:45:39","date_gmt":"2020-06-12T11:45:39","guid":{"rendered":"https:\/\/www.eltrabajo.cl\/portal\/?p=99505"},"modified":"2020-06-11T22:30:49","modified_gmt":"2020-06-12T02:30:49","slug":"todos-los-martes-y-miercoles-olla-comun-para-todos-en-alfonsi","status":"publish","type":"post","link":"https:\/\/eltrabajo.cl\/portal\/todos-los-martes-y-miercoles-olla-comun-para-todos-en-alfonsi\/","title":{"rendered":"Todos los martes y mi\u00e9rcoles Olla Com\u00fan para todos en Alfonsi"},"content":{"rendered":"<p style=\"text-align: justify;\">Los solidarios corazones de los sanfelipe\u00f1os no se detienen y laten cada d\u00eda con mayor fuerza, lo vemos demostrado en los comedores solidarios a lo largo de todo Chile, iglesias, monjas, feriantes y comerciantes tambi\u00e9n de nuestra comuna, como por ejemplo el equipo de trabajo encabezado por <strong>Mario Alfonsi Zapata Mu\u00f1oz<\/strong>, quien con su familia tiene un c\u00e9ntrico restobar en San Felipe (Coimas 1052) y desde este martes y mi\u00e9rcoles lanzaron una solidaria iniciativa de hacer una Olla Com\u00fan hasta fin de a\u00f1o.<\/p>\n<p style=\"text-align: justify;\">\u00ab<em>Esta es una iniciativa que dice relaci\u00f3n con las necesidades que tienen muchas personas en nuestra comuna, en nuestra ciudad, empezamos este martes y mi\u00e9rcoles al mediod\u00eda, llegaron el martes vecinos con ni\u00f1os y familias de Villas Juan Pablo II, Totoral y otras poblaciones, tambi\u00e9n muchos adultos mayores de aqu\u00ed del centro, todos en nuestra familia estamos comprometidos a seguir con este proyecto, podemos financiarlo y esperamos que sigan llegando vecinos todos los martes y mi\u00e9rcoles del a\u00f1o hasta que esta tormenta pase, o llegaremos hasta donde podamos<\/em>\u00bb, dijo Mario a <strong>Diario El Trabajo<\/strong>.<\/p>\n<p style=\"text-align: justify;\"><strong>Roberto Gonz\u00e1lez Short<\/strong><\/p>\n<p style=\"text-align: justify;\">\n<figure id=\"attachment_99509\" aria-describedby=\"caption-attachment-99509\" style=\"width: 580px\" class=\"wp-caption alignnone\"><img data-recalc-dims=\"1\" loading=\"lazy\" decoding=\"async\" class=\"size-full wp-image-99509\" src=\"https:\/\/i0.wp.com\/eltrabajo.cl\/portal\/wp-content\/uploads\/2020\/06\/Olla1.jpg?resize=580%2C359&#038;ssl=1\" alt=\"GESTO SOLIDARIO.- Todos los martes y mi\u00e9rcoles de cada semana en Restobar Alfonsi (Coimas 1052) hay un almuerzo gratis para quien lo solicite.\" width=\"580\" height=\"359\" srcset=\"https:\/\/i0.wp.com\/eltrabajo.cl\/portal\/wp-content\/uploads\/2020\/06\/Olla1.jpg?w=580&amp;ssl=1 580w, https:\/\/i0.wp.com\/eltrabajo.cl\/portal\/wp-content\/uploads\/2020\/06\/Olla1.jpg?resize=300%2C186&amp;ssl=1 300w, https:\/\/i0.wp.com\/eltrabajo.cl\/portal\/wp-content\/uploads\/2020\/06\/Olla1.jpg?resize=200%2C124&amp;ssl=1 200w, https:\/\/i0.wp.com\/eltrabajo.cl\/portal\/wp-content\/uploads\/2020\/06\/Olla1.jpg?resize=150%2C93&amp;ssl=1 150w\" sizes=\"auto, (max-width: 580px) 100vw, 580px\" \/><figcaption id=\"caption-attachment-99509\" class=\"wp-caption-text\">GESTO SOLIDARIO.- Todos los martes y mi\u00e9rcoles de cada semana en Restobar Alfonsi (Coimas 1052) hay un almuerzo gratis para quien lo solicite.<\/figcaption><\/figure>\n<figure id=\"attachment_99510\" aria-describedby=\"caption-attachment-99510\" style=\"width: 580px\" class=\"wp-caption alignnone\"><img data-recalc-dims=\"1\" loading=\"lazy\" decoding=\"async\" class=\"size-full wp-image-99510\" src=\"https:\/\/i0.wp.com\/eltrabajo.cl\/portal\/wp-content\/uploads\/2020\/06\/Olla2.jpg?resize=580%2C359&#038;ssl=1\" alt=\"OLLA COM\u00daN.- Ricos alimentos preparados con cari\u00f1o es lo que ofrece este comerciante sanfelipe\u00f1o y su personal.\" width=\"580\" height=\"359\" srcset=\"https:\/\/i0.wp.com\/eltrabajo.cl\/portal\/wp-content\/uploads\/2020\/06\/Olla2.jpg?w=580&amp;ssl=1 580w, https:\/\/i0.wp.com\/eltrabajo.cl\/portal\/wp-content\/uploads\/2020\/06\/Olla2.jpg?resize=300%2C186&amp;ssl=1 300w, https:\/\/i0.wp.com\/eltrabajo.cl\/portal\/wp-content\/uploads\/2020\/06\/Olla2.jpg?resize=200%2C124&amp;ssl=1 200w, https:\/\/i0.wp.com\/eltrabajo.cl\/portal\/wp-content\/uploads\/2020\/06\/Olla2.jpg?resize=150%2C93&amp;ssl=1 150w\" sizes=\"auto, (max-width: 580px) 100vw, 580px\" \/><figcaption id=\"caption-attachment-99510\" class=\"wp-caption-text\">OLLA COM\u00daN.- Ricos alimentos preparados con cari\u00f1o es lo que ofrece este comerciante sanfelipe\u00f1o y su personal.<\/figcaption><\/figure>\n<figure id=\"attachment_99506\" aria-describedby=\"caption-attachment-99506\" style=\"width: 580px\" class=\"wp-caption alignnone\"><img data-recalc-dims=\"1\" loading=\"lazy\" decoding=\"async\" class=\"size-full wp-image-99506\" src=\"https:\/\/i0.wp.com\/eltrabajo.cl\/portal\/wp-content\/uploads\/2020\/06\/Olla_Francisca-Briones-Zapata.jpg?resize=580%2C360&#038;ssl=1\" alt=\"M\u00c1S DE 100 ENTREGAS.- Francisca  Briones Zapata, tambi\u00e9n del equipo de Alfonsi, nos muestra lo poco que qued\u00f3 de alimentos en esta Olla Com\u00fan.\" width=\"580\" height=\"360\" srcset=\"https:\/\/i0.wp.com\/eltrabajo.cl\/portal\/wp-content\/uploads\/2020\/06\/Olla_Francisca-Briones-Zapata.jpg?w=580&amp;ssl=1 580w, https:\/\/i0.wp.com\/eltrabajo.cl\/portal\/wp-content\/uploads\/2020\/06\/Olla_Francisca-Briones-Zapata.jpg?resize=300%2C186&amp;ssl=1 300w, https:\/\/i0.wp.com\/eltrabajo.cl\/portal\/wp-content\/uploads\/2020\/06\/Olla_Francisca-Briones-Zapata.jpg?resize=200%2C124&amp;ssl=1 200w, https:\/\/i0.wp.com\/eltrabajo.cl\/portal\/wp-content\/uploads\/2020\/06\/Olla_Francisca-Briones-Zapata.jpg?resize=150%2C93&amp;ssl=1 150w\" sizes=\"auto, (max-width: 580px) 100vw, 580px\" \/><figcaption id=\"caption-attachment-99506\" class=\"wp-caption-text\">M\u00c1S DE 100 ENTREGAS.- Francisca Briones Zapata, tambi\u00e9n del equipo de Alfonsi, nos muestra lo poco que qued\u00f3 de alimentos en esta Olla Com\u00fan.<\/figcaption><\/figure>\n<figure id=\"attachment_99508\" aria-describedby=\"caption-attachment-99508\" style=\"width: 580px\" class=\"wp-caption alignnone\"><img data-recalc-dims=\"1\" loading=\"lazy\" decoding=\"async\" class=\"size-full wp-image-99508\" src=\"https:\/\/i0.wp.com\/eltrabajo.cl\/portal\/wp-content\/uploads\/2020\/06\/Olla_Mario-Alfonsi.jpg?resize=580%2C600&#038;ssl=1\" alt=\"Mario Alfonsi, due\u00f1o de un c\u00e9ntrico restaurante sanfelipe\u00f1o.\" width=\"580\" height=\"600\" srcset=\"https:\/\/i0.wp.com\/eltrabajo.cl\/portal\/wp-content\/uploads\/2020\/06\/Olla_Mario-Alfonsi.jpg?w=580&amp;ssl=1 580w, https:\/\/i0.wp.com\/eltrabajo.cl\/portal\/wp-content\/uploads\/2020\/06\/Olla_Mario-Alfonsi.jpg?resize=290%2C300&amp;ssl=1 290w, https:\/\/i0.wp.com\/eltrabajo.cl\/portal\/wp-content\/uploads\/2020\/06\/Olla_Mario-Alfonsi.jpg?resize=145%2C150&amp;ssl=1 145w\" sizes=\"auto, (max-width: 580px) 100vw, 580px\" \/><figcaption id=\"caption-attachment-99508\" class=\"wp-caption-text\">Mario Alfonsi, due\u00f1o de un c\u00e9ntrico restaurante sanfelipe\u00f1o.<\/figcaption><\/figure>\n<figure id=\"attachment_99507\" aria-describedby=\"caption-attachment-99507\" style=\"width: 579px\" class=\"wp-caption alignnone\"><img data-recalc-dims=\"1\" loading=\"lazy\" decoding=\"async\" class=\"size-full wp-image-99507\" src=\"https:\/\/i0.wp.com\/eltrabajo.cl\/portal\/wp-content\/uploads\/2020\/06\/Olla_Kessy-Casseus.jpg?resize=579%2C774&#038;ssl=1\" alt=\"Kessy Casseus es haitiano y labora en este restaurante, \u00e9l tambi\u00e9n apoya esta iniciativa.\" width=\"579\" height=\"774\" srcset=\"https:\/\/i0.wp.com\/eltrabajo.cl\/portal\/wp-content\/uploads\/2020\/06\/Olla_Kessy-Casseus.jpg?w=579&amp;ssl=1 579w, https:\/\/i0.wp.com\/eltrabajo.cl\/portal\/wp-content\/uploads\/2020\/06\/Olla_Kessy-Casseus.jpg?resize=224%2C300&amp;ssl=1 224w, https:\/\/i0.wp.com\/eltrabajo.cl\/portal\/wp-content\/uploads\/2020\/06\/Olla_Kessy-Casseus.jpg?resize=112%2C150&amp;ssl=1 112w\" sizes=\"auto, (max-width: 579px) 100vw, 579px\" \/><figcaption id=\"caption-attachment-99507\" class=\"wp-caption-text\">Kessy Casseus es haitiano y labora en este restaurante, \u00e9l tambi\u00e9n apoya esta iniciativa.<\/figcaption><\/figure>\n","protected":false},"excerpt":{"rendered":"<p>Los solidarios corazones de los sanfelipe\u00f1os no se detienen y laten cada d\u00eda con mayor fuerza, lo vemos demostrado en los comedores solidarios a lo largo de todo Chile, iglesias, monjas, feriantes&#8230;<\/p>\n","protected":false},"author":482,"featured_media":99509,"comment_status":"closed","ping_status":"closed","sticky":false,"template":"","format":"standard","meta":{"advanced_seo_description":"","jetpack_seo_html_title":"","jetpack_seo_noindex":false,"_jetpack_memberships_contains_paid_content":false,"footnotes":""},"categories":[15],"tags":[],"class_list":["post-99505","post","type-post","status-publish","format-standard","has-post-thumbnail","hentry","category-comunidad"],"jetpack_featured_media_url":"https:\/\/i0.wp.com\/eltrabajo.cl\/portal\/wp-content\/uploads\/2020\/06\/Olla1.jpg?fit=580%2C359&ssl=1","jetpack_sharing_enabled":true,"jetpack_likes_enabled":true,"jetpack-related-posts":[],"_links":{"self":[{"href":"https:\/\/eltrabajo.cl\/portal\/wp-json\/wp\/v2\/posts\/99505","targetHints":{"allow":["GET"]}}],"collection":[{"href":"https:\/\/eltrabajo.cl\/portal\/wp-json\/wp\/v2\/posts"}],"about":[{"href":"https:\/\/eltrabajo.cl\/portal\/wp-json\/wp\/v2\/types\/post"}],"author":[{"embeddable":true,"href":"https:\/\/eltrabajo.cl\/portal\/wp-json\/wp\/v2\/users\/482"}],"replies":[{"embeddable":true,"href":"https:\/\/eltrabajo.cl\/portal\/wp-json\/wp\/v2\/comments?post=99505"}],"version-history":[{"count":0,"href":"https:\/\/eltrabajo.cl\/portal\/wp-json\/wp\/v2\/posts\/99505\/revisions"}],"wp:featuredmedia":[{"embeddable":true,"href":"https:\/\/eltrabajo.cl\/portal\/wp-json\/wp\/v2\/media\/99509"}],"wp:attachment":[{"href":"https:\/\/eltrabajo.cl\/portal\/wp-json\/wp\/v2\/media?parent=99505"}],"wp:term":[{"taxonomy":"category","embeddable":true,"href":"https:\/\/eltrabajo.cl\/portal\/wp-json\/wp\/v2\/categories?post=99505"},{"taxonomy":"post_tag","embeddable":true,"href":"https:\/\/eltrabajo.cl\/portal\/wp-json\/wp\/v2\/tags?post=99505"}],"curies":[{"name":"wp","href":"https:\/\/api.w.org\/{rel}","templated":true}]}}