{"id":99512,"date":"2020-06-12T07:50:04","date_gmt":"2020-06-12T11:50:04","guid":{"rendered":"https:\/\/www.eltrabajo.cl\/portal\/?p=99512"},"modified":"2020-06-11T22:32:37","modified_gmt":"2020-06-12T02:32:37","slug":"motociclista-pasa-a-llevar-a-jardinero-de-73-anos-y-lo-abandona-a-su-suerte","status":"publish","type":"post","link":"https:\/\/eltrabajo.cl\/portal\/motociclista-pasa-a-llevar-a-jardinero-de-73-anos-y-lo-abandona-a-su-suerte\/","title":{"rendered":"Motociclista \u2018pasa a llevar\u2019 a jardinero de 73 a\u00f1os y lo abandona a su suerte"},"content":{"rendered":"<p style=\"text-align: justify;\"><span style=\"color: #c81400;\"><strong>Vecinos le prestaron los primeros auxilios:<\/strong><\/span><\/p>\n<p style=\"text-align: justify;\">Un trabajador de 73 a\u00f1os de edad que cumple labores de jardiner\u00eda en las \u00e1reas verdes comunitarias de sectores poblacionales como Villa Juan Pablo II y Poblaci\u00f3n Pedro de Valdivia, fue pasado a llevar por un motociclista que no se detuvo una vez ocurrido el hecho, debiendo ser vecinos quienes auxiliaron a la persona que posteriormente fue trasladada a dependencias de la ACHS de calle San Mart\u00edn, donde fue atendido. Este accidente ocurri\u00f3 el d\u00eda mi\u00e9rcoles en la ma\u00f1ana, en Pedro de Valdivia de San Felipe.<\/p>\n<p style=\"text-align: justify;\">A nombre de la empresa fue <strong>Nora Gaola<\/strong> quien nos entreg\u00f3 detalles de este lamentable hecho, pensando que es una persona de avanzada edad que presta un servicio a la comunidad.<\/p>\n<p style=\"text-align: justify;\">\u00ab<em>Mientras el trabajador se traslada desde el sector de Juan Pablo al sector de Pedro de Valdivia, una motocicleta lo pas\u00f3 a llevar. Los vecinos prestaron los primeros auxilios y despu\u00e9s nuestra empresa concurri\u00f3 al lugar para traerlo aqu\u00ed a la ACHS ubicada en calle San Mart\u00edn\u00bb,<\/em> dijo Nora Gaola.<\/p>\n<p style=\"text-align: justify;\">&#8211; <strong>\u00bfQu\u00e9 pas\u00f3 con el motorista?<\/strong><\/p>\n<p style=\"text-align: justify;\">&#8211; El motorista se dio a la fuga, no prest\u00f3 ninguna ayuda al trabajador.<\/p>\n<p style=\"text-align: justify;\">&#8211; <strong>\u00bfSe habr\u00e1 dado cuenta que lo pas\u00f3 a llevar?<\/strong><\/p>\n<p style=\"text-align: justify;\">&#8211; S\u00ed, dice el trabajador que s\u00ed se dio cuenta.<\/p>\n<p style=\"text-align: justify;\">&#8211; <strong>\u00bfC\u00f3mo se encuentra \u00e9l?<\/strong><\/p>\n<p style=\"text-align: justify;\">&#8211; Est\u00e1 bien, se le van a hacer sus ex\u00e1menes, radiograf\u00edas porque siente un dolor en la cintura, columna, y ah\u00ed le van a hacer sus radiograf\u00edas, todos sus ex\u00e1menes para ver qu\u00e9 tiene realmente.<\/p>\n<p style=\"text-align: justify;\">&#8211; <strong>\u00bfIba cruzando?<\/strong><\/p>\n<p style=\"text-align: justify;\">&#8211; No, \u00e9l dice que iba hacia Pedro de Valdivia, de la Juan Pablo, y lo pas\u00f3 a llevar la moto que iba en sentido contrario. Esa es la informaci\u00f3n que me dio el jardinero a m\u00ed.<\/p>\n<p style=\"text-align: justify;\">&#8211; <strong>\u00bfD\u00f3nde lo golpea, en qu\u00e9 parte del cuerpo?<\/strong><\/p>\n<p style=\"text-align: justify;\">&#8211; En la cintura.<\/p>\n<p style=\"text-align: justify;\">Respecto al jardinero, su nombre de pila es <strong>Rafael<\/strong>, de 73 a\u00f1os de edad y pertenece a la empresa DK. Tiene a cargo tres plazas donde hace aseo, riego, las mantenciones diarias de \u00e1reas verdes.<\/p>\n<p style=\"text-align: justify;\">\u00ab\u00c9l se siente bien, igual tenemos que hacerle todos los tipos de ex\u00e1menes como empresa seria que somos\u00bb, dijo Nora.<\/p>\n<p style=\"text-align: justify;\">&#8211; <strong>Es lamentable que el motorista se haya dado a la fuga sin detenerse a verlo, prestarle auxilio.<\/strong><\/p>\n<p style=\"text-align: justify;\">&#8211; Lamentable, los vecinos dicen que el tipo se dio a la fuga. Tambi\u00e9n se agradece a la comunidad de ah\u00ed de Pedro de Valdivia que le prestaron la primera ayuda a don Rafael.<\/p>\n<p style=\"text-align: justify;\">&#8211; <strong>\u00bfQu\u00e9 comentaban los vecinos, que iba muy fuerte el motorista?<\/strong><\/p>\n<p style=\"text-align: justify;\">&#8211; Que iba contra el tr\u00e1fico, eso fue lo que me comentaron ellos que le prestaron los primeros auxilios.<\/p>\n<p style=\"text-align: justify;\">Reiter\u00f3 que el accidente ocurri\u00f3 en Pedro de Valdivia.<\/p>\n<p style=\"text-align: justify;\">Se\u00f1alar que por informaci\u00f3n obtenida por nuestro medio, al trabajador le dieron dos d\u00edas de reposo para recuperarse.<\/p>\n<p style=\"text-align: justify;\">\n<figure id=\"attachment_99513\" aria-describedby=\"caption-attachment-99513\" style=\"width: 580px\" class=\"wp-caption alignnone\"><img data-recalc-dims=\"1\" loading=\"lazy\" decoding=\"async\" class=\"size-full wp-image-99513\" src=\"https:\/\/i0.wp.com\/eltrabajo.cl\/portal\/wp-content\/uploads\/2020\/06\/ACHS.jpg?resize=580%2C359&#038;ssl=1\" alt=\"Cl\u00ednica de la ACHS en San Felipe, hasta donde fue trasladado el trabajador de \u00e1reas verdes.\" width=\"580\" height=\"359\" srcset=\"https:\/\/i0.wp.com\/eltrabajo.cl\/portal\/wp-content\/uploads\/2020\/06\/ACHS.jpg?w=580&amp;ssl=1 580w, https:\/\/i0.wp.com\/eltrabajo.cl\/portal\/wp-content\/uploads\/2020\/06\/ACHS.jpg?resize=300%2C186&amp;ssl=1 300w, https:\/\/i0.wp.com\/eltrabajo.cl\/portal\/wp-content\/uploads\/2020\/06\/ACHS.jpg?resize=200%2C124&amp;ssl=1 200w, https:\/\/i0.wp.com\/eltrabajo.cl\/portal\/wp-content\/uploads\/2020\/06\/ACHS.jpg?resize=150%2C93&amp;ssl=1 150w\" sizes=\"auto, (max-width: 580px) 100vw, 580px\" \/><figcaption id=\"caption-attachment-99513\" class=\"wp-caption-text\">Cl\u00ednica de la ACHS en San Felipe, hasta donde fue trasladado el trabajador de \u00e1reas verdes.<\/figcaption><\/figure>\n","protected":false},"excerpt":{"rendered":"<p>Vecinos le prestaron los primeros auxilios: Un trabajador de 73 a\u00f1os de edad que cumple labores de jardiner\u00eda en las \u00e1reas verdes comunitarias de sectores poblacionales como Villa Juan Pablo II y&#8230;<\/p>\n","protected":false},"author":482,"featured_media":99513,"comment_status":"closed","ping_status":"closed","sticky":false,"template":"","format":"standard","meta":{"advanced_seo_description":"","jetpack_seo_html_title":"","jetpack_seo_noindex":false,"_jetpack_memberships_contains_paid_content":false,"footnotes":""},"categories":[21],"tags":[],"class_list":["post-99512","post","type-post","status-publish","format-standard","has-post-thumbnail","hentry","category-policial"],"jetpack_featured_media_url":"https:\/\/i0.wp.com\/eltrabajo.cl\/portal\/wp-content\/uploads\/2020\/06\/ACHS.jpg?fit=580%2C359&ssl=1","jetpack_sharing_enabled":true,"jetpack_likes_enabled":true,"jetpack-related-posts":[],"_links":{"self":[{"href":"https:\/\/eltrabajo.cl\/portal\/wp-json\/wp\/v2\/posts\/99512","targetHints":{"allow":["GET"]}}],"collection":[{"href":"https:\/\/eltrabajo.cl\/portal\/wp-json\/wp\/v2\/posts"}],"about":[{"href":"https:\/\/eltrabajo.cl\/portal\/wp-json\/wp\/v2\/types\/post"}],"author":[{"embeddable":true,"href":"https:\/\/eltrabajo.cl\/portal\/wp-json\/wp\/v2\/users\/482"}],"replies":[{"embeddable":true,"href":"https:\/\/eltrabajo.cl\/portal\/wp-json\/wp\/v2\/comments?post=99512"}],"version-history":[{"count":0,"href":"https:\/\/eltrabajo.cl\/portal\/wp-json\/wp\/v2\/posts\/99512\/revisions"}],"wp:featuredmedia":[{"embeddable":true,"href":"https:\/\/eltrabajo.cl\/portal\/wp-json\/wp\/v2\/media\/99513"}],"wp:attachment":[{"href":"https:\/\/eltrabajo.cl\/portal\/wp-json\/wp\/v2\/media?parent=99512"}],"wp:term":[{"taxonomy":"category","embeddable":true,"href":"https:\/\/eltrabajo.cl\/portal\/wp-json\/wp\/v2\/categories?post=99512"},{"taxonomy":"post_tag","embeddable":true,"href":"https:\/\/eltrabajo.cl\/portal\/wp-json\/wp\/v2\/tags?post=99512"}],"curies":[{"name":"wp","href":"https:\/\/api.w.org\/{rel}","templated":true}]}}