{"id":99515,"date":"2020-06-12T07:55:57","date_gmt":"2020-06-12T11:55:57","guid":{"rendered":"https:\/\/www.eltrabajo.cl\/portal\/?p=99515"},"modified":"2020-06-11T22:35:46","modified_gmt":"2020-06-12T02:35:46","slug":"fuerzas-vivas-de-san-felipe-vuelcan-corazon-para-ayudar-a-familias-bolivianas","status":"publish","type":"post","link":"https:\/\/eltrabajo.cl\/portal\/fuerzas-vivas-de-san-felipe-vuelcan-corazon-para-ayudar-a-familias-bolivianas\/","title":{"rendered":"Fuerzas Vivas de San Felipe vuelcan coraz\u00f3n para ayudar a familias bolivianas"},"content":{"rendered":"<p style=\"text-align: justify;\"><span style=\"color: #c81400;\"><strong>Carabineros, vecinos, lectores y donadores an\u00f3nimos:<\/strong><\/span><\/p>\n<p style=\"text-align: justify;\">Luego que ayer jueves en <strong>Diario El Trabajo<\/strong> public\u00e1ramos la dram\u00e1tica historia que viven tres familias bolivianas con ni\u00f1os chicos en nuestra comuna, la reacci\u00f3n positiva de nuestros lectores se hicieron manifiestas a trav\u00e9s del amor y solidaridad representados en las donaciones que empezaron a llegar a estos peque\u00f1itos y sus padres.<\/p>\n<p style=\"text-align: justify;\">El g\u00e9nesis de esta campa\u00f1a humanitaria lo gener\u00f3 la vecina de estas familias, <strong>Viviana Ram\u00edrez Astudillo<\/strong>, quien ha coordinado casi todas las acciones sin buscar protagonismo. Dicho esto y despu\u00e9s que publicamos la noticia, el primero en reaccionar fue el propio coordinador de la Oficina Municipal de Migraci\u00f3n, <strong>Jorge Rubio<\/strong>, quien la misma noche del mi\u00e9rcoles lleg\u00f3 con mercader\u00eda y levant\u00f3 un informe sobre cada uno de los integrantes de estas familias para iniciar con el proceso de regulaci\u00f3n migratoria y confecci\u00f3n de su Registro Social de Hogares.<\/p>\n<p style=\"text-align: justify;\">Ya en horas de la ma\u00f1ana las llamadas telef\u00f3nicas a <strong>Diario El Trabajo<\/strong> y tambi\u00e9n a do\u00f1a Viviana fueron bastantes y poco a poco los recursos est\u00e1n llegando a las manos que necesitan la ayuda. Entre las instituciones que se han hecho presente con mercader\u00eda, est\u00e1 la Oficina de Integraci\u00f3n Comunitaria de la Segunda Comisar\u00eda de Carabineros San Felipe, en este caso representada por el cabo 1\u00ba <strong>Alexi Araneda<\/strong> y el sargento 1\u00ba <strong>Alejandro Mart\u00ednez<\/strong>, ellos tambi\u00e9n activaron otras redes de voluntariados locales y la ayuda empez\u00f3 a llegar.<\/p>\n<p style=\"text-align: justify;\">Quien tambi\u00e9n don\u00f3 una cama de dos plazas es el vecino <strong>Danilo Godoy<\/strong>, quien entreg\u00f3 a estas familias el mueble con todos sus implementos, colch\u00f3n y ropa de cama, pues estas familias dorm\u00edan en el suelo algunos de sus integrantes.<\/p>\n<p style=\"text-align: justify;\">\n<p style=\"text-align: justify;\"><span style=\"color: #c81400;\"><strong>ABUELA AGRADECE<\/strong><\/span><\/p>\n<p style=\"text-align: justify;\"><strong>Diario El Trabajo<\/strong> supo tambi\u00e9n que varios profesionales de la Dideco, quienes no quisieron aparecer en fotos, a t\u00edtulo personal tambi\u00e9n se involucraron y llevaron recursos en mercader\u00eda, ropa y otros art\u00edculos.<\/p>\n<p style=\"text-align: justify;\">\u00ab<em>Much\u00edsimas gracias, estamos muy agradecidos por todo el cari\u00f1o que los chilenos nos est\u00e1n brindando. Gracias por la mercader\u00eda, a nombre de mis hijos y mis nietos yo les doy las gracias, veremos c\u00f3mo conseguir un microondas para calentar las comidas preparadas enlatadas que nos han donado, Dios les bendiga a todos, estamos muy impresionados con estas muestras de cari\u00f1o, nunca nos esperamos tanto<\/em>\u00bb, coment\u00f3 emocionada la abuelita de los ni\u00f1os, <strong>\u00c1ngela Cartagena Grande<\/strong>, quien cuida de ellos mientras sus hijos salen a trabajar en la fruta.<\/p>\n<p style=\"text-align: justify;\">\n<p style=\"text-align: justify;\"><span style=\"color: #c81400;\"><strong>PODEMOS AYUDAR<\/strong><\/span><\/p>\n<p style=\"text-align: justify;\">Seg\u00fan una lista hecha para ser publicada en esta cr\u00f3nica, lo que m\u00e1s urge en estos momentos para estas familias es: Leche en polvo o l\u00edquida; mercader\u00eda en general para el hogar; pa\u00f1ales XL, papel higi\u00e9nico, una lavadora pues no tienen; cobijas, ropa para ni\u00f1os entre 1 a\u00f1o a los 11 a\u00f1os de edad, zapatos para el mismo rango etario, una estufa o cocina, s\u00f3lo tienen una cocinilla; utensilios de cocina, vajillas; harina, levadura, tarros de jurel y alguna refrigeradora usada. Los interesados en cambiarles la vida a estas tres familias pueden llamar al +<strong>56 9 5762 9806<\/strong>.<\/p>\n<p style=\"text-align: justify;\"><strong>Roberto Gonz\u00e1lez Short<\/strong><\/p>\n<p style=\"text-align: justify;\">\n<figure id=\"attachment_99516\" aria-describedby=\"caption-attachment-99516\" style=\"width: 580px\" class=\"wp-caption alignnone\"><img data-recalc-dims=\"1\" loading=\"lazy\" decoding=\"async\" class=\"size-full wp-image-99516\" src=\"https:\/\/i0.wp.com\/eltrabajo.cl\/portal\/wp-content\/uploads\/2020\/06\/Donaciones1.jpg?resize=580%2C360&#038;ssl=1\" alt=\"CARABINEROS PRESENTE.- Las c\u00e1maras de Diario El Trabajo registran el momento cuando funcionarios de la Oficina de Integraci\u00f3n Comunitaria de la Segunda Comisar\u00eda de Carabineros San Felipe entregan recursos a estas familias.\" width=\"580\" height=\"360\" srcset=\"https:\/\/i0.wp.com\/eltrabajo.cl\/portal\/wp-content\/uploads\/2020\/06\/Donaciones1.jpg?w=580&amp;ssl=1 580w, https:\/\/i0.wp.com\/eltrabajo.cl\/portal\/wp-content\/uploads\/2020\/06\/Donaciones1.jpg?resize=300%2C186&amp;ssl=1 300w, https:\/\/i0.wp.com\/eltrabajo.cl\/portal\/wp-content\/uploads\/2020\/06\/Donaciones1.jpg?resize=200%2C124&amp;ssl=1 200w, https:\/\/i0.wp.com\/eltrabajo.cl\/portal\/wp-content\/uploads\/2020\/06\/Donaciones1.jpg?resize=150%2C93&amp;ssl=1 150w\" sizes=\"auto, (max-width: 580px) 100vw, 580px\" \/><figcaption id=\"caption-attachment-99516\" class=\"wp-caption-text\">CARABINEROS PRESENTE.- Las c\u00e1maras de Diario El Trabajo registran el momento cuando funcionarios de la Oficina de Integraci\u00f3n Comunitaria de la Segunda Comisar\u00eda de Carabineros San Felipe entregan recursos a estas familias.<\/figcaption><\/figure>\n<figure id=\"attachment_99517\" aria-describedby=\"caption-attachment-99517\" style=\"width: 580px\" class=\"wp-caption alignnone\"><img data-recalc-dims=\"1\" loading=\"lazy\" decoding=\"async\" class=\"size-full wp-image-99517\" src=\"https:\/\/i0.wp.com\/eltrabajo.cl\/portal\/wp-content\/uploads\/2020\/06\/Donaciones2.jpg?resize=580%2C359&#038;ssl=1\" alt=\"FALTA M\u00c1S.- Poco a poco la ayuda llega al hogar de estas familias, los ni\u00f1os se muestran contentos e ilusionados porque ahora comer\u00e1n a sus horas.\" width=\"580\" height=\"359\" srcset=\"https:\/\/i0.wp.com\/eltrabajo.cl\/portal\/wp-content\/uploads\/2020\/06\/Donaciones2.jpg?w=580&amp;ssl=1 580w, https:\/\/i0.wp.com\/eltrabajo.cl\/portal\/wp-content\/uploads\/2020\/06\/Donaciones2.jpg?resize=300%2C186&amp;ssl=1 300w, https:\/\/i0.wp.com\/eltrabajo.cl\/portal\/wp-content\/uploads\/2020\/06\/Donaciones2.jpg?resize=200%2C124&amp;ssl=1 200w, https:\/\/i0.wp.com\/eltrabajo.cl\/portal\/wp-content\/uploads\/2020\/06\/Donaciones2.jpg?resize=150%2C93&amp;ssl=1 150w\" sizes=\"auto, (max-width: 580px) 100vw, 580px\" \/><figcaption id=\"caption-attachment-99517\" class=\"wp-caption-text\">FALTA M\u00c1S.- Poco a poco la ayuda llega al hogar de estas familias, los ni\u00f1os se muestran contentos e ilusionados porque ahora comer\u00e1n a sus horas.<\/figcaption><\/figure>\n<figure id=\"attachment_99518\" aria-describedby=\"caption-attachment-99518\" style=\"width: 580px\" class=\"wp-caption alignnone\"><img data-recalc-dims=\"1\" loading=\"lazy\" decoding=\"async\" class=\"size-full wp-image-99518\" src=\"https:\/\/i0.wp.com\/eltrabajo.cl\/portal\/wp-content\/uploads\/2020\/06\/Donaciones3.jpg?resize=580%2C359&#038;ssl=1\" alt=\"TRABAJO EN TERRENO.- El coordinador de la Oficina Municipal de Migraci\u00f3n, Jorge Rubio, ya est\u00e1 trabajando en regularizar las Fichas Sociales de estas familias.\" width=\"580\" height=\"359\" srcset=\"https:\/\/i0.wp.com\/eltrabajo.cl\/portal\/wp-content\/uploads\/2020\/06\/Donaciones3.jpg?w=580&amp;ssl=1 580w, https:\/\/i0.wp.com\/eltrabajo.cl\/portal\/wp-content\/uploads\/2020\/06\/Donaciones3.jpg?resize=300%2C186&amp;ssl=1 300w, https:\/\/i0.wp.com\/eltrabajo.cl\/portal\/wp-content\/uploads\/2020\/06\/Donaciones3.jpg?resize=200%2C124&amp;ssl=1 200w, https:\/\/i0.wp.com\/eltrabajo.cl\/portal\/wp-content\/uploads\/2020\/06\/Donaciones3.jpg?resize=150%2C93&amp;ssl=1 150w\" sizes=\"auto, (max-width: 580px) 100vw, 580px\" \/><figcaption id=\"caption-attachment-99518\" class=\"wp-caption-text\">TRABAJO EN TERRENO.- El coordinador de la Oficina Municipal de Migraci\u00f3n, Jorge Rubio, ya est\u00e1 trabajando en regularizar las Fichas Sociales de estas familias.<\/figcaption><\/figure>\n<figure id=\"attachment_99519\" aria-describedby=\"caption-attachment-99519\" style=\"width: 580px\" class=\"wp-caption alignnone\"><img data-recalc-dims=\"1\" loading=\"lazy\" decoding=\"async\" class=\"size-full wp-image-99519\" src=\"https:\/\/i0.wp.com\/eltrabajo.cl\/portal\/wp-content\/uploads\/2020\/06\/Donaciones4.jpg?resize=580%2C359&#038;ssl=1\" alt=\"MANOS SOLIDARIAS.- Danilo Godoy se desprendi\u00f3 de esta cama de dos plazas para que los ni\u00f1os ya no duerman en el suelo.\" width=\"580\" height=\"359\" srcset=\"https:\/\/i0.wp.com\/eltrabajo.cl\/portal\/wp-content\/uploads\/2020\/06\/Donaciones4.jpg?w=580&amp;ssl=1 580w, https:\/\/i0.wp.com\/eltrabajo.cl\/portal\/wp-content\/uploads\/2020\/06\/Donaciones4.jpg?resize=300%2C186&amp;ssl=1 300w, https:\/\/i0.wp.com\/eltrabajo.cl\/portal\/wp-content\/uploads\/2020\/06\/Donaciones4.jpg?resize=200%2C124&amp;ssl=1 200w, https:\/\/i0.wp.com\/eltrabajo.cl\/portal\/wp-content\/uploads\/2020\/06\/Donaciones4.jpg?resize=150%2C93&amp;ssl=1 150w\" sizes=\"auto, (max-width: 580px) 100vw, 580px\" \/><figcaption id=\"caption-attachment-99519\" class=\"wp-caption-text\">MANOS SOLIDARIAS.- Danilo Godoy se desprendi\u00f3 de esta cama de dos plazas para que los ni\u00f1os ya no duerman en el suelo.<\/figcaption><\/figure>\n<figure id=\"attachment_99520\" aria-describedby=\"caption-attachment-99520\" style=\"width: 580px\" class=\"wp-caption alignnone\"><img data-recalc-dims=\"1\" loading=\"lazy\" decoding=\"async\" class=\"size-full wp-image-99520\" src=\"https:\/\/i0.wp.com\/eltrabajo.cl\/portal\/wp-content\/uploads\/2020\/06\/Donaciones5.jpg?resize=580%2C360&#038;ssl=1\" alt=\"CAMPA\u00d1A HUMANITARIA.- Alimentos preparados llegaron para esta familia, aunque no tienen microondas para calentarlos.\" width=\"580\" height=\"360\" srcset=\"https:\/\/i0.wp.com\/eltrabajo.cl\/portal\/wp-content\/uploads\/2020\/06\/Donaciones5.jpg?w=580&amp;ssl=1 580w, https:\/\/i0.wp.com\/eltrabajo.cl\/portal\/wp-content\/uploads\/2020\/06\/Donaciones5.jpg?resize=300%2C186&amp;ssl=1 300w, https:\/\/i0.wp.com\/eltrabajo.cl\/portal\/wp-content\/uploads\/2020\/06\/Donaciones5.jpg?resize=200%2C124&amp;ssl=1 200w, https:\/\/i0.wp.com\/eltrabajo.cl\/portal\/wp-content\/uploads\/2020\/06\/Donaciones5.jpg?resize=150%2C93&amp;ssl=1 150w\" sizes=\"auto, (max-width: 580px) 100vw, 580px\" \/><figcaption id=\"caption-attachment-99520\" class=\"wp-caption-text\">CAMPA\u00d1A HUMANITARIA.- Alimentos preparados llegaron para esta familia, aunque no tienen microondas para calentarlos.<\/figcaption><\/figure>\n<figure id=\"attachment_99521\" aria-describedby=\"caption-attachment-99521\" style=\"width: 579px\" class=\"wp-caption alignnone\"><img data-recalc-dims=\"1\" loading=\"lazy\" decoding=\"async\" class=\"size-full wp-image-99521\" src=\"https:\/\/i0.wp.com\/eltrabajo.cl\/portal\/wp-content\/uploads\/2020\/06\/Donaciones_Angela-Cartagena-Grande.jpg?resize=579%2C600&#038;ssl=1\" alt=\"\u00c1ngela Cartagena Grande, abuela de los ni\u00f1os, vino hace dos meses desde su natal Bolivia para cuidar de los ni\u00f1os.\" width=\"579\" height=\"600\" srcset=\"https:\/\/i0.wp.com\/eltrabajo.cl\/portal\/wp-content\/uploads\/2020\/06\/Donaciones_Angela-Cartagena-Grande.jpg?w=579&amp;ssl=1 579w, https:\/\/i0.wp.com\/eltrabajo.cl\/portal\/wp-content\/uploads\/2020\/06\/Donaciones_Angela-Cartagena-Grande.jpg?resize=290%2C300&amp;ssl=1 290w, https:\/\/i0.wp.com\/eltrabajo.cl\/portal\/wp-content\/uploads\/2020\/06\/Donaciones_Angela-Cartagena-Grande.jpg?resize=145%2C150&amp;ssl=1 145w\" sizes=\"auto, (max-width: 579px) 100vw, 579px\" \/><figcaption id=\"caption-attachment-99521\" class=\"wp-caption-text\">\u00c1ngela Cartagena Grande, abuela de los ni\u00f1os, vino hace dos meses desde su natal Bolivia para cuidar de los ni\u00f1os.<\/figcaption><\/figure>\n","protected":false},"excerpt":{"rendered":"<p>Carabineros, vecinos, lectores y donadores an\u00f3nimos: Luego que ayer jueves en Diario El Trabajo public\u00e1ramos la dram\u00e1tica historia que viven tres familias bolivianas con ni\u00f1os chicos en nuestra comuna, la reacci\u00f3n positiva&#8230;<\/p>\n","protected":false},"author":482,"featured_media":99516,"comment_status":"closed","ping_status":"closed","sticky":false,"template":"","format":"standard","meta":{"advanced_seo_description":"","jetpack_seo_html_title":"","jetpack_seo_noindex":false,"_jetpack_memberships_contains_paid_content":false,"footnotes":""},"categories":[15],"tags":[],"class_list":["post-99515","post","type-post","status-publish","format-standard","has-post-thumbnail","hentry","category-comunidad"],"jetpack_featured_media_url":"https:\/\/i0.wp.com\/eltrabajo.cl\/portal\/wp-content\/uploads\/2020\/06\/Donaciones1.jpg?fit=580%2C360&ssl=1","jetpack_sharing_enabled":true,"jetpack_likes_enabled":true,"jetpack-related-posts":[],"_links":{"self":[{"href":"https:\/\/eltrabajo.cl\/portal\/wp-json\/wp\/v2\/posts\/99515","targetHints":{"allow":["GET"]}}],"collection":[{"href":"https:\/\/eltrabajo.cl\/portal\/wp-json\/wp\/v2\/posts"}],"about":[{"href":"https:\/\/eltrabajo.cl\/portal\/wp-json\/wp\/v2\/types\/post"}],"author":[{"embeddable":true,"href":"https:\/\/eltrabajo.cl\/portal\/wp-json\/wp\/v2\/users\/482"}],"replies":[{"embeddable":true,"href":"https:\/\/eltrabajo.cl\/portal\/wp-json\/wp\/v2\/comments?post=99515"}],"version-history":[{"count":0,"href":"https:\/\/eltrabajo.cl\/portal\/wp-json\/wp\/v2\/posts\/99515\/revisions"}],"wp:featuredmedia":[{"embeddable":true,"href":"https:\/\/eltrabajo.cl\/portal\/wp-json\/wp\/v2\/media\/99516"}],"wp:attachment":[{"href":"https:\/\/eltrabajo.cl\/portal\/wp-json\/wp\/v2\/media?parent=99515"}],"wp:term":[{"taxonomy":"category","embeddable":true,"href":"https:\/\/eltrabajo.cl\/portal\/wp-json\/wp\/v2\/categories?post=99515"},{"taxonomy":"post_tag","embeddable":true,"href":"https:\/\/eltrabajo.cl\/portal\/wp-json\/wp\/v2\/tags?post=99515"}],"curies":[{"name":"wp","href":"https:\/\/api.w.org\/{rel}","templated":true}]}}