{"id":99523,"date":"2020-06-12T08:00:12","date_gmt":"2020-06-12T12:00:12","guid":{"rendered":"https:\/\/www.eltrabajo.cl\/portal\/?p=99523"},"modified":"2020-06-11T22:37:40","modified_gmt":"2020-06-12T02:37:40","slug":"bombero-sufre-incendio-de-su-casa-y-en-la-madrugada-delincuentes-intentan-ingresar-a-robar-inmueble-danado","status":"publish","type":"post","link":"https:\/\/eltrabajo.cl\/portal\/bombero-sufre-incendio-de-su-casa-y-en-la-madrugada-delincuentes-intentan-ingresar-a-robar-inmueble-danado\/","title":{"rendered":"Bombero sufre incendio de su casa y en la madrugada delincuentes intentan ingresar a robar inmueble da\u00f1ado"},"content":{"rendered":"<p style=\"text-align: justify;\"><span style=\"color: #c81400;\"><strong>\u00a1Para no creerlo!:<\/strong> <\/span><\/p>\n<p style=\"text-align: justify;\">La noche de este mi\u00e9rcoles se produjo un incendio estructural en un domicilio ubicado en calle Justo Estay con Regalado Hern\u00e1ndez, inmueble de propiedad de un voluntario de la Primera Compa\u00f1\u00eda de Bomberos de San Felipe. Sin embargo, al margen de ser afectado por este incendio, a eso de las 03:00 horas delincuentes comenzaron a forzar el port\u00f3n de ingreso para entrar a robar. Si no es porque el voluntario se qued\u00f3 a cuidar su casa ya da\u00f1ada por el fuego, los delincuentes le hubieran robado todo lo que estaba en el inmueble.<\/p>\n<p style=\"text-align: justify;\">La informaci\u00f3n fue entregada por el comandante de Bomberos de San Felipe, <strong>Juan Carlos Herrera Lillo<\/strong>: <em>\u00abLamentablemente la casa qued\u00f3 inhabitable porque donde se inici\u00f3 el incendio, que fue el dormitorio, se tuvo que romper todo lo que era cielo para poder trabajar r\u00e1pidamente y evitar que el fuego se propagara. Debido a eso se trabaj\u00f3 con el personal tambi\u00e9n apoyando en ese sentido al bombero, haciendo limpieza hasta altas horas de la noche para poder dejarle la casa m\u00e1s o menos presentable y ellos hoy d\u00eda poder reparar la vivienda que todav\u00eda se encuentra en uso. El voluntario se qued\u00f3 en su casa cuidando porque la verdad ya no hay respeto por nada, y cerca de las tres de la madrugada intentaron ingresar a la casa haci\u00e9ndole tira el port\u00f3n, y cuando se dieron cuenta que el voluntario se encontraba en el lugar, salieron arrancando. Imag\u00ednese, fuera del incendio llegan amigos de lo ajeno y le quer\u00edan robar m\u00e1s encima lo que hab\u00eda quedado en la casa\u00bb,<\/em> dijo.<\/p>\n<p style=\"text-align: justify;\">&#8211; <strong>Comandante, \u00bfpor qu\u00e9 se inicia el incendio, hay alguna causa preliminar?<\/strong><\/p>\n<p style=\"text-align: justify;\">&#8211; S\u00ed, recalentamiento del sistema el\u00e9ctrico en una de las habitaciones.<\/p>\n<p style=\"text-align: justify;\">&#8211; <strong>\u00bfQued\u00f3 inhabitable la casa o se puede habitar?<\/strong><\/p>\n<p style=\"text-align: justify;\">&#8211; Hasta hoy d\u00eda queda inhabitable, por el hecho de que se estaban haciendo las limpiezas correspondientes, sacando todo lo que se hab\u00eda quemado; una cama, veladores, ropa, la casa qued\u00f3 toda tiznada, el techo, las murallas, as\u00ed es que la verdad que era inhabitable hasta el momento.<\/p>\n<p style=\"text-align: justify;\">&#8211; <strong>\u00bfDestrucci\u00f3n total o un porcentaje?<\/strong><\/p>\n<p style=\"text-align: justify;\">&#8211; No, un porcentaje de un 40% sufri\u00f3 da\u00f1os la vivienda.<\/p>\n<p style=\"text-align: justify;\">&#8211;<strong> \u00bfLos tipos alcanzaron a robarle algo?<\/strong><\/p>\n<p style=\"text-align: justify;\">&#8211; Afortunadamente se dio cuenta que el port\u00f3n estaba siendo forzado y sali\u00f3 r\u00e1pidamente a impedir que ingresaran a la casa. Imag\u00ednese si no hubiera quedado nadie en la casa, al momento de llegar se dar\u00eda cuenta que fuera del incendio le hab\u00edan robado las cosas.<\/p>\n<p style=\"text-align: justify;\">Reiter\u00f3 que el incendio se origin\u00f3 en el dormitorio; <em>\u00ablo que pasa que hab\u00eda gente ah\u00ed, familiares, ellos sintieron se les cort\u00f3 la luz, volvieron a levantar el autom\u00e1tico, posteriormente sienten un chispazo fuerte y se dan cuenta que en el dormitorio est\u00e1 saliendo mucho humo y la verdad que el fuego estaba quemando todo lo que era la cama, el colch\u00f3n y en poco minutos, en segundos, el fuego ya estaba tomando fuerza. Afortunadamente la Tercera Compa\u00f1\u00eda est\u00e1 a menos de cien metros, una de las ni\u00f1as fue corriendo al cuartel a avisar, el carro lleg\u00f3 r\u00e1pidamente para poderlo controlar y no pas\u00f3 a mayores, pero en ese trayecto todo lo que estaba dentro de la habitaci\u00f3n sufri\u00f3 da\u00f1os por el fuego, el humo y fuera de eso cuando se abri\u00f3 la puerta para poder ingresar manch\u00f3 todo con tizne la vivienda\u00bb,<\/em> dijo el comandante Herrera.<\/p>\n<p style=\"text-align: justify;\">No hubo v\u00edctimas que lamentar ni personas heridas, solo da\u00f1os a la vivienda por el fuego.<\/p>\n<p style=\"text-align: justify;\">\n<figure id=\"attachment_99524\" aria-describedby=\"caption-attachment-99524\" style=\"width: 580px\" class=\"wp-caption alignnone\"><img data-recalc-dims=\"1\" loading=\"lazy\" decoding=\"async\" class=\"size-full wp-image-99524\" src=\"https:\/\/i0.wp.com\/eltrabajo.cl\/portal\/wp-content\/uploads\/2020\/06\/incendio-bombero.jpg?resize=580%2C359&#038;ssl=1\" alt=\"Voluntarios de Bomberos trabajando en controlar el incendio que afect\u00f3 a uno de los suyos.\" width=\"580\" height=\"359\" srcset=\"https:\/\/i0.wp.com\/eltrabajo.cl\/portal\/wp-content\/uploads\/2020\/06\/incendio-bombero.jpg?w=580&amp;ssl=1 580w, https:\/\/i0.wp.com\/eltrabajo.cl\/portal\/wp-content\/uploads\/2020\/06\/incendio-bombero.jpg?resize=300%2C186&amp;ssl=1 300w, https:\/\/i0.wp.com\/eltrabajo.cl\/portal\/wp-content\/uploads\/2020\/06\/incendio-bombero.jpg?resize=200%2C124&amp;ssl=1 200w, https:\/\/i0.wp.com\/eltrabajo.cl\/portal\/wp-content\/uploads\/2020\/06\/incendio-bombero.jpg?resize=150%2C93&amp;ssl=1 150w\" sizes=\"auto, (max-width: 580px) 100vw, 580px\" \/><figcaption id=\"caption-attachment-99524\" class=\"wp-caption-text\">Voluntarios de Bomberos trabajando en controlar el incendio que afect\u00f3 a uno de los suyos.<\/figcaption><\/figure>\n","protected":false},"excerpt":{"rendered":"<p>\u00a1Para no creerlo!: La noche de este mi\u00e9rcoles se produjo un incendio estructural en un domicilio ubicado en calle Justo Estay con Regalado Hern\u00e1ndez, inmueble de propiedad de un voluntario de la&#8230;<\/p>\n","protected":false},"author":482,"featured_media":99524,"comment_status":"closed","ping_status":"closed","sticky":false,"template":"","format":"standard","meta":{"advanced_seo_description":"","jetpack_seo_html_title":"","jetpack_seo_noindex":false,"_jetpack_memberships_contains_paid_content":false,"footnotes":""},"categories":[21],"tags":[],"class_list":["post-99523","post","type-post","status-publish","format-standard","has-post-thumbnail","hentry","category-policial"],"jetpack_featured_media_url":"https:\/\/i0.wp.com\/eltrabajo.cl\/portal\/wp-content\/uploads\/2020\/06\/incendio-bombero.jpg?fit=580%2C359&ssl=1","jetpack_sharing_enabled":true,"jetpack_likes_enabled":true,"jetpack-related-posts":[],"_links":{"self":[{"href":"https:\/\/eltrabajo.cl\/portal\/wp-json\/wp\/v2\/posts\/99523","targetHints":{"allow":["GET"]}}],"collection":[{"href":"https:\/\/eltrabajo.cl\/portal\/wp-json\/wp\/v2\/posts"}],"about":[{"href":"https:\/\/eltrabajo.cl\/portal\/wp-json\/wp\/v2\/types\/post"}],"author":[{"embeddable":true,"href":"https:\/\/eltrabajo.cl\/portal\/wp-json\/wp\/v2\/users\/482"}],"replies":[{"embeddable":true,"href":"https:\/\/eltrabajo.cl\/portal\/wp-json\/wp\/v2\/comments?post=99523"}],"version-history":[{"count":0,"href":"https:\/\/eltrabajo.cl\/portal\/wp-json\/wp\/v2\/posts\/99523\/revisions"}],"wp:featuredmedia":[{"embeddable":true,"href":"https:\/\/eltrabajo.cl\/portal\/wp-json\/wp\/v2\/media\/99524"}],"wp:attachment":[{"href":"https:\/\/eltrabajo.cl\/portal\/wp-json\/wp\/v2\/media?parent=99523"}],"wp:term":[{"taxonomy":"category","embeddable":true,"href":"https:\/\/eltrabajo.cl\/portal\/wp-json\/wp\/v2\/categories?post=99523"},{"taxonomy":"post_tag","embeddable":true,"href":"https:\/\/eltrabajo.cl\/portal\/wp-json\/wp\/v2\/tags?post=99523"}],"curies":[{"name":"wp","href":"https:\/\/api.w.org\/{rel}","templated":true}]}}