{"id":99529,"date":"2020-06-14T22:15:48","date_gmt":"2020-06-15T02:15:48","guid":{"rendered":"https:\/\/www.eltrabajo.cl\/portal\/?p=99529"},"modified":"2020-06-14T22:15:48","modified_gmt":"2020-06-15T02:15:48","slug":"entrega-de-alimentacion-junaeb-incorpora-a-la-educacion-de-adultos","status":"publish","type":"post","link":"https:\/\/eltrabajo.cl\/portal\/entrega-de-alimentacion-junaeb-incorpora-a-la-educacion-de-adultos\/","title":{"rendered":"Entrega de alimentaci\u00f3n Junaeb incorpora a la educaci\u00f3n de adultos"},"content":{"rendered":"<p style=\"text-align: justify;\"><strong>LOS ANDES.- <\/strong>La distribuci\u00f3n de apoyo en alimentaci\u00f3n de Junaeb en Los Andes, incorpor\u00f3 por primera vez a estudiantes de la educaci\u00f3n de adultos de la comuna. Coordinados con los profesores de los distintos establecimientos educacionales, los alumnos llegaron a retirar sus respectivas canastas.<\/p>\n<p style=\"text-align: justify;\">Ana Le\u00f3n, directora de CEIA, destac\u00f3 esta entrega, \u00ab<em>estamos muy contentos porque es un apoyo para nuestras familias que tanto lo necesitan. Hoy estuvimos en Casa Central, la pr\u00f3xima semana llegan para las sedes Gabriela Mistral e Ignacio Carrera Pinto<\/em>\u00bb.<\/p>\n<p style=\"text-align: justify;\">Mar\u00eda De Lima es alumna de CEIA desde el a\u00f1o pasado, aparte del aporte en alimentos, agradece el constante soporte que ha recibido de parte del establecimiento educacional, \u00ab<em>en mi caso yo sal\u00ed de una recuperaci\u00f3n de Coronavirus con mi familia. Ahora estamos recuperados y contamos con el apoyo del colegio, ellos siempre tienen esa preocupaci\u00f3n de saber las necesidades de los alumnos, de saber c\u00f3mo estas emocionalmente, c\u00f3mo estas financieramente, estoy s\u00faper agradecida en todos los sentidos porque de verdad me apoyaron cien por ciento en todo lo que yo necesitaba, y a los dem\u00e1s alumnos igual, el CEIA es mi segunda casa<\/em>\u00bb. El apoyo en alimentaci\u00f3n llega en los pr\u00f3ximos d\u00edas para los alumnos de Liceo Maximiliano Salas March\u00e1n.<\/p>\n<p style=\"text-align: justify;\">\n<figure id=\"attachment_99530\" aria-describedby=\"caption-attachment-99530\" style=\"width: 580px\" class=\"wp-caption alignnone\"><img data-recalc-dims=\"1\" loading=\"lazy\" decoding=\"async\" class=\"size-full wp-image-99530\" src=\"https:\/\/i0.wp.com\/eltrabajo.cl\/portal\/wp-content\/uploads\/2020\/06\/Adultos1.jpg?resize=580%2C359&#038;ssl=1\" alt=\"Alumnos de CEIA Dr. Osvaldo Rojas y Liceo Max Salas reciben canastas durante junio.\" width=\"580\" height=\"359\" srcset=\"https:\/\/i0.wp.com\/eltrabajo.cl\/portal\/wp-content\/uploads\/2020\/06\/Adultos1.jpg?w=580&amp;ssl=1 580w, https:\/\/i0.wp.com\/eltrabajo.cl\/portal\/wp-content\/uploads\/2020\/06\/Adultos1.jpg?resize=300%2C186&amp;ssl=1 300w, https:\/\/i0.wp.com\/eltrabajo.cl\/portal\/wp-content\/uploads\/2020\/06\/Adultos1.jpg?resize=200%2C124&amp;ssl=1 200w, https:\/\/i0.wp.com\/eltrabajo.cl\/portal\/wp-content\/uploads\/2020\/06\/Adultos1.jpg?resize=150%2C93&amp;ssl=1 150w\" sizes=\"auto, (max-width: 580px) 100vw, 580px\" \/><figcaption id=\"caption-attachment-99530\" class=\"wp-caption-text\">Alumnos de CEIA Dr. Osvaldo Rojas y Liceo Max Salas reciben canastas durante junio.<\/figcaption><\/figure>\n","protected":false},"excerpt":{"rendered":"<p>LOS ANDES.- La distribuci\u00f3n de apoyo en alimentaci\u00f3n de Junaeb en Los Andes, incorpor\u00f3 por primera vez a estudiantes de la educaci\u00f3n de adultos de la comuna. Coordinados con los profesores de&#8230;<\/p>\n","protected":false},"author":482,"featured_media":99530,"comment_status":"closed","ping_status":"closed","sticky":false,"template":"","format":"standard","meta":{"advanced_seo_description":"","jetpack_seo_html_title":"","jetpack_seo_noindex":false,"_jetpack_memberships_contains_paid_content":false,"footnotes":""},"categories":[103],"tags":[],"class_list":["post-99529","post","type-post","status-publish","format-standard","has-post-thumbnail","hentry","category-cronica-2"],"jetpack_featured_media_url":"https:\/\/i0.wp.com\/eltrabajo.cl\/portal\/wp-content\/uploads\/2020\/06\/Adultos1.jpg?fit=580%2C359&ssl=1","jetpack_sharing_enabled":true,"jetpack_likes_enabled":true,"jetpack-related-posts":[],"_links":{"self":[{"href":"https:\/\/eltrabajo.cl\/portal\/wp-json\/wp\/v2\/posts\/99529","targetHints":{"allow":["GET"]}}],"collection":[{"href":"https:\/\/eltrabajo.cl\/portal\/wp-json\/wp\/v2\/posts"}],"about":[{"href":"https:\/\/eltrabajo.cl\/portal\/wp-json\/wp\/v2\/types\/post"}],"author":[{"embeddable":true,"href":"https:\/\/eltrabajo.cl\/portal\/wp-json\/wp\/v2\/users\/482"}],"replies":[{"embeddable":true,"href":"https:\/\/eltrabajo.cl\/portal\/wp-json\/wp\/v2\/comments?post=99529"}],"version-history":[{"count":0,"href":"https:\/\/eltrabajo.cl\/portal\/wp-json\/wp\/v2\/posts\/99529\/revisions"}],"wp:featuredmedia":[{"embeddable":true,"href":"https:\/\/eltrabajo.cl\/portal\/wp-json\/wp\/v2\/media\/99530"}],"wp:attachment":[{"href":"https:\/\/eltrabajo.cl\/portal\/wp-json\/wp\/v2\/media?parent=99529"}],"wp:term":[{"taxonomy":"category","embeddable":true,"href":"https:\/\/eltrabajo.cl\/portal\/wp-json\/wp\/v2\/categories?post=99529"},{"taxonomy":"post_tag","embeddable":true,"href":"https:\/\/eltrabajo.cl\/portal\/wp-json\/wp\/v2\/tags?post=99529"}],"curies":[{"name":"wp","href":"https:\/\/api.w.org\/{rel}","templated":true}]}}