{"id":99532,"date":"2020-06-14T22:17:44","date_gmt":"2020-06-15T02:17:44","guid":{"rendered":"https:\/\/www.eltrabajo.cl\/portal\/?p=99532"},"modified":"2020-06-14T22:17:44","modified_gmt":"2020-06-15T02:17:44","slug":"camioneta-de-seguridad-ciudadana-choca-con-automovil","status":"publish","type":"post","link":"https:\/\/eltrabajo.cl\/portal\/camioneta-de-seguridad-ciudadana-choca-con-automovil\/","title":{"rendered":"Camioneta de seguridad ciudadana choca con autom\u00f3vil"},"content":{"rendered":"<p style=\"text-align: justify;\"><span style=\"color: #c81400;\"><strong>Toro Mazote-Santo Domingo:<\/strong><\/span><\/p>\n<p style=\"text-align: justify;\">Una camioneta de seguridad ciudadana de la Municipalidad de San Felipe choc\u00f3 con un autom\u00f3vil en la intersecci\u00f3n de las calles Toro Mazote con Santo Domingo.<\/p>\n<p style=\"text-align: justify;\">El accidente se produjo este viernes a eso de las 18:30 horas aproximadamente, cuando seg\u00fan testigos, la camioneta de seguridad ciudadana patente JVTP-63 ven\u00eda por Calle Toro Mazote en direcci\u00f3n norte a sur, y al llegar a Calle Santo Domingo no se habr\u00eda detenido frente al signo Pare existente en el lugar chocando en el costado derecho, al autom\u00f3vil marca Mazda FCYV-62 conducido por una joven que se dirig\u00eda por esta calle en direcci\u00f3n Oriente a Poniente. Es decir, en favor del sentido del tr\u00e1nsito.<\/p>\n<p style=\"text-align: justify;\">La conductora se baj\u00f3 muy choqueada del veh\u00edculo, iba acompa\u00f1ada de una adolescente. Ambas fueron atendidas por personal del SAMU que lleg\u00f3 al lugar. De todas maneras, en todo momento estuvieron conscientes conversando con los param\u00e9dicos.<\/p>\n<p style=\"text-align: justify;\">Ambos veh\u00edculos resultaron con da\u00f1os en sus estructuras; la camioneta en la parte delantera, mientras que el autom\u00f3vil en el costado derecho. Este \u00faltimo estuvo a punto de terminar incrustado en el poste que sostiene la c\u00e1mara de tele vigilancia. Seg\u00fan la informaci\u00f3n que pudimos recoger en el sitio del suceso, la camioneta ven\u00eda de participar en un operativo de ayuda por la contingencia.<\/p>\n<figure id=\"attachment_99533\" aria-describedby=\"caption-attachment-99533\" style=\"width: 580px\" class=\"wp-caption alignnone\"><img data-recalc-dims=\"1\" loading=\"lazy\" decoding=\"async\" class=\"size-full wp-image-99533\" src=\"https:\/\/i0.wp.com\/eltrabajo.cl\/portal\/wp-content\/uploads\/2020\/06\/Choque.jpg?resize=580%2C360&#038;ssl=1\" alt=\"En esa posici\u00f3n quedaron ambos veh\u00edculos en la intersecci\u00f3n de Toro Mazote y Santo Domingo.\" width=\"580\" height=\"360\" srcset=\"https:\/\/i0.wp.com\/eltrabajo.cl\/portal\/wp-content\/uploads\/2020\/06\/Choque.jpg?w=580&amp;ssl=1 580w, https:\/\/i0.wp.com\/eltrabajo.cl\/portal\/wp-content\/uploads\/2020\/06\/Choque.jpg?resize=300%2C186&amp;ssl=1 300w, https:\/\/i0.wp.com\/eltrabajo.cl\/portal\/wp-content\/uploads\/2020\/06\/Choque.jpg?resize=200%2C124&amp;ssl=1 200w, https:\/\/i0.wp.com\/eltrabajo.cl\/portal\/wp-content\/uploads\/2020\/06\/Choque.jpg?resize=150%2C93&amp;ssl=1 150w\" sizes=\"auto, (max-width: 580px) 100vw, 580px\" \/><figcaption id=\"caption-attachment-99533\" class=\"wp-caption-text\">En esa posici\u00f3n quedaron ambos veh\u00edculos en la intersecci\u00f3n de Toro Mazote y Santo Domingo.<\/figcaption><\/figure>\n","protected":false},"excerpt":{"rendered":"<p>Toro Mazote-Santo Domingo: Una camioneta de seguridad ciudadana de la Municipalidad de San Felipe choc\u00f3 con un autom\u00f3vil en la intersecci\u00f3n de las calles Toro Mazote con Santo Domingo. El accidente se&#8230;<\/p>\n","protected":false},"author":482,"featured_media":99533,"comment_status":"closed","ping_status":"closed","sticky":false,"template":"","format":"standard","meta":{"advanced_seo_description":"","jetpack_seo_html_title":"","jetpack_seo_noindex":false,"_jetpack_memberships_contains_paid_content":false,"footnotes":""},"categories":[21],"tags":[],"class_list":["post-99532","post","type-post","status-publish","format-standard","has-post-thumbnail","hentry","category-policial"],"jetpack_featured_media_url":"https:\/\/i0.wp.com\/eltrabajo.cl\/portal\/wp-content\/uploads\/2020\/06\/Choque.jpg?fit=580%2C360&ssl=1","jetpack_sharing_enabled":true,"jetpack_likes_enabled":true,"jetpack-related-posts":[],"_links":{"self":[{"href":"https:\/\/eltrabajo.cl\/portal\/wp-json\/wp\/v2\/posts\/99532","targetHints":{"allow":["GET"]}}],"collection":[{"href":"https:\/\/eltrabajo.cl\/portal\/wp-json\/wp\/v2\/posts"}],"about":[{"href":"https:\/\/eltrabajo.cl\/portal\/wp-json\/wp\/v2\/types\/post"}],"author":[{"embeddable":true,"href":"https:\/\/eltrabajo.cl\/portal\/wp-json\/wp\/v2\/users\/482"}],"replies":[{"embeddable":true,"href":"https:\/\/eltrabajo.cl\/portal\/wp-json\/wp\/v2\/comments?post=99532"}],"version-history":[{"count":0,"href":"https:\/\/eltrabajo.cl\/portal\/wp-json\/wp\/v2\/posts\/99532\/revisions"}],"wp:featuredmedia":[{"embeddable":true,"href":"https:\/\/eltrabajo.cl\/portal\/wp-json\/wp\/v2\/media\/99533"}],"wp:attachment":[{"href":"https:\/\/eltrabajo.cl\/portal\/wp-json\/wp\/v2\/media?parent=99532"}],"wp:term":[{"taxonomy":"category","embeddable":true,"href":"https:\/\/eltrabajo.cl\/portal\/wp-json\/wp\/v2\/categories?post=99532"},{"taxonomy":"post_tag","embeddable":true,"href":"https:\/\/eltrabajo.cl\/portal\/wp-json\/wp\/v2\/tags?post=99532"}],"curies":[{"name":"wp","href":"https:\/\/api.w.org\/{rel}","templated":true}]}}