{"id":99535,"date":"2020-06-15T07:40:37","date_gmt":"2020-06-15T11:40:37","guid":{"rendered":"https:\/\/www.eltrabajo.cl\/portal\/?p=99535"},"modified":"2020-06-14T22:20:43","modified_gmt":"2020-06-15T02:20:43","slug":"operacion-unita-pdi-incauta-mas-de-86-millones-de-pesos-en-cannabis-sativa","status":"publish","type":"post","link":"https:\/\/eltrabajo.cl\/portal\/operacion-unita-pdi-incauta-mas-de-86-millones-de-pesos-en-cannabis-sativa\/","title":{"rendered":"\u2018Operaci\u00f3n Unita\u2019: PDI incauta m\u00e1s de 86 millones de pesos en cannabis sativa"},"content":{"rendered":"<p style=\"text-align: justify;\">Oficiales de la Brigada Antinarc\u00f3ticos y contra el Crimen Organizado (Brianco) Los Andes de la Polic\u00eda de Investigaciones de Chile, en un trabajo conjunto con el Ministerio P\u00fablico, detuvieron a tres personas e incautaron m\u00e1s de 16.700 dosis de cannabis sativa, avaluadas en m\u00e1s de $86 millones, en el marco de la \u2018Operaci\u00f3n Unita\u2019.<\/p>\n<p style=\"text-align: justify;\">\u00ab<em>El trabajo de an\u00e1lisis criminal y de inteligencia policial permiti\u00f3 a los detectives establecer que los detenidos formaban parte de una banda criminal \u00a0dedicada a comercializar droga en las comunas de Los Andes y San Felipe, quienes manten\u00edan cultivos Indoor en terrenos agr\u00edcolas, los que posteriormente cosechaban para proceder a las ventas entre los consumidores locales<\/em>\u00bb, dijo el Comisario Mauricio Fuentes Jefe de la Brianco.<\/p>\n<p style=\"text-align: justify;\">En este operativo la PDI incaut\u00f3 2 kilos 851 gramos de sumidades floridas de marihuana y 29 plantas de 120 cm. de altura del mismo alucin\u00f3geno, adem\u00e1s, de un veh\u00edculo, dos kits de de cultivo casero y $2.900.000 en efectivo. Los imputados, <strong>A.F.M.C.<\/strong>, <strong>B.R.L.G.<\/strong> y la mujer <strong>L.E.D.G.<\/strong>, fueron puestos a disposici\u00f3n del Juzgado de Garant\u00eda de Los Andes, para su respectivo control de detenci\u00f3n.<\/p>\n<p style=\"text-align: justify;\">\n<p style=\"text-align: justify;\"><span style=\"color: #c81400;\"><strong>CULTIVO INDOOR<\/strong><\/span><\/p>\n<p style=\"text-align: justify;\">Los sistemas de <strong>cultivo Indoor<\/strong> se utilizan para cualquier tipo de planta que el cliente quiera tener, porque al poder regular par\u00e1metros internos como la humedad, la temperatura, el tipo y la cantidad de horas de luz, puedes tener una planta tropical, una planta del desierto o una de temperaturas bajas.<\/p>\n<p style=\"text-align: justify;\">\n<figure id=\"attachment_99536\" aria-describedby=\"caption-attachment-99536\" style=\"width: 580px\" class=\"wp-caption alignnone\"><img data-recalc-dims=\"1\" loading=\"lazy\" decoding=\"async\" class=\"size-full wp-image-99536\" src=\"https:\/\/i0.wp.com\/eltrabajo.cl\/portal\/wp-content\/uploads\/2020\/06\/Indoor.jpg?resize=580%2C359&#038;ssl=1\" alt=\"La marihuana dentro de frasco que incaut\u00f3 la PDI\" width=\"580\" height=\"359\" srcset=\"https:\/\/i0.wp.com\/eltrabajo.cl\/portal\/wp-content\/uploads\/2020\/06\/Indoor.jpg?w=580&amp;ssl=1 580w, https:\/\/i0.wp.com\/eltrabajo.cl\/portal\/wp-content\/uploads\/2020\/06\/Indoor.jpg?resize=300%2C186&amp;ssl=1 300w, https:\/\/i0.wp.com\/eltrabajo.cl\/portal\/wp-content\/uploads\/2020\/06\/Indoor.jpg?resize=200%2C124&amp;ssl=1 200w, https:\/\/i0.wp.com\/eltrabajo.cl\/portal\/wp-content\/uploads\/2020\/06\/Indoor.jpg?resize=150%2C93&amp;ssl=1 150w\" sizes=\"auto, (max-width: 580px) 100vw, 580px\" \/><figcaption id=\"caption-attachment-99536\" class=\"wp-caption-text\">La marihuana dentro de frasco que incaut\u00f3 la PDI<\/figcaption><\/figure>\n","protected":false},"excerpt":{"rendered":"<p>Oficiales de la Brigada Antinarc\u00f3ticos y contra el Crimen Organizado (Brianco) Los Andes de la Polic\u00eda de Investigaciones de Chile, en un trabajo conjunto con el Ministerio P\u00fablico, detuvieron a tres personas&#8230;<\/p>\n","protected":false},"author":482,"featured_media":99536,"comment_status":"closed","ping_status":"closed","sticky":false,"template":"","format":"standard","meta":{"advanced_seo_description":"","jetpack_seo_html_title":"","jetpack_seo_noindex":false,"_jetpack_memberships_contains_paid_content":false,"footnotes":""},"categories":[21],"tags":[],"class_list":["post-99535","post","type-post","status-publish","format-standard","has-post-thumbnail","hentry","category-policial"],"jetpack_featured_media_url":"https:\/\/i0.wp.com\/eltrabajo.cl\/portal\/wp-content\/uploads\/2020\/06\/Indoor.jpg?fit=580%2C359&ssl=1","jetpack_sharing_enabled":true,"jetpack_likes_enabled":true,"jetpack-related-posts":[],"_links":{"self":[{"href":"https:\/\/eltrabajo.cl\/portal\/wp-json\/wp\/v2\/posts\/99535","targetHints":{"allow":["GET"]}}],"collection":[{"href":"https:\/\/eltrabajo.cl\/portal\/wp-json\/wp\/v2\/posts"}],"about":[{"href":"https:\/\/eltrabajo.cl\/portal\/wp-json\/wp\/v2\/types\/post"}],"author":[{"embeddable":true,"href":"https:\/\/eltrabajo.cl\/portal\/wp-json\/wp\/v2\/users\/482"}],"replies":[{"embeddable":true,"href":"https:\/\/eltrabajo.cl\/portal\/wp-json\/wp\/v2\/comments?post=99535"}],"version-history":[{"count":0,"href":"https:\/\/eltrabajo.cl\/portal\/wp-json\/wp\/v2\/posts\/99535\/revisions"}],"wp:featuredmedia":[{"embeddable":true,"href":"https:\/\/eltrabajo.cl\/portal\/wp-json\/wp\/v2\/media\/99536"}],"wp:attachment":[{"href":"https:\/\/eltrabajo.cl\/portal\/wp-json\/wp\/v2\/media?parent=99535"}],"wp:term":[{"taxonomy":"category","embeddable":true,"href":"https:\/\/eltrabajo.cl\/portal\/wp-json\/wp\/v2\/categories?post=99535"},{"taxonomy":"post_tag","embeddable":true,"href":"https:\/\/eltrabajo.cl\/portal\/wp-json\/wp\/v2\/tags?post=99535"}],"curies":[{"name":"wp","href":"https:\/\/api.w.org\/{rel}","templated":true}]}}