{"id":99538,"date":"2020-06-15T07:45:55","date_gmt":"2020-06-15T11:45:55","guid":{"rendered":"https:\/\/www.eltrabajo.cl\/portal\/?p=99538"},"modified":"2020-06-14T22:22:30","modified_gmt":"2020-06-15T02:22:30","slug":"en-septiembre-partiria-el-torneo-de-la-tercera-a","status":"publish","type":"post","link":"https:\/\/eltrabajo.cl\/portal\/en-septiembre-partiria-el-torneo-de-la-tercera-a\/","title":{"rendered":"En septiembre partir\u00eda el torneo de la Tercera A"},"content":{"rendered":"<ul>\n<li style=\"text-align: justify;\"><strong>Trasandino est\u00e1 a las expectativas de lo que muy pronto resolver\u00e1 el directorio de la ANFA.<\/strong><\/li>\n<\/ul>\n<p style=\"text-align: justify;\">As\u00ed como el f\u00fatbol profesional puso como fecha de reinicio de sus torneos el 31 de julio. Las series mayores (A y B) de la Asociaci\u00f3n de F\u00fatbol Amateur (Anfa) tienen en mente partir con sus competencias en el mes de septiembre. La posibilidad de comenzar en el Mes de la Patria tiene su sustento en el hecho que se supone que en ese entonces el brote del Covid-19 deber\u00eda estar m\u00e1s controlado en el pa\u00eds, algo completamente previsible si se tiene como experiencia lo sucedido en Europa, donde el cambio de estaci\u00f3n permiti\u00f3 que el virus diera una tregua.<\/p>\n<p style=\"text-align: justify;\">A mediados de la semana pasada la ANFA sostuvo una reuni\u00f3n con representantes de los clubes de la zona norte. En es oportunidad se debati\u00f3 sobre la fecha del retorno, adem\u00e1s de las condiciones en que se deber\u00e1 desenvolver el torneo, ya que es un hecho que los partidos ser\u00e1n sin p\u00fablico, por lo que se deber\u00e1 buscar alternativas para allegar y paliar en algo la falta de ingresos por conceptos de entradas que sufrir\u00e1n las instituciones. Entre ellas Trasandino de Los Andes.<\/p>\n<p style=\"text-align: justify;\">Una de las alternativas seria vender los derechos de televisi\u00f3n a alg\u00fan canal de alcance nacional o incluso local que podr\u00eda interesarse en el producto, y que podr\u00eda resultarle un buen negocio al vender la publicidad. Tambi\u00e9n se determin\u00f3 que, si se regresa en septiembre, el retorno a los entrenamientos deber\u00eda producirse entre julio y agosto bajo estrictos protocolos sanitarios, que por lo dem\u00e1s muchos clubes no estar\u00e1n en condiciones de solventar.<\/p>\n<p style=\"text-align: justify;\">\n<figure id=\"attachment_99539\" aria-describedby=\"caption-attachment-99539\" style=\"width: 580px\" class=\"wp-caption alignnone\"><img data-recalc-dims=\"1\" loading=\"lazy\" decoding=\"async\" class=\"size-full wp-image-99539\" src=\"https:\/\/i0.wp.com\/eltrabajo.cl\/portal\/wp-content\/uploads\/2020\/06\/trasandino.jpg?resize=580%2C360&#038;ssl=1\" alt=\"Entre julio y agosto Trasandino deber\u00eda retomar los entrenamientos.\" width=\"580\" height=\"360\" srcset=\"https:\/\/i0.wp.com\/eltrabajo.cl\/portal\/wp-content\/uploads\/2020\/06\/trasandino.jpg?w=580&amp;ssl=1 580w, https:\/\/i0.wp.com\/eltrabajo.cl\/portal\/wp-content\/uploads\/2020\/06\/trasandino.jpg?resize=300%2C186&amp;ssl=1 300w, https:\/\/i0.wp.com\/eltrabajo.cl\/portal\/wp-content\/uploads\/2020\/06\/trasandino.jpg?resize=200%2C124&amp;ssl=1 200w, https:\/\/i0.wp.com\/eltrabajo.cl\/portal\/wp-content\/uploads\/2020\/06\/trasandino.jpg?resize=150%2C93&amp;ssl=1 150w\" sizes=\"auto, (max-width: 580px) 100vw, 580px\" \/><figcaption id=\"caption-attachment-99539\" class=\"wp-caption-text\">Entre julio y agosto Trasandino deber\u00eda retomar los entrenamientos.<\/figcaption><\/figure>\n","protected":false},"excerpt":{"rendered":"<p>Trasandino est\u00e1 a las expectativas de lo que muy pronto resolver\u00e1 el directorio de la ANFA. As\u00ed como el f\u00fatbol profesional puso como fecha de reinicio de sus torneos el 31 de&#8230;<\/p>\n","protected":false},"author":482,"featured_media":99539,"comment_status":"closed","ping_status":"closed","sticky":false,"template":"","format":"standard","meta":{"advanced_seo_description":"","jetpack_seo_html_title":"","jetpack_seo_noindex":false,"_jetpack_memberships_contains_paid_content":false,"footnotes":""},"categories":[19],"tags":[],"class_list":["post-99538","post","type-post","status-publish","format-standard","has-post-thumbnail","hentry","category-deportes"],"jetpack_featured_media_url":"https:\/\/i0.wp.com\/eltrabajo.cl\/portal\/wp-content\/uploads\/2020\/06\/trasandino.jpg?fit=580%2C360&ssl=1","jetpack_sharing_enabled":true,"jetpack_likes_enabled":true,"jetpack-related-posts":[],"_links":{"self":[{"href":"https:\/\/eltrabajo.cl\/portal\/wp-json\/wp\/v2\/posts\/99538","targetHints":{"allow":["GET"]}}],"collection":[{"href":"https:\/\/eltrabajo.cl\/portal\/wp-json\/wp\/v2\/posts"}],"about":[{"href":"https:\/\/eltrabajo.cl\/portal\/wp-json\/wp\/v2\/types\/post"}],"author":[{"embeddable":true,"href":"https:\/\/eltrabajo.cl\/portal\/wp-json\/wp\/v2\/users\/482"}],"replies":[{"embeddable":true,"href":"https:\/\/eltrabajo.cl\/portal\/wp-json\/wp\/v2\/comments?post=99538"}],"version-history":[{"count":0,"href":"https:\/\/eltrabajo.cl\/portal\/wp-json\/wp\/v2\/posts\/99538\/revisions"}],"wp:featuredmedia":[{"embeddable":true,"href":"https:\/\/eltrabajo.cl\/portal\/wp-json\/wp\/v2\/media\/99539"}],"wp:attachment":[{"href":"https:\/\/eltrabajo.cl\/portal\/wp-json\/wp\/v2\/media?parent=99538"}],"wp:term":[{"taxonomy":"category","embeddable":true,"href":"https:\/\/eltrabajo.cl\/portal\/wp-json\/wp\/v2\/categories?post=99538"},{"taxonomy":"post_tag","embeddable":true,"href":"https:\/\/eltrabajo.cl\/portal\/wp-json\/wp\/v2\/tags?post=99538"}],"curies":[{"name":"wp","href":"https:\/\/api.w.org\/{rel}","templated":true}]}}