{"id":99546,"date":"2020-06-15T07:55:46","date_gmt":"2020-06-15T11:55:46","guid":{"rendered":"https:\/\/www.eltrabajo.cl\/portal\/?p=99546"},"modified":"2020-06-14T22:28:35","modified_gmt":"2020-06-15T02:28:35","slug":"con-muchas-donaciones-finalizo-campana-solidaria-para-familias-bolivianas","status":"publish","type":"post","link":"https:\/\/eltrabajo.cl\/portal\/con-muchas-donaciones-finalizo-campana-solidaria-para-familias-bolivianas\/","title":{"rendered":"Con muchas donaciones finaliz\u00f3 campa\u00f1a solidaria para familias bolivianas"},"content":{"rendered":"<p style=\"text-align: justify;\"><span style=\"color: #c81400;\"><strong>Mercader\u00eda, ropa, zapatos, cocinas y hasta estufa para el fr\u00edo:<\/strong><\/span><\/p>\n<p style=\"text-align: justify;\">Luego que en <strong>Diario El Trabajo<\/strong> inici\u00e1ramos una campa\u00f1a solidaria para auxiliar a tres familias bolivianas procedentes de Cochabamba y residentes en nuestra comuna las reacciones de nuestros lectores y de personas de todo el Valle de Aconcagua no se hicieron esperar, participando Carabineros, Dideco San Felipe, la Oficina Municipal de Migrantes, manos an\u00f3nimas y muchos de nuestros lectores.<\/p>\n<p style=\"text-align: justify;\">Nuestras c\u00e1maras visitaron a estas familias la tarde del s\u00e1bado en Villa Las Palmeras (Venezuela 1036), en ese lugar <strong>Miguel Oporto<\/strong>, otro de los padres de familia, nos habl\u00f3 para agradecer a todos sus benefactores, \u00ab<em>queremos como familias agradecer a todos quienes llegaron a ayudarnos tras las publicaciones de Diario El Trabajo, deseamos que papa Dios siempre los bendiga a todas las personas, nuestros hijos est\u00e1n muy alegres pues tambi\u00e9n nos donaron juguetes y l\u00e1pices para colorear con sus libros<\/em>\u00bb, dijo Oporto a nuestro medio.<\/p>\n<p style=\"text-align: justify;\">\n<p style=\"text-align: justify;\"><span style=\"color: #c81400;\"><strong>HERO\u00cdNA AN\u00d3NIMA<\/strong><\/span><\/p>\n<p style=\"text-align: justify;\">Aunque ella no quiso aparecer en c\u00e1maras, es importante se\u00f1alar que el g\u00e9nesis de esta campa\u00f1a humanitaria lo gener\u00f3 la vecina de estas familias, <strong>Viviana Ram\u00edrez Astudillo<\/strong>, quien ha coordinado casi todas las acciones sin buscar protagonismo. Dicho esto y despu\u00e9s que publicamos la noticia, el primero en reaccionar fue el propio coordinador de la Oficina Municipal de Migraci\u00f3n, <strong>Jorge Rubio<\/strong>, quien la misma noche del mi\u00e9rcoles lleg\u00f3 con mercader\u00eda y levant\u00f3 un informe sobre cada uno de los integrantes de estas familias para iniciar con el proceso de regulaci\u00f3n migratoria y confecci\u00f3n de su Registro Social de Hogares.<\/p>\n<p style=\"text-align: justify;\">Ya en horas de la ma\u00f1ana las llamadas telef\u00f3nicas a <strong>Diario El Trabajo<\/strong> y tambi\u00e9n a do\u00f1a Viviana fueron bastantes y poco a poco los recursos est\u00e1n llegando a las manos que necesitan la ayuda. Entre las instituciones que se han hecho presente con mercader\u00eda, est\u00e1 la Oficina de Integraci\u00f3n Comunitaria de la Segunda Comisar\u00eda de Carabineros San Felipe, en este caso representada por el cabo 1\u00ba <strong>Alexi Araneda<\/strong> y el sargento 1\u00ba <strong>Alejandro Mart\u00ednez<\/strong>, ellos tambi\u00e9n activaron otras redes de voluntariados locales y la ayuda empez\u00f3 a llegar.<\/p>\n<p style=\"text-align: justify;\">\n<p style=\"text-align: justify;\"><span style=\"color: #c81400;\"><strong>MILL\u00d3N DE GRACIAS<\/strong><\/span><\/p>\n<p style=\"text-align: justify;\">Entre las donaciones recibidas, este grupo familiar recibi\u00f3 dos cocinas y una estufa con su cilindro de gas lleno, mucha mercader\u00eda, ropa, zapatos y hasta juguetes para los ni\u00f1os.<\/p>\n<p style=\"text-align: justify;\">Todo el personal administrativo, gerencial y period\u00edstico de <strong>Diario El Trabajo <\/strong>hoy agradecemos p\u00fablicamente a todas las personas e instituciones por la r\u00e1pida y oportuna ayuda brindada a estas familias tras nuestro urgente llamado.<\/p>\n<p style=\"text-align: justify;\"><strong>Roberto Gonz\u00e1lez Short<\/strong><\/p>\n<p style=\"text-align: justify;\">\n<figure id=\"attachment_99547\" aria-describedby=\"caption-attachment-99547\" style=\"width: 580px\" class=\"wp-caption alignnone\"><img data-recalc-dims=\"1\" loading=\"lazy\" decoding=\"async\" class=\"size-full wp-image-99547\" src=\"https:\/\/i0.wp.com\/eltrabajo.cl\/portal\/wp-content\/uploads\/2020\/06\/Cierre1.jpg?resize=580%2C360&#038;ssl=1\" alt=\"FAMILIAS AGRADECIDAS.- Ellos son la mayor\u00eda de las personas favorecidos con la cari\u00f1osa entrega de muchos vecinos ante su situaci\u00f3n ya conocida.\" width=\"580\" height=\"360\" srcset=\"https:\/\/i0.wp.com\/eltrabajo.cl\/portal\/wp-content\/uploads\/2020\/06\/Cierre1.jpg?w=580&amp;ssl=1 580w, https:\/\/i0.wp.com\/eltrabajo.cl\/portal\/wp-content\/uploads\/2020\/06\/Cierre1.jpg?resize=300%2C186&amp;ssl=1 300w, https:\/\/i0.wp.com\/eltrabajo.cl\/portal\/wp-content\/uploads\/2020\/06\/Cierre1.jpg?resize=200%2C124&amp;ssl=1 200w, https:\/\/i0.wp.com\/eltrabajo.cl\/portal\/wp-content\/uploads\/2020\/06\/Cierre1.jpg?resize=150%2C93&amp;ssl=1 150w\" sizes=\"auto, (max-width: 580px) 100vw, 580px\" \/><figcaption id=\"caption-attachment-99547\" class=\"wp-caption-text\">FAMILIAS AGRADECIDAS.- Ellos son la mayor\u00eda de las personas favorecidos con la cari\u00f1osa entrega de muchos vecinos ante su situaci\u00f3n ya conocida.<\/figcaption><\/figure>\n<figure id=\"attachment_99548\" aria-describedby=\"caption-attachment-99548\" style=\"width: 580px\" class=\"wp-caption alignnone\"><img data-recalc-dims=\"1\" loading=\"lazy\" decoding=\"async\" class=\"size-full wp-image-99548\" src=\"https:\/\/i0.wp.com\/eltrabajo.cl\/portal\/wp-content\/uploads\/2020\/06\/Cierre2.jpg?resize=580%2C359&#038;ssl=1\" alt=\"MUCHAS DONACIONES.- Aqu\u00ed vemos mercader\u00eda, una cocina con su cilindro, todo donado por nuestros lectores y vecinos an\u00f3nimos.\" width=\"580\" height=\"359\" srcset=\"https:\/\/i0.wp.com\/eltrabajo.cl\/portal\/wp-content\/uploads\/2020\/06\/Cierre2.jpg?w=580&amp;ssl=1 580w, https:\/\/i0.wp.com\/eltrabajo.cl\/portal\/wp-content\/uploads\/2020\/06\/Cierre2.jpg?resize=300%2C186&amp;ssl=1 300w, https:\/\/i0.wp.com\/eltrabajo.cl\/portal\/wp-content\/uploads\/2020\/06\/Cierre2.jpg?resize=200%2C124&amp;ssl=1 200w, https:\/\/i0.wp.com\/eltrabajo.cl\/portal\/wp-content\/uploads\/2020\/06\/Cierre2.jpg?resize=150%2C93&amp;ssl=1 150w\" sizes=\"auto, (max-width: 580px) 100vw, 580px\" \/><figcaption id=\"caption-attachment-99548\" class=\"wp-caption-text\">MUCHAS DONACIONES.- Aqu\u00ed vemos mercader\u00eda, una cocina con su cilindro, todo donado por nuestros lectores y vecinos an\u00f3nimos.<\/figcaption><\/figure>\n<figure id=\"attachment_99549\" aria-describedby=\"caption-attachment-99549\" style=\"width: 580px\" class=\"wp-caption alignnone\"><img data-recalc-dims=\"1\" loading=\"lazy\" decoding=\"async\" class=\"size-full wp-image-99549\" src=\"https:\/\/i0.wp.com\/eltrabajo.cl\/portal\/wp-content\/uploads\/2020\/06\/Cierre3.jpg?resize=580%2C360&#038;ssl=1\" alt=\"EN PERFECTO ESTADO.- Esta es otra de las cocinas donadas a estas tres familias, lo que les ha cambiado la vida a todos.\" width=\"580\" height=\"360\" srcset=\"https:\/\/i0.wp.com\/eltrabajo.cl\/portal\/wp-content\/uploads\/2020\/06\/Cierre3.jpg?w=580&amp;ssl=1 580w, https:\/\/i0.wp.com\/eltrabajo.cl\/portal\/wp-content\/uploads\/2020\/06\/Cierre3.jpg?resize=300%2C186&amp;ssl=1 300w, https:\/\/i0.wp.com\/eltrabajo.cl\/portal\/wp-content\/uploads\/2020\/06\/Cierre3.jpg?resize=200%2C124&amp;ssl=1 200w, https:\/\/i0.wp.com\/eltrabajo.cl\/portal\/wp-content\/uploads\/2020\/06\/Cierre3.jpg?resize=150%2C93&amp;ssl=1 150w\" sizes=\"auto, (max-width: 580px) 100vw, 580px\" \/><figcaption id=\"caption-attachment-99549\" class=\"wp-caption-text\">EN PERFECTO ESTADO.- Esta es otra de las cocinas donadas a estas tres familias, lo que les ha cambiado la vida a todos.<\/figcaption><\/figure>\n<figure id=\"attachment_99551\" aria-describedby=\"caption-attachment-99551\" style=\"width: 580px\" class=\"wp-caption alignnone\"><img data-recalc-dims=\"1\" loading=\"lazy\" decoding=\"async\" class=\"size-full wp-image-99551\" src=\"https:\/\/i0.wp.com\/eltrabajo.cl\/portal\/wp-content\/uploads\/2020\/06\/Cierre_Miguel-Oporto.jpg?resize=580%2C600&#038;ssl=1\" alt=\"Miguel Oporto, uno de los agradecidos bolivianos.\" width=\"580\" height=\"600\" srcset=\"https:\/\/i0.wp.com\/eltrabajo.cl\/portal\/wp-content\/uploads\/2020\/06\/Cierre_Miguel-Oporto.jpg?w=580&amp;ssl=1 580w, https:\/\/i0.wp.com\/eltrabajo.cl\/portal\/wp-content\/uploads\/2020\/06\/Cierre_Miguel-Oporto.jpg?resize=290%2C300&amp;ssl=1 290w, https:\/\/i0.wp.com\/eltrabajo.cl\/portal\/wp-content\/uploads\/2020\/06\/Cierre_Miguel-Oporto.jpg?resize=145%2C150&amp;ssl=1 145w\" sizes=\"auto, (max-width: 580px) 100vw, 580px\" \/><figcaption id=\"caption-attachment-99551\" class=\"wp-caption-text\">Miguel Oporto, uno de los agradecidos bolivianos.<\/figcaption><\/figure>\n<figure id=\"attachment_99550\" aria-describedby=\"caption-attachment-99550\" style=\"width: 580px\" class=\"wp-caption alignnone\"><img data-recalc-dims=\"1\" loading=\"lazy\" decoding=\"async\" class=\"size-full wp-image-99550\" src=\"https:\/\/i0.wp.com\/eltrabajo.cl\/portal\/wp-content\/uploads\/2020\/06\/Cierre4.jpg?resize=580%2C700&#038;ssl=1\" alt=\"NO M\u00c1S HAMBRE.- Tambi\u00e9n verduras y legumbres llegaron para todos, la campa\u00f1a fue todo un \u00e9xito.\" width=\"580\" height=\"700\" srcset=\"https:\/\/i0.wp.com\/eltrabajo.cl\/portal\/wp-content\/uploads\/2020\/06\/Cierre4.jpg?w=580&amp;ssl=1 580w, https:\/\/i0.wp.com\/eltrabajo.cl\/portal\/wp-content\/uploads\/2020\/06\/Cierre4.jpg?resize=249%2C300&amp;ssl=1 249w, https:\/\/i0.wp.com\/eltrabajo.cl\/portal\/wp-content\/uploads\/2020\/06\/Cierre4.jpg?resize=124%2C150&amp;ssl=1 124w\" sizes=\"auto, (max-width: 580px) 100vw, 580px\" \/><figcaption id=\"caption-attachment-99550\" class=\"wp-caption-text\">NO M\u00c1S HAMBRE.- Tambi\u00e9n verduras y legumbres llegaron para todos, la campa\u00f1a fue todo un \u00e9xito.<\/figcaption><\/figure>\n","protected":false},"excerpt":{"rendered":"<p>Mercader\u00eda, ropa, zapatos, cocinas y hasta estufa para el fr\u00edo: Luego que en Diario El Trabajo inici\u00e1ramos una campa\u00f1a solidaria para auxiliar a tres familias bolivianas procedentes de Cochabamba y residentes en&#8230;<\/p>\n","protected":false},"author":482,"featured_media":99547,"comment_status":"closed","ping_status":"closed","sticky":false,"template":"","format":"standard","meta":{"advanced_seo_description":"","jetpack_seo_html_title":"","jetpack_seo_noindex":false,"_jetpack_memberships_contains_paid_content":false,"footnotes":""},"categories":[15],"tags":[],"class_list":["post-99546","post","type-post","status-publish","format-standard","has-post-thumbnail","hentry","category-comunidad"],"jetpack_featured_media_url":"https:\/\/i0.wp.com\/eltrabajo.cl\/portal\/wp-content\/uploads\/2020\/06\/Cierre1.jpg?fit=580%2C360&ssl=1","jetpack_sharing_enabled":true,"jetpack_likes_enabled":true,"jetpack-related-posts":[],"_links":{"self":[{"href":"https:\/\/eltrabajo.cl\/portal\/wp-json\/wp\/v2\/posts\/99546","targetHints":{"allow":["GET"]}}],"collection":[{"href":"https:\/\/eltrabajo.cl\/portal\/wp-json\/wp\/v2\/posts"}],"about":[{"href":"https:\/\/eltrabajo.cl\/portal\/wp-json\/wp\/v2\/types\/post"}],"author":[{"embeddable":true,"href":"https:\/\/eltrabajo.cl\/portal\/wp-json\/wp\/v2\/users\/482"}],"replies":[{"embeddable":true,"href":"https:\/\/eltrabajo.cl\/portal\/wp-json\/wp\/v2\/comments?post=99546"}],"version-history":[{"count":0,"href":"https:\/\/eltrabajo.cl\/portal\/wp-json\/wp\/v2\/posts\/99546\/revisions"}],"wp:featuredmedia":[{"embeddable":true,"href":"https:\/\/eltrabajo.cl\/portal\/wp-json\/wp\/v2\/media\/99547"}],"wp:attachment":[{"href":"https:\/\/eltrabajo.cl\/portal\/wp-json\/wp\/v2\/media?parent=99546"}],"wp:term":[{"taxonomy":"category","embeddable":true,"href":"https:\/\/eltrabajo.cl\/portal\/wp-json\/wp\/v2\/categories?post=99546"},{"taxonomy":"post_tag","embeddable":true,"href":"https:\/\/eltrabajo.cl\/portal\/wp-json\/wp\/v2\/tags?post=99546"}],"curies":[{"name":"wp","href":"https:\/\/api.w.org\/{rel}","templated":true}]}}