{"id":99553,"date":"2020-06-15T08:00:49","date_gmt":"2020-06-15T12:00:49","guid":{"rendered":"https:\/\/www.eltrabajo.cl\/portal\/?p=99553"},"modified":"2020-06-14T22:31:06","modified_gmt":"2020-06-15T02:31:06","slug":"familia-lleva-dos-meses-con-su-comedor-una-mano-ayuda-a-la-otra","status":"publish","type":"post","link":"https:\/\/eltrabajo.cl\/portal\/familia-lleva-dos-meses-con-su-comedor-una-mano-ayuda-a-la-otra\/","title":{"rendered":"Familia lleva dos meses con su \u2018Comedor Una Mano ayuda a la otra\u2019"},"content":{"rendered":"<p style=\"text-align: justify;\"><span style=\"color: #c81400;\"><strong>Todos los s\u00e1bados en Poblaci\u00f3n San Felipe:<\/strong><\/span><\/p>\n<p style=\"text-align: justify;\">Una iniciativa social que lleva ya m\u00e1s de dos meses en pleno desarrollo es el comedor solidario \u2018<strong>Una Mano ayuda a la otra<\/strong>\u2019, proyecto comunitario que sostiene la Familia Vargas Lobos en Poblaci\u00f3n San Felipe y lo hacen tambi\u00e9n apoyados por algunos amigos cercanos. <strong>Diario El Trabajo<\/strong> visit\u00f3 a esta familia sanfelipe\u00f1a para conocer de cerca su accionar, registrando nuestras c\u00e1maras c\u00f3mo se forman largas filas a la entrada de la vivienda en donde se preparan y reparten los almuerzos de manera gratuita a quienes llegan los s\u00e1bados a recibir las ricas comidas.<\/p>\n<p style=\"text-align: justify;\">\n<p style=\"text-align: justify;\"><span style=\"color: #c81400;\"><strong>PROYECTO FAMILIAR<\/strong><\/span><\/p>\n<p style=\"text-align: justify;\">Nuestro medio habl\u00f3 con <strong>Maritza Vargas Lobos<\/strong>, quien nos coment\u00f3 algunos detalles del proyecto comunitario, \u00ab<em>estos almuerzos los preparamos los s\u00e1bados o los domingos, iniciamos hace dos meses con unos 100 almuerzos cada fin de semana pero conforme se fue complicando la situaci\u00f3n han llegado m\u00e1s personas y en la actualidad estamos repartiendo unos 230 almuerzos por jornada, cada porci\u00f3n incluye su colaci\u00f3n pan ensalada y postre, entregamos tambi\u00e9n Delivery para los adultos mayores que no pueden venir a retirar su almuerzo, adem\u00e1s tambi\u00e9n a grupos de haitianos de la zona, la idea es favorecer a la mayor cantidad posible, por jornada se entregan unos 500 panes amasados<\/em>\u00bb, coment\u00f3 Vargas.<\/p>\n<p style=\"text-align: justify;\">&#8211; <strong>\u00bfPuedes describir la sensaci\u00f3n de dar?<\/strong><\/p>\n<p style=\"text-align: justify;\">&#8211; Para nosotros este proyecto es muy gratificante, todos nos sentimos pagados cuando vemos la alegr\u00eda en cada rostro agradecido, familias enteras llegan y nos declaran sus bendiciones por nuestro trabajo, esa experiencia es la que nos motiva a seguir adelante con esta iniciativa.<\/p>\n<p style=\"text-align: justify;\">&#8211; <strong>\u00bfC\u00f3mo hacen con los posibles vecinos que est\u00e1n en cuarentena por el Covid-19 y no pueden salir de sus casas para recibir estos almuerzos?<\/strong><\/p>\n<p style=\"text-align: justify;\">&#8211; Esos casos los atendemos igual con las respectivas medidas sanitarias, hay varias familias con Coronavirus en la comuna y de igual forma vamos a sus casas y entregamos las colaciones, que est\u00e9n enfermos no nos impide que compartamos con ellos nuestro cari\u00f1o y alimentos.<\/p>\n<p style=\"text-align: justify;\">&#8211; <strong>\u00bfC\u00f3mo pueden nuestros lectores participar en este proyecto solidario donando mercader\u00eda?<\/strong><\/p>\n<p style=\"text-align: justify;\">&#8211; Pueden llamar al <strong>+56954041248<\/strong>.<\/p>\n<p style=\"text-align: justify;\"><strong>Roberto Gonz\u00e1lez Short<\/strong><\/p>\n<p style=\"text-align: justify;\">\n<figure id=\"attachment_99555\" aria-describedby=\"caption-attachment-99555\" style=\"width: 580px\" class=\"wp-caption alignnone\"><img data-recalc-dims=\"1\" loading=\"lazy\" decoding=\"async\" class=\"size-full wp-image-99555\" src=\"https:\/\/i0.wp.com\/eltrabajo.cl\/portal\/wp-content\/uploads\/2020\/06\/Comedor2-1.jpg?resize=580%2C360&#038;ssl=1\" alt=\"FAMILIA VARGAS LOBOS.- Ellos son la familia que desde hace dos meses vienen trabajando muy duro para mantener activo este comedor comunitario.\" width=\"580\" height=\"360\" srcset=\"https:\/\/i0.wp.com\/eltrabajo.cl\/portal\/wp-content\/uploads\/2020\/06\/Comedor2-1.jpg?w=580&amp;ssl=1 580w, https:\/\/i0.wp.com\/eltrabajo.cl\/portal\/wp-content\/uploads\/2020\/06\/Comedor2-1.jpg?resize=300%2C186&amp;ssl=1 300w, https:\/\/i0.wp.com\/eltrabajo.cl\/portal\/wp-content\/uploads\/2020\/06\/Comedor2-1.jpg?resize=200%2C124&amp;ssl=1 200w, https:\/\/i0.wp.com\/eltrabajo.cl\/portal\/wp-content\/uploads\/2020\/06\/Comedor2-1.jpg?resize=150%2C93&amp;ssl=1 150w\" sizes=\"auto, (max-width: 580px) 100vw, 580px\" \/><figcaption id=\"caption-attachment-99555\" class=\"wp-caption-text\">FAMILIA VARGAS LOBOS.- Ellos son la familia que desde hace dos meses vienen trabajando muy duro para mantener activo este comedor comunitario.<\/figcaption><\/figure>\n<figure id=\"attachment_99554\" aria-describedby=\"caption-attachment-99554\" style=\"width: 580px\" class=\"wp-caption alignnone\"><img data-recalc-dims=\"1\" loading=\"lazy\" decoding=\"async\" class=\"size-full wp-image-99554\" src=\"https:\/\/i0.wp.com\/eltrabajo.cl\/portal\/wp-content\/uploads\/2020\/06\/Comedor1-1.jpg?resize=580%2C359&#038;ssl=1\" alt=\"UNA MANO AYUDA A LA OTRA.- Aqu\u00ed vemos la gran fila de vecinos en Poblaci\u00f3n San Felipe para recibir sus colaciones en este comedor solidario.\" width=\"580\" height=\"359\" srcset=\"https:\/\/i0.wp.com\/eltrabajo.cl\/portal\/wp-content\/uploads\/2020\/06\/Comedor1-1.jpg?w=580&amp;ssl=1 580w, https:\/\/i0.wp.com\/eltrabajo.cl\/portal\/wp-content\/uploads\/2020\/06\/Comedor1-1.jpg?resize=300%2C186&amp;ssl=1 300w, https:\/\/i0.wp.com\/eltrabajo.cl\/portal\/wp-content\/uploads\/2020\/06\/Comedor1-1.jpg?resize=200%2C124&amp;ssl=1 200w, https:\/\/i0.wp.com\/eltrabajo.cl\/portal\/wp-content\/uploads\/2020\/06\/Comedor1-1.jpg?resize=150%2C93&amp;ssl=1 150w\" sizes=\"auto, (max-width: 580px) 100vw, 580px\" \/><figcaption id=\"caption-attachment-99554\" class=\"wp-caption-text\">UNA MANO AYUDA A LA OTRA.- Aqu\u00ed vemos la gran fila de vecinos en Poblaci\u00f3n San Felipe para recibir sus colaciones en este comedor solidario.<\/figcaption><\/figure>\n<figure id=\"attachment_99556\" aria-describedby=\"caption-attachment-99556\" style=\"width: 580px\" class=\"wp-caption alignnone\"><img data-recalc-dims=\"1\" loading=\"lazy\" decoding=\"async\" class=\"size-full wp-image-99556\" src=\"https:\/\/i0.wp.com\/eltrabajo.cl\/portal\/wp-content\/uploads\/2020\/06\/Comedor3-1.jpg?resize=580%2C698&#038;ssl=1\" alt=\"TRABAJANDO DURO.- Cada uno en la familia se reparte las tareas en este comedor, aqu\u00ed vemos a los encargados de las ensaladas Ana Bel\u00e9n Toro y Carlos Vargas.\" width=\"580\" height=\"698\" srcset=\"https:\/\/i0.wp.com\/eltrabajo.cl\/portal\/wp-content\/uploads\/2020\/06\/Comedor3-1.jpg?w=580&amp;ssl=1 580w, https:\/\/i0.wp.com\/eltrabajo.cl\/portal\/wp-content\/uploads\/2020\/06\/Comedor3-1.jpg?resize=249%2C300&amp;ssl=1 249w, https:\/\/i0.wp.com\/eltrabajo.cl\/portal\/wp-content\/uploads\/2020\/06\/Comedor3-1.jpg?resize=125%2C150&amp;ssl=1 125w\" sizes=\"auto, (max-width: 580px) 100vw, 580px\" \/><figcaption id=\"caption-attachment-99556\" class=\"wp-caption-text\">TRABAJANDO DURO.- Cada uno en la familia se reparte las tareas en este comedor, aqu\u00ed vemos a los encargados de las ensaladas Ana Bel\u00e9n Toro y Carlos Vargas.<\/figcaption><\/figure>\n<figure id=\"attachment_99557\" aria-describedby=\"caption-attachment-99557\" style=\"width: 578px\" class=\"wp-caption alignnone\"><img data-recalc-dims=\"1\" loading=\"lazy\" decoding=\"async\" class=\"size-full wp-image-99557\" src=\"https:\/\/i0.wp.com\/eltrabajo.cl\/portal\/wp-content\/uploads\/2020\/06\/Comedor_Maritza-Vargas.jpg?resize=578%2C600&#038;ssl=1\" alt=\"Maritza Vargas, una de las encargadas del Comedor.\" width=\"578\" height=\"600\" srcset=\"https:\/\/i0.wp.com\/eltrabajo.cl\/portal\/wp-content\/uploads\/2020\/06\/Comedor_Maritza-Vargas.jpg?w=578&amp;ssl=1 578w, https:\/\/i0.wp.com\/eltrabajo.cl\/portal\/wp-content\/uploads\/2020\/06\/Comedor_Maritza-Vargas.jpg?resize=289%2C300&amp;ssl=1 289w, https:\/\/i0.wp.com\/eltrabajo.cl\/portal\/wp-content\/uploads\/2020\/06\/Comedor_Maritza-Vargas.jpg?resize=145%2C150&amp;ssl=1 145w\" sizes=\"auto, (max-width: 578px) 100vw, 578px\" \/><figcaption id=\"caption-attachment-99557\" class=\"wp-caption-text\">Maritza Vargas, una de las encargadas del Comedor.<\/figcaption><\/figure>\n","protected":false},"excerpt":{"rendered":"<p>Todos los s\u00e1bados en Poblaci\u00f3n San Felipe: Una iniciativa social que lleva ya m\u00e1s de dos meses en pleno desarrollo es el comedor solidario \u2018Una Mano ayuda a la otra\u2019, proyecto comunitario&#8230;<\/p>\n","protected":false},"author":482,"featured_media":99554,"comment_status":"closed","ping_status":"closed","sticky":false,"template":"","format":"standard","meta":{"advanced_seo_description":"","jetpack_seo_html_title":"","jetpack_seo_noindex":false,"_jetpack_memberships_contains_paid_content":false,"footnotes":""},"categories":[15],"tags":[],"class_list":["post-99553","post","type-post","status-publish","format-standard","has-post-thumbnail","hentry","category-comunidad"],"jetpack_featured_media_url":"https:\/\/i0.wp.com\/eltrabajo.cl\/portal\/wp-content\/uploads\/2020\/06\/Comedor1-1.jpg?fit=580%2C359&ssl=1","jetpack_sharing_enabled":true,"jetpack_likes_enabled":true,"jetpack-related-posts":[],"_links":{"self":[{"href":"https:\/\/eltrabajo.cl\/portal\/wp-json\/wp\/v2\/posts\/99553","targetHints":{"allow":["GET"]}}],"collection":[{"href":"https:\/\/eltrabajo.cl\/portal\/wp-json\/wp\/v2\/posts"}],"about":[{"href":"https:\/\/eltrabajo.cl\/portal\/wp-json\/wp\/v2\/types\/post"}],"author":[{"embeddable":true,"href":"https:\/\/eltrabajo.cl\/portal\/wp-json\/wp\/v2\/users\/482"}],"replies":[{"embeddable":true,"href":"https:\/\/eltrabajo.cl\/portal\/wp-json\/wp\/v2\/comments?post=99553"}],"version-history":[{"count":0,"href":"https:\/\/eltrabajo.cl\/portal\/wp-json\/wp\/v2\/posts\/99553\/revisions"}],"wp:featuredmedia":[{"embeddable":true,"href":"https:\/\/eltrabajo.cl\/portal\/wp-json\/wp\/v2\/media\/99554"}],"wp:attachment":[{"href":"https:\/\/eltrabajo.cl\/portal\/wp-json\/wp\/v2\/media?parent=99553"}],"wp:term":[{"taxonomy":"category","embeddable":true,"href":"https:\/\/eltrabajo.cl\/portal\/wp-json\/wp\/v2\/categories?post=99553"},{"taxonomy":"post_tag","embeddable":true,"href":"https:\/\/eltrabajo.cl\/portal\/wp-json\/wp\/v2\/tags?post=99553"}],"curies":[{"name":"wp","href":"https:\/\/api.w.org\/{rel}","templated":true}]}}