{"id":99564,"date":"2020-06-15T19:49:06","date_gmt":"2020-06-15T23:49:06","guid":{"rendered":"https:\/\/www.eltrabajo.cl\/portal\/?p=99564"},"modified":"2020-06-15T19:49:06","modified_gmt":"2020-06-15T23:49:06","slug":"comunidad-trans-recibe-personeria-juridica-para-funcionar-en-aconcagua","status":"publish","type":"post","link":"https:\/\/eltrabajo.cl\/portal\/comunidad-trans-recibe-personeria-juridica-para-funcionar-en-aconcagua\/","title":{"rendered":"Comunidad Trans recibe personer\u00eda jur\u00eddica para funcionar en Aconcagua"},"content":{"rendered":"<p style=\"text-align: justify;\"><span style=\"color: #c81400;\"><strong>\u2018Colectivo Libertad de G\u00e9nero y Derechos Humanos\u2019:<\/strong><\/span><\/p>\n<p style=\"text-align: justify;\">Un importante avance social se logr\u00f3 en San Felipe tras la consolidaci\u00f3n de la c\u00e9dula jur\u00eddica del \u2018<strong>Colectivo Libertad de G\u00e9nero y Derechos Humanos<\/strong>\u2019, organismo que busca entre otras cosas promocionar los intereses de la Comunidad LGBTIQ, defender y difundir los Derechos Humanos de las F\u00e9minas (entendi\u00e9ndose\u00a0 como tal a Mujeres Biol\u00f3gicas y Mujeres Trans) incluyendo tambi\u00e9n a la Comunidad LGBTIQ+ y personas No binarias. Los Derechos Sexuales y reproductivos, derechos laborales, econ\u00f3micos, sociales y culturales de quienes se afilien y cumplan con los requisitos.<\/p>\n<p style=\"text-align: justify;\"><strong>Diario El Trabajo<\/strong> habl\u00f3 este lunes con la presidenta del Colectivo, <strong>Mar\u00eda del Pilar L\u00f3pez<\/strong> (Rodrigo), quien nos explic\u00f3 la importancia de este logro para sus representados: <em>\u00abLa idea nuestra es que con estas organizaciones que hemos formado y de las que el Municipio de San Felipe ya nos entreg\u00f3 la personer\u00eda jur\u00eddica, ahora podemos proyectarnos y ser de buen aporte en nuestra comuna. Son dos las organizaciones creadas, \u2018Colectivo Libertad de G\u00e9nero y Derechos Humanos\u2019 y \u2018Corporaci\u00f3n F\u00e9minas Diversas en Acci\u00f3n\u2019, con estos estatutos podremos tambi\u00e9n agruparnos y\u00a0 realizar nuestras actividades en los \u00e1mbitos de investigaci\u00f3n y desarrollo, participaci\u00f3n en pol\u00edticas p\u00fablicas, pol\u00edticas de salud, desarrollar proyectos y programas sociales tales como vivienda, educaci\u00f3n y capacitaci\u00f3n, salud, etc. y todas las actividades que potencien los Derechos Civiles y Pol\u00edticos de sus asociadas para el goce de una ciudadan\u00eda plena. Por ejemplo ya este s\u00e1bado iniciamos un comedor solidario en Villa El Esfuerzo, llegaron bastantes vecinos y tambi\u00e9n logramos darnos a conocer como agrupaci\u00f3n<\/em>\u00bb, dijo la dirigenta.<\/p>\n<p style=\"text-align: justify;\">\n<p style=\"text-align: justify;\"><span style=\"color: #c81400;\"><strong>TRABAJO INTEGRAL<\/strong><\/span><\/p>\n<p style=\"text-align: justify;\">Nuestro medio tambi\u00e9n habl\u00f3 con uno de los gestores de este hito social en nuestra comuna, <strong>Esteban Herrera Zamora<\/strong>, coordinador de la Oficina Municipal de la Juventud dependiente de la Dideco, quien nos coment\u00f3 que <em>\u00abla Oficina de la Juventud, por instrucciones del alcalde Patricio Freire y la Dideco, ha solicitado prestar apoyo a todas las organizaciones de j\u00f3venes, materia de diversidad y pueblos originarios que lo requieran de la comuna. Es por ello que desde enero 2020 recibimos a un grupo de personas transg\u00e9nero que reside en la comuna y necesitaban del municipio actuar como un puente de apoyo para tener su espacio dentro de San Felipe. Por consiguiente, el primer gran hito para la comuna fue decretar el izamiento de la bandera de la Diversidad en frontis municipal en conmemoraci\u00f3n del D\u00eda de La Mujer. Durante este tiempo se continu\u00f3 avanzado en materias de mayor seguridad y fiscalizaci\u00f3n por misma petici\u00f3n de la organizaci\u00f3n a personas que ejercen el comercio sexual, hay proyectos para celebrar fechas relevantes, se han entregado cajas de mercader\u00eda a integrantes del grupo para poder soportar meses dif\u00edciles y en los cuales no pueden desempe\u00f1ar sus labores, se ha coordinado a incorporar en distintos talleres municipales para entregarles herramientas de trabajo y oficio. Por \u00faltimo y gran resultado de gestiones, es que hoy cuentan con su organizaci\u00f3n conformada de manera formal llamada \u2018Colectivo de G\u00e9nero y DD.HH.\u2019, destacando a su presidenta Mar\u00eda del Pilar, con quien constantemente estamos en contacto, entregando respuestas oportunas a sus necesidades<\/em>\u00bb, dijo Herrera.<\/p>\n<p style=\"text-align: justify;\"><strong>Roberto Gonz\u00e1lez Short<\/strong><\/p>\n<figure id=\"attachment_99565\" aria-describedby=\"caption-attachment-99565\" style=\"width: 580px\" class=\"wp-caption alignnone\"><img data-recalc-dims=\"1\" loading=\"lazy\" decoding=\"async\" class=\"size-full wp-image-99565\" src=\"https:\/\/i0.wp.com\/eltrabajo.cl\/portal\/wp-content\/uploads\/2020\/06\/Trans1.jpg?resize=580%2C360&#038;ssl=1\" alt=\"INTEGRACI\u00d3N TOTAL.- En la gr\u00e1fica vemos al directorio de esta organizaci\u00f3n liderado por Mar\u00eda del Pilar L\u00f3pez, el Dideco Pablo Silva N\u00fa\u00f1ez y a Esteban Herrera de la Oficina de la Juventud.\" width=\"580\" height=\"360\" srcset=\"https:\/\/i0.wp.com\/eltrabajo.cl\/portal\/wp-content\/uploads\/2020\/06\/Trans1.jpg?w=580&amp;ssl=1 580w, https:\/\/i0.wp.com\/eltrabajo.cl\/portal\/wp-content\/uploads\/2020\/06\/Trans1.jpg?resize=300%2C186&amp;ssl=1 300w, https:\/\/i0.wp.com\/eltrabajo.cl\/portal\/wp-content\/uploads\/2020\/06\/Trans1.jpg?resize=200%2C124&amp;ssl=1 200w, https:\/\/i0.wp.com\/eltrabajo.cl\/portal\/wp-content\/uploads\/2020\/06\/Trans1.jpg?resize=150%2C93&amp;ssl=1 150w\" sizes=\"auto, (max-width: 580px) 100vw, 580px\" \/><figcaption id=\"caption-attachment-99565\" class=\"wp-caption-text\">INTEGRACI\u00d3N TOTAL.- En la gr\u00e1fica vemos al directorio de esta organizaci\u00f3n liderado por Mar\u00eda del Pilar L\u00f3pez, el Dideco Pablo Silva N\u00fa\u00f1ez y a Esteban Herrera de la Oficina de la Juventud.<\/figcaption><\/figure>\n<figure id=\"attachment_99566\" aria-describedby=\"caption-attachment-99566\" style=\"width: 580px\" class=\"wp-caption alignnone\"><img data-recalc-dims=\"1\" loading=\"lazy\" decoding=\"async\" class=\"size-full wp-image-99566\" src=\"https:\/\/i0.wp.com\/eltrabajo.cl\/portal\/wp-content\/uploads\/2020\/06\/Trans2.jpg?resize=580%2C360&#038;ssl=1\" alt=\"A TRABAJAR CHIQUILLAS.- Aqu\u00ed vemos ya a estas muchachas en plena acci\u00f3n con su Comedor Solidario en la sede de Villa El Esfuerzo. Les acompa\u00f1an las queridas Hermanas Videla.\" width=\"580\" height=\"360\" srcset=\"https:\/\/i0.wp.com\/eltrabajo.cl\/portal\/wp-content\/uploads\/2020\/06\/Trans2.jpg?w=580&amp;ssl=1 580w, https:\/\/i0.wp.com\/eltrabajo.cl\/portal\/wp-content\/uploads\/2020\/06\/Trans2.jpg?resize=300%2C186&amp;ssl=1 300w, https:\/\/i0.wp.com\/eltrabajo.cl\/portal\/wp-content\/uploads\/2020\/06\/Trans2.jpg?resize=200%2C124&amp;ssl=1 200w, https:\/\/i0.wp.com\/eltrabajo.cl\/portal\/wp-content\/uploads\/2020\/06\/Trans2.jpg?resize=150%2C93&amp;ssl=1 150w\" sizes=\"auto, (max-width: 580px) 100vw, 580px\" \/><figcaption id=\"caption-attachment-99566\" class=\"wp-caption-text\">A TRABAJAR CHIQUILLAS.- Aqu\u00ed vemos ya a estas muchachas en plena acci\u00f3n con su Comedor Solidario en la sede de Villa El Esfuerzo. Les acompa\u00f1an las queridas Hermanas Videla.<\/figcaption><\/figure>\n<figure id=\"attachment_99567\" aria-describedby=\"caption-attachment-99567\" style=\"width: 579px\" class=\"wp-caption alignnone\"><img data-recalc-dims=\"1\" loading=\"lazy\" decoding=\"async\" class=\"size-full wp-image-99567\" src=\"https:\/\/i0.wp.com\/eltrabajo.cl\/portal\/wp-content\/uploads\/2020\/06\/Trans_Esteban-Herrera-Zamora.jpg?resize=579%2C600&#038;ssl=1\" alt=\"Esteban Herrera Zamora, coordinador de la Oficina Municipal de la Juventud dependiente de la Dideco.\" width=\"579\" height=\"600\" srcset=\"https:\/\/i0.wp.com\/eltrabajo.cl\/portal\/wp-content\/uploads\/2020\/06\/Trans_Esteban-Herrera-Zamora.jpg?w=579&amp;ssl=1 579w, https:\/\/i0.wp.com\/eltrabajo.cl\/portal\/wp-content\/uploads\/2020\/06\/Trans_Esteban-Herrera-Zamora.jpg?resize=290%2C300&amp;ssl=1 290w, https:\/\/i0.wp.com\/eltrabajo.cl\/portal\/wp-content\/uploads\/2020\/06\/Trans_Esteban-Herrera-Zamora.jpg?resize=145%2C150&amp;ssl=1 145w\" sizes=\"auto, (max-width: 579px) 100vw, 579px\" \/><figcaption id=\"caption-attachment-99567\" class=\"wp-caption-text\">Esteban Herrera Zamora, coordinador de la Oficina Municipal de la Juventud dependiente de la Dideco.<\/figcaption><\/figure>\n<figure id=\"attachment_99568\" aria-describedby=\"caption-attachment-99568\" style=\"width: 580px\" class=\"wp-caption alignnone\"><img data-recalc-dims=\"1\" loading=\"lazy\" decoding=\"async\" class=\"size-full wp-image-99568\" src=\"https:\/\/i0.wp.com\/eltrabajo.cl\/portal\/wp-content\/uploads\/2020\/06\/Trans_Maria-del-Pilar.jpg?resize=580%2C600&#038;ssl=1\" alt=\"Presidenta del \u2018Colectivo Libertad de G\u00e9nero y Derechos Humanos\u2019, Mar\u00eda del Pilar L\u00f3pez (Rodrigo).\" width=\"580\" height=\"600\" srcset=\"https:\/\/i0.wp.com\/eltrabajo.cl\/portal\/wp-content\/uploads\/2020\/06\/Trans_Maria-del-Pilar.jpg?w=580&amp;ssl=1 580w, https:\/\/i0.wp.com\/eltrabajo.cl\/portal\/wp-content\/uploads\/2020\/06\/Trans_Maria-del-Pilar.jpg?resize=290%2C300&amp;ssl=1 290w, https:\/\/i0.wp.com\/eltrabajo.cl\/portal\/wp-content\/uploads\/2020\/06\/Trans_Maria-del-Pilar.jpg?resize=145%2C150&amp;ssl=1 145w\" sizes=\"auto, (max-width: 580px) 100vw, 580px\" \/><figcaption id=\"caption-attachment-99568\" class=\"wp-caption-text\">Presidenta del \u2018Colectivo Libertad de G\u00e9nero y Derechos Humanos\u2019, Mar\u00eda del Pilar L\u00f3pez (Rodrigo).<\/figcaption><\/figure>\n","protected":false},"excerpt":{"rendered":"<p>\u2018Colectivo Libertad de G\u00e9nero y Derechos Humanos\u2019: Un importante avance social se logr\u00f3 en San Felipe tras la consolidaci\u00f3n de la c\u00e9dula jur\u00eddica del \u2018Colectivo Libertad de G\u00e9nero y Derechos Humanos\u2019, organismo&#8230;<\/p>\n","protected":false},"author":482,"featured_media":99565,"comment_status":"closed","ping_status":"closed","sticky":false,"template":"","format":"standard","meta":{"advanced_seo_description":"","jetpack_seo_html_title":"","jetpack_seo_noindex":false,"_jetpack_memberships_contains_paid_content":false,"footnotes":""},"categories":[15],"tags":[],"class_list":["post-99564","post","type-post","status-publish","format-standard","has-post-thumbnail","hentry","category-comunidad"],"jetpack_featured_media_url":"https:\/\/i0.wp.com\/eltrabajo.cl\/portal\/wp-content\/uploads\/2020\/06\/Trans1.jpg?fit=580%2C360&ssl=1","jetpack_sharing_enabled":true,"jetpack_likes_enabled":true,"jetpack-related-posts":[],"_links":{"self":[{"href":"https:\/\/eltrabajo.cl\/portal\/wp-json\/wp\/v2\/posts\/99564","targetHints":{"allow":["GET"]}}],"collection":[{"href":"https:\/\/eltrabajo.cl\/portal\/wp-json\/wp\/v2\/posts"}],"about":[{"href":"https:\/\/eltrabajo.cl\/portal\/wp-json\/wp\/v2\/types\/post"}],"author":[{"embeddable":true,"href":"https:\/\/eltrabajo.cl\/portal\/wp-json\/wp\/v2\/users\/482"}],"replies":[{"embeddable":true,"href":"https:\/\/eltrabajo.cl\/portal\/wp-json\/wp\/v2\/comments?post=99564"}],"version-history":[{"count":0,"href":"https:\/\/eltrabajo.cl\/portal\/wp-json\/wp\/v2\/posts\/99564\/revisions"}],"wp:featuredmedia":[{"embeddable":true,"href":"https:\/\/eltrabajo.cl\/portal\/wp-json\/wp\/v2\/media\/99565"}],"wp:attachment":[{"href":"https:\/\/eltrabajo.cl\/portal\/wp-json\/wp\/v2\/media?parent=99564"}],"wp:term":[{"taxonomy":"category","embeddable":true,"href":"https:\/\/eltrabajo.cl\/portal\/wp-json\/wp\/v2\/categories?post=99564"},{"taxonomy":"post_tag","embeddable":true,"href":"https:\/\/eltrabajo.cl\/portal\/wp-json\/wp\/v2\/tags?post=99564"}],"curies":[{"name":"wp","href":"https:\/\/api.w.org\/{rel}","templated":true}]}}