{"id":99573,"date":"2020-06-16T07:30:43","date_gmt":"2020-06-16T11:30:43","guid":{"rendered":"https:\/\/www.eltrabajo.cl\/portal\/?p=99573"},"modified":"2020-06-15T20:03:30","modified_gmt":"2020-06-16T00:03:30","slug":"pronostican-semana-de-cielos-nublados-y-lluvias-para-manana-en-aconcagua","status":"publish","type":"post","link":"https:\/\/eltrabajo.cl\/portal\/pronostican-semana-de-cielos-nublados-y-lluvias-para-manana-en-aconcagua\/","title":{"rendered":"Pronostican semana de cielos nublados y lluvias para ma\u00f1ana en Aconcagua"},"content":{"rendered":"<p style=\"text-align: justify;\"><span style=\"color: #c81400;\"><strong>El agua nos visitar\u00e1 ma\u00f1ana mi\u00e9rcoles:<\/strong><\/span><\/p>\n<p style=\"text-align: justify;\">Faltan seis d\u00edas para que oficialmente se instale en el Hemisferio Sur de nuestro planeta la estaci\u00f3n del invierno, misma que desde hace m\u00e1s de un mes se ha venido anunciando con duras heladas y las esperadas lluvias para nuestro sediento Valle de Aconcagua.<\/p>\n<p style=\"text-align: justify;\"><strong>Diario El Trabajo<\/strong> habl\u00f3 ayer lunes con <strong>Valentina R\u00edos Serrano<\/strong>, la joven ingeniera agr\u00f3nomo y docente de la especialidad Agropecuaria en la Escuela Agr\u00edcola de San Felipe, y encargada de la estaci\u00f3n meteorol\u00f3gica del centro de estudios, quien nos inform\u00f3 que <em>\u00ablas temperaturas de la semana pasada nos hicieron sentir que estamos cada vez m\u00e1s cerca del invierno. Se registraron las temperaturas m\u00e1s bajas en lo que ha transcurrido del a\u00f1o, y tuvimos precipitaciones mayores a las registradas el a\u00f1o 2019 a la misma fecha, que nos dejaron una vista hermosa de nuestra Cordillera de Los Andes nevada<\/em>\u00bb, dijo la profesional.<\/p>\n<p style=\"text-align: justify;\">&#8211; <strong>\u00bfC\u00f3mo nos fue la semana pasada con las temperaturas?<\/strong><\/p>\n<p style=\"text-align: justify;\">&#8211; C\u00f3mo se pudo observar, la semana pasada estuvo marcada por la presencia de heladas (temperaturas bajo los 0\u00b0C), lo que se pudo sentir en las fr\u00edas ma\u00f1anas. El jueves se registr\u00f3 la temperatura m\u00e1s baja de este a\u00f1o hasta esta fecha.<\/p>\n<p style=\"text-align: justify;\">&#8211; <strong>\u00bfC\u00f3mo va junio con las lluvias?<\/strong><\/p>\n<p style=\"text-align: justify;\">&#8211; Las precipitaciones del pasado viernes 12 de junio nos dejaron 11,1 mm. de agua ca\u00edda, acumulando 19,3 mm durante este a\u00f1o, siendo mayor a lo registrado a la misma fecha durante el a\u00f1o 2019 (2,2 mm.). Esto permite mantener la esperanza de que sea un a\u00f1o con m\u00e1s lluvias que permitir\u00e1, en parte, ayudar a la actual situaci\u00f3n de sequ\u00eda que estamos viviendo.<\/p>\n<p style=\"text-align: justify;\">&#8211; <strong>\u00bfEn el Valle de Aconcagua se comporta igual el tema lluvioso que en la Cordillera?<\/strong><\/p>\n<p style=\"text-align: justify;\">&#8211; Pudimos observar que precipit\u00f3 en el Valle (lluvia) y tambi\u00e9n en la Cordillera (nieve). Ambas precipitaciones permiten aumentar los caudales de los r\u00edos. La cantidad de nieve que se acumule en la Cordillera va a depender de la intensidad y duraci\u00f3n de las precipitaciones y de las temperaturas posteriores. Esto permite tener fuentes de reserva de agua, que a medida que se va derritiendo aumenta los caudales de los r\u00edosy nos permite contar con uno de los recursos naturales m\u00e1s preciado.<\/p>\n<p style=\"text-align: justify;\">&#8211; <strong>\u00bfNos dar\u00eda alguna aproximaci\u00f3n para lo que nos resta de la semana?<\/strong><\/p>\n<p style=\"text-align: justify;\">&#8211; Seg\u00fan la Direcci\u00f3n Meteorol\u00f3gica de Chile, se espera una semana con d\u00edas mayormente nublados y variando a parcial. Las temperaturas m\u00ednimas se pronostican entre 5\u00b0 y 8\u00b0 C, mientras que las m\u00e1ximas oscilar\u00e1n entre los 10\u00b0 y 15\u00b0 C. Para el mi\u00e9rcoles 17 de junio (ma\u00f1ana) se pronostican nuevamente precipitaciones, de intensidad moderada, para el Valle de Aconcagua.<\/p>\n<p style=\"text-align: justify;\"><strong>Roberto Gonz\u00e1lez Short<\/strong><\/p>\n<figure id=\"attachment_99574\" aria-describedby=\"caption-attachment-99574\" style=\"width: 580px\" class=\"wp-caption alignnone\"><img data-recalc-dims=\"1\" loading=\"lazy\" decoding=\"async\" class=\"size-full wp-image-99574\" src=\"https:\/\/i0.wp.com\/eltrabajo.cl\/portal\/wp-content\/uploads\/2020\/06\/Clima1-1.jpg?resize=580%2C359&#038;ssl=1\" alt=\"LLUEVE MA\u00d1ANA.- Para el mi\u00e9rcoles 17 de junio (ma\u00f1ana) se pronostican nuevamente precipitaciones, de intensidad moderada, para el Valle de Aconcagua.\" width=\"580\" height=\"359\" srcset=\"https:\/\/i0.wp.com\/eltrabajo.cl\/portal\/wp-content\/uploads\/2020\/06\/Clima1-1.jpg?w=580&amp;ssl=1 580w, https:\/\/i0.wp.com\/eltrabajo.cl\/portal\/wp-content\/uploads\/2020\/06\/Clima1-1.jpg?resize=300%2C186&amp;ssl=1 300w, https:\/\/i0.wp.com\/eltrabajo.cl\/portal\/wp-content\/uploads\/2020\/06\/Clima1-1.jpg?resize=200%2C124&amp;ssl=1 200w, https:\/\/i0.wp.com\/eltrabajo.cl\/portal\/wp-content\/uploads\/2020\/06\/Clima1-1.jpg?resize=150%2C93&amp;ssl=1 150w\" sizes=\"auto, (max-width: 580px) 100vw, 580px\" \/><figcaption id=\"caption-attachment-99574\" class=\"wp-caption-text\">LLUEVE MA\u00d1ANA.- Para el mi\u00e9rcoles 17 de junio (ma\u00f1ana) se pronostican nuevamente precipitaciones, de intensidad moderada, para el Valle de Aconcagua.<\/figcaption><\/figure>\n<figure id=\"attachment_99575\" aria-describedby=\"caption-attachment-99575\" style=\"width: 580px\" class=\"wp-caption alignnone\"><img data-recalc-dims=\"1\" loading=\"lazy\" decoding=\"async\" class=\"size-full wp-image-99575\" src=\"https:\/\/i0.wp.com\/eltrabajo.cl\/portal\/wp-content\/uploads\/2020\/06\/clima-cuadro-temperaturas.jpg?resize=580%2C296&#038;ssl=1\" alt=\"En el siguiente cuadro, se muestran las temperaturas registradas en la Estaci\u00f3n Meteorol\u00f3gica de la Escuela Agr\u00edcola de San Felipe durante la semana pasada.\" width=\"580\" height=\"296\" srcset=\"https:\/\/i0.wp.com\/eltrabajo.cl\/portal\/wp-content\/uploads\/2020\/06\/clima-cuadro-temperaturas.jpg?w=580&amp;ssl=1 580w, https:\/\/i0.wp.com\/eltrabajo.cl\/portal\/wp-content\/uploads\/2020\/06\/clima-cuadro-temperaturas.jpg?resize=300%2C153&amp;ssl=1 300w, https:\/\/i0.wp.com\/eltrabajo.cl\/portal\/wp-content\/uploads\/2020\/06\/clima-cuadro-temperaturas.jpg?resize=200%2C102&amp;ssl=1 200w, https:\/\/i0.wp.com\/eltrabajo.cl\/portal\/wp-content\/uploads\/2020\/06\/clima-cuadro-temperaturas.jpg?resize=150%2C77&amp;ssl=1 150w\" sizes=\"auto, (max-width: 580px) 100vw, 580px\" \/><figcaption id=\"caption-attachment-99575\" class=\"wp-caption-text\">En el siguiente cuadro, se muestran las temperaturas registradas en la Estaci\u00f3n Meteorol\u00f3gica de la Escuela Agr\u00edcola de San Felipe durante la semana pasada.<\/figcaption><\/figure>\n<figure id=\"attachment_99576\" aria-describedby=\"caption-attachment-99576\" style=\"width: 579px\" class=\"wp-caption alignnone\"><img data-recalc-dims=\"1\" loading=\"lazy\" decoding=\"async\" class=\"size-full wp-image-99576\" src=\"https:\/\/i0.wp.com\/eltrabajo.cl\/portal\/wp-content\/uploads\/2020\/06\/Clima_Valentina-Rios-Serrano.jpg?resize=579%2C600&#038;ssl=1\" alt=\"Valentina R\u00edos Serrano, encargada de la estaci\u00f3n meteorol\u00f3gica de la Escuela Agr\u00edcola de San Felipe.\" width=\"579\" height=\"600\" srcset=\"https:\/\/i0.wp.com\/eltrabajo.cl\/portal\/wp-content\/uploads\/2020\/06\/Clima_Valentina-Rios-Serrano.jpg?w=579&amp;ssl=1 579w, https:\/\/i0.wp.com\/eltrabajo.cl\/portal\/wp-content\/uploads\/2020\/06\/Clima_Valentina-Rios-Serrano.jpg?resize=290%2C300&amp;ssl=1 290w, https:\/\/i0.wp.com\/eltrabajo.cl\/portal\/wp-content\/uploads\/2020\/06\/Clima_Valentina-Rios-Serrano.jpg?resize=145%2C150&amp;ssl=1 145w\" sizes=\"auto, (max-width: 579px) 100vw, 579px\" \/><figcaption id=\"caption-attachment-99576\" class=\"wp-caption-text\">Valentina R\u00edos Serrano, encargada de la estaci\u00f3n meteorol\u00f3gica de la Escuela Agr\u00edcola de San Felipe.<\/figcaption><\/figure>\n","protected":false},"excerpt":{"rendered":"<p>El agua nos visitar\u00e1 ma\u00f1ana mi\u00e9rcoles: Faltan seis d\u00edas para que oficialmente se instale en el Hemisferio Sur de nuestro planeta la estaci\u00f3n del invierno, misma que desde hace m\u00e1s de un&#8230;<\/p>\n","protected":false},"author":482,"featured_media":99574,"comment_status":"closed","ping_status":"closed","sticky":false,"template":"","format":"standard","meta":{"advanced_seo_description":"","jetpack_seo_html_title":"","jetpack_seo_noindex":false,"_jetpack_memberships_contains_paid_content":false,"footnotes":""},"categories":[103],"tags":[],"class_list":["post-99573","post","type-post","status-publish","format-standard","has-post-thumbnail","hentry","category-cronica-2"],"jetpack_featured_media_url":"https:\/\/i0.wp.com\/eltrabajo.cl\/portal\/wp-content\/uploads\/2020\/06\/Clima1-1.jpg?fit=580%2C359&ssl=1","jetpack_sharing_enabled":true,"jetpack_likes_enabled":true,"jetpack-related-posts":[],"_links":{"self":[{"href":"https:\/\/eltrabajo.cl\/portal\/wp-json\/wp\/v2\/posts\/99573","targetHints":{"allow":["GET"]}}],"collection":[{"href":"https:\/\/eltrabajo.cl\/portal\/wp-json\/wp\/v2\/posts"}],"about":[{"href":"https:\/\/eltrabajo.cl\/portal\/wp-json\/wp\/v2\/types\/post"}],"author":[{"embeddable":true,"href":"https:\/\/eltrabajo.cl\/portal\/wp-json\/wp\/v2\/users\/482"}],"replies":[{"embeddable":true,"href":"https:\/\/eltrabajo.cl\/portal\/wp-json\/wp\/v2\/comments?post=99573"}],"version-history":[{"count":0,"href":"https:\/\/eltrabajo.cl\/portal\/wp-json\/wp\/v2\/posts\/99573\/revisions"}],"wp:featuredmedia":[{"embeddable":true,"href":"https:\/\/eltrabajo.cl\/portal\/wp-json\/wp\/v2\/media\/99574"}],"wp:attachment":[{"href":"https:\/\/eltrabajo.cl\/portal\/wp-json\/wp\/v2\/media?parent=99573"}],"wp:term":[{"taxonomy":"category","embeddable":true,"href":"https:\/\/eltrabajo.cl\/portal\/wp-json\/wp\/v2\/categories?post=99573"},{"taxonomy":"post_tag","embeddable":true,"href":"https:\/\/eltrabajo.cl\/portal\/wp-json\/wp\/v2\/tags?post=99573"}],"curies":[{"name":"wp","href":"https:\/\/api.w.org\/{rel}","templated":true}]}}