{"id":99578,"date":"2020-06-16T07:40:29","date_gmt":"2020-06-16T11:40:29","guid":{"rendered":"https:\/\/www.eltrabajo.cl\/portal\/?p=99578"},"modified":"2020-06-15T20:07:57","modified_gmt":"2020-06-16T00:07:57","slug":"superamos-los-mil-casos-por-covid-19-en-todo-el-valle-de-aconcagua","status":"publish","type":"post","link":"https:\/\/eltrabajo.cl\/portal\/superamos-los-mil-casos-por-covid-19-en-todo-el-valle-de-aconcagua\/","title":{"rendered":"\u00a1Superamos los mil casos por\u00a0 Covid-19 en todo el Valle de Aconcagua!"},"content":{"rendered":"<p style=\"text-align: justify;\">Al parecer la declaraci\u00f3n de cuarentena est\u00e1 a la vuelta de la esquina, porque, as\u00ed como van las cifras, prontamente podr\u00eda darse ese escenario. Ahora fue el colegio m\u00e9dico de Aconcagua junto a los alcaldes, que fue m\u00e1s all\u00e1 y se la est\u00e1 pidiendo p\u00fablicamente al reci\u00e9n asumido Ministro de Salud, Enrique Paris.<\/p>\n<p style=\"text-align: justify;\">Cabe destacar que en la comunidad hay opiniones divididas en torno a la cuarentena total, algunos s\u00ed y otros no, debido principalmente a las graves consecuencias que tendr\u00eda para la econom\u00eda local la implantaci\u00f3n de dicha medida.<\/p>\n<p style=\"text-align: justify;\">Algo que est\u00e1 claro es que hoy el Valle del Aconcagua super\u00f3 la barrera de los mil casos de contagios de coronavirus. Ubicando a la ciudad de San Felipe en el Quinto lugar a nivel regional, con 399 casos, por debajo de Valpara\u00edso, Vi\u00f1a del Mar, San Antonio y Quilpu\u00e9. En tanto Los Andes le sigue con 361 contagiados.<\/p>\n<p style=\"text-align: justify;\">Cabe destacar que ayer las provincias de San Felipe y Los Andes tuvieron 46 nuevos casos.<\/p>\n<p style=\"text-align: justify;\">A continuaci\u00f3n el resumen al d\u00eda de ayer lunes 15 de junio de 2020, de los casos totales registrados hasta el momento comuna por comuna.<\/p>\n<p style=\"text-align: justify;\">San Felipe:\u00a0\u00a0\u00a0\u00a0\u00a0\u00a0\u00a0\u00a0\u00a0\u00a0\u00a0 399<\/p>\n<p style=\"text-align: justify;\">Los Andes:\u00a0\u00a0\u00a0\u00a0\u00a0\u00a0\u00a0\u00a0\u00a0\u00a0\u00a0 361<\/p>\n<p style=\"text-align: justify;\">Llay-Llay:\u00a0\u00a0\u00a0\u00a0\u00a0\u00a0\u00a0\u00a0\u00a0\u00a0\u00a0\u00a0\u00a0\u00a0 106<\/p>\n<p style=\"text-align: justify;\">Calle Larga:\u00a0\u00a0\u00a0\u00a0\u00a0\u00a0\u00a0\u00a0\u00a0\u00a0 100<\/p>\n<p style=\"text-align: justify;\">Putaendo:\u00a0\u00a0\u00a0\u00a0\u00a0\u00a0\u00a0\u00a0\u00a0\u00a0\u00a0\u00a0 72<\/p>\n<p style=\"text-align: justify;\">Rinconada:\u00a0\u00a0\u00a0\u00a0\u00a0\u00a0\u00a0\u00a0\u00a0\u00a0 70<\/p>\n<p style=\"text-align: justify;\">San Esteban:\u00a0\u00a0\u00a0\u00a0\u00a0\u00a0\u00a0\u00a0 61<\/p>\n<p style=\"text-align: justify;\">Santa Mar\u00eda:\u00a0\u00a0\u00a0\u00a0\u00a0\u00a0\u00a0\u00a0 60<\/p>\n<p style=\"text-align: justify;\">Catemu: 37<\/p>\n<p style=\"text-align: justify;\">Panquehue:\u00a0\u00a0\u00a0\u00a0\u00a0\u00a0\u00a0\u00a0 21<\/p>\n<p style=\"text-align: justify;\"><strong>Total:\u00a0\u00a0\u00a0\u00a0\u00a0 1.287<\/strong><\/p>\n<figure id=\"attachment_99579\" aria-describedby=\"caption-attachment-99579\" style=\"width: 580px\" class=\"wp-caption alignnone\"><a href=\"https:\/\/i0.wp.com\/eltrabajo.cl\/portal\/wp-content\/uploads\/2020\/06\/Mapa-15-06-20b.jpg?ssl=1\"><img data-recalc-dims=\"1\" loading=\"lazy\" decoding=\"async\" class=\"wp-image-99579 size-full\" src=\"https:\/\/i0.wp.com\/eltrabajo.cl\/portal\/wp-content\/uploads\/2020\/06\/Mapa-15-06-20a.jpg?resize=580%2C360&#038;ssl=1\" alt=\"Este es el mapa que muestra comuna por comuna de la Quinta Regi\u00f3n, donde se puede apreciar en el quinto lugar a San Felipe.\" width=\"580\" height=\"360\" srcset=\"https:\/\/i0.wp.com\/eltrabajo.cl\/portal\/wp-content\/uploads\/2020\/06\/Mapa-15-06-20a.jpg?w=580&amp;ssl=1 580w, https:\/\/i0.wp.com\/eltrabajo.cl\/portal\/wp-content\/uploads\/2020\/06\/Mapa-15-06-20a.jpg?resize=300%2C186&amp;ssl=1 300w, https:\/\/i0.wp.com\/eltrabajo.cl\/portal\/wp-content\/uploads\/2020\/06\/Mapa-15-06-20a.jpg?resize=200%2C124&amp;ssl=1 200w, https:\/\/i0.wp.com\/eltrabajo.cl\/portal\/wp-content\/uploads\/2020\/06\/Mapa-15-06-20a.jpg?resize=150%2C93&amp;ssl=1 150w\" sizes=\"auto, (max-width: 580px) 100vw, 580px\" \/><\/a><figcaption id=\"caption-attachment-99579\" class=\"wp-caption-text\">Este es el mapa que muestra comuna por comuna de la Quinta Regi\u00f3n, donde se puede apreciar en el quinto lugar a San Felipe.<\/figcaption><\/figure>\n","protected":false},"excerpt":{"rendered":"<p>Al parecer la declaraci\u00f3n de cuarentena est\u00e1 a la vuelta de la esquina, porque, as\u00ed como van las cifras, prontamente podr\u00eda darse ese escenario. Ahora fue el colegio m\u00e9dico de Aconcagua junto&#8230;<\/p>\n","protected":false},"author":482,"featured_media":99579,"comment_status":"closed","ping_status":"closed","sticky":false,"template":"","format":"standard","meta":{"advanced_seo_description":"","jetpack_seo_html_title":"","jetpack_seo_noindex":false,"_jetpack_memberships_contains_paid_content":false,"footnotes":""},"categories":[103],"tags":[],"class_list":["post-99578","post","type-post","status-publish","format-standard","has-post-thumbnail","hentry","category-cronica-2"],"jetpack_featured_media_url":"https:\/\/i0.wp.com\/eltrabajo.cl\/portal\/wp-content\/uploads\/2020\/06\/Mapa-15-06-20a.jpg?fit=580%2C360&ssl=1","jetpack_sharing_enabled":true,"jetpack_likes_enabled":true,"jetpack-related-posts":[],"_links":{"self":[{"href":"https:\/\/eltrabajo.cl\/portal\/wp-json\/wp\/v2\/posts\/99578","targetHints":{"allow":["GET"]}}],"collection":[{"href":"https:\/\/eltrabajo.cl\/portal\/wp-json\/wp\/v2\/posts"}],"about":[{"href":"https:\/\/eltrabajo.cl\/portal\/wp-json\/wp\/v2\/types\/post"}],"author":[{"embeddable":true,"href":"https:\/\/eltrabajo.cl\/portal\/wp-json\/wp\/v2\/users\/482"}],"replies":[{"embeddable":true,"href":"https:\/\/eltrabajo.cl\/portal\/wp-json\/wp\/v2\/comments?post=99578"}],"version-history":[{"count":0,"href":"https:\/\/eltrabajo.cl\/portal\/wp-json\/wp\/v2\/posts\/99578\/revisions"}],"wp:featuredmedia":[{"embeddable":true,"href":"https:\/\/eltrabajo.cl\/portal\/wp-json\/wp\/v2\/media\/99579"}],"wp:attachment":[{"href":"https:\/\/eltrabajo.cl\/portal\/wp-json\/wp\/v2\/media?parent=99578"}],"wp:term":[{"taxonomy":"category","embeddable":true,"href":"https:\/\/eltrabajo.cl\/portal\/wp-json\/wp\/v2\/categories?post=99578"},{"taxonomy":"post_tag","embeddable":true,"href":"https:\/\/eltrabajo.cl\/portal\/wp-json\/wp\/v2\/tags?post=99578"}],"curies":[{"name":"wp","href":"https:\/\/api.w.org\/{rel}","templated":true}]}}