{"id":99582,"date":"2020-06-16T07:50:11","date_gmt":"2020-06-16T11:50:11","guid":{"rendered":"https:\/\/www.eltrabajo.cl\/portal\/?p=99582"},"modified":"2020-06-15T20:12:01","modified_gmt":"2020-06-16T00:12:01","slug":"comedor-solidario-de-almendral-bajo-lleva-ahora-nombre-de-vecino-fallecido","status":"publish","type":"post","link":"https:\/\/eltrabajo.cl\/portal\/comedor-solidario-de-almendral-bajo-lleva-ahora-nombre-de-vecino-fallecido\/","title":{"rendered":"Comedor Solidario de Almendral Bajo lleva ahora nombre de vecino fallecido"},"content":{"rendered":"<p style=\"text-align: justify;\"><span style=\"color: #c81400;\"><strong>Mauricio Andr\u00e9s Venegas Cordero no ser\u00e1 olvidado:<\/strong><\/span><\/p>\n<p style=\"text-align: justify;\">Luego que hace pocos d\u00edas el querido vecino <strong>Mauricio Andr\u00e9s Venegas Cordero<\/strong>, conocido popularmente como \u2018Machu Pichu\u2019, de 38 a\u00f1os de edad, muriera atropellado en Avenida Central a la altura de Las Compuertas en Quebrada Herrera. Todo indicaba que \u00e9l pasar\u00eda como tantas v\u00edctimas de atropellos, al olvido, sin embargo no fue as\u00ed.<\/p>\n<p style=\"text-align: justify;\">Un hecho poco com\u00fan y a la vez conmovedor es el que ocurri\u00f3 esta s\u00e1bado en la sede comunitaria de Almendral Bajo, cuando un grupo de vecinos y amigos del ahora fallecido crearon con alegr\u00eda y en su honor, un proyecto social y comunitario que lleva el nombre de Venegas, o sea, <strong><em>Comedor Solidario Mauricio Venegas<\/em><\/strong>, instalado y financiado por los mismos vecinos, al que llegaron a retirar su almuerzo cerca de 300 vecinos del sector.<\/p>\n<p style=\"text-align: justify;\">\n<p style=\"text-align: justify;\"><span style=\"color: #c81400;\"><strong>EN SU HONOR<\/strong><\/span><\/p>\n<p style=\"text-align: justify;\"><strong>Diario El Trabajo<\/strong> habl\u00f3 con uno de los socios cooperadores de tan singular iniciativa, <strong>Francisco Rojas<\/strong>, quien nos coment\u00f3 que <em>\u00abnosotros empezamos aproximadamente hace un mes con este comedor repartiendo 50 almuerzos. En la actualidad cada s\u00e1bado estamos entregando cerca de 300 colaciones, es una Olla inclusiva s\u00faper solidaria porque el sistema de financiamiento es de nuestro bolsillo y as\u00ed hemos ido creciendo, as\u00ed entre todos las chiquillas y los chiquillos, entre todos los socios nos juntamos para comprar entre todos la mercader\u00eda. La actividad es todos los s\u00e1bados al mediod\u00eda, a esa hora repartimos los almuerzos, tambi\u00e9n lo hacemos Delivery y llevamos a los chiquillos de Puente Enc\u00f3n, Puente El Rey, la 21 de Mayo y de otras poblaciones (\u2026) Nuestro Comedor Solidario tambi\u00e9n lo desarrollamos en honor a Mauricio Venegas, \u00e9l falleci\u00f3 el mi\u00e9rcoles pasado en Las Compuertas de Quebrada Herrera; \u00e9l era socio muy activo de nuestro Comedor Solidario, por eso al morir \u00e9l decidimos ponerle su nombre a nuestro proyecto<\/em>\u00bb, indic\u00f3 Rojas a nuestro medio.<\/p>\n<p style=\"text-align: justify;\">Tambi\u00e9n <strong>Diario El Trabajo<\/strong> habl\u00f3 con la secretaria de esta junta vecinal Almendral Bajo, <strong>Jeannette Fern\u00e1ndez Araya<\/strong>: <em>\u00abEste comedor es muy importante para nosotros. Este fue un llamado de Francisco Rojas, \u00e9l nos anim\u00f3 y nos involucr\u00f3 a todos en la poblaci\u00f3n y apa\u00f1amos todos. Descubrimos que varios vecinos estaban necesitando esta iniciativa, la que hacemos con cari\u00f1o y mucho amor todos los s\u00e1bados<\/em>\u00bb, dijo la dirigenta.<\/p>\n<p style=\"text-align: justify;\">\n<p style=\"text-align: justify;\"><span style=\"color: #c81400;\"><strong>MADRE AGRADECIDA<\/strong><\/span><\/p>\n<p style=\"text-align: justify;\">Nuestro medio tuvo tambi\u00e9n la oportunidad de hablar con la madre de \u2018Machu Pichu\u2019 Venegas, do\u00f1a <strong>Magaly Cordero<\/strong>, quien emocionada agradeci\u00f3 este gesto a sus vecinos y amigos de su difunto hijo: <em>\u00abEl mi\u00e9rcoles 3 de junio pasado mi hijo hab\u00eda ido a visitar a su polola, estaba muy enamorado, \u00e9l caminaba con su polola y a las 19:30 horas fue atropellado por un conductor, se dio a la fuga, ni siquiera fren\u00f3 porque no hay frenada dicen solamente lo dej\u00f3 botado en el suelo y huy\u00f3. Gracias a Dios que no mat\u00f3 a la polola que ahora sigue grave en el hospital <\/em>(\u2026) <em>Mi hijo ten\u00eda dos hijos chicos, venimos al comedor los d\u00edas s\u00e1bado para ver c\u00f3mo nos organizamos para la semana siguiente, as\u00ed podemos pedir las cooperaciones correspondientes para seguir con esta iniciativa. A m\u00ed me llena de orgullo porque Mauricio siempre fue muy cooperador y ayudaba mucho a la gente en todas partes<\/em>\u00bb, dijo la orgullosa madre.<\/p>\n<p style=\"text-align: justify;\">Los interesados en aportar mercader\u00eda y recursos para esta noble iniciativa del \u2018Comedor Solidario Mauricio Venegas\u2019, pueden llamar al fono <strong>+56 9 8601 8582<\/strong>.<\/p>\n<p style=\"text-align: justify;\"><strong>Roberto Gonz\u00e1lez Short<\/strong><\/p>\n<figure id=\"attachment_99583\" aria-describedby=\"caption-attachment-99583\" style=\"width: 580px\" class=\"wp-caption alignnone\"><img data-recalc-dims=\"1\" loading=\"lazy\" decoding=\"async\" class=\"size-full wp-image-99583\" src=\"https:\/\/i0.wp.com\/eltrabajo.cl\/portal\/wp-content\/uploads\/2020\/06\/Machu-Pichu-1.jpg?resize=580%2C359&#038;ssl=1\" alt=\"UNIDOS LO HACEN POSIBLE.- Ellos son parte del colectivo de trabajo comunitario que hoy honra la memoria de Mauricio Venegas, teniendo en funcionamiento un Comedor Solidario con su nombre.\" width=\"580\" height=\"359\" srcset=\"https:\/\/i0.wp.com\/eltrabajo.cl\/portal\/wp-content\/uploads\/2020\/06\/Machu-Pichu-1.jpg?w=580&amp;ssl=1 580w, https:\/\/i0.wp.com\/eltrabajo.cl\/portal\/wp-content\/uploads\/2020\/06\/Machu-Pichu-1.jpg?resize=300%2C186&amp;ssl=1 300w, https:\/\/i0.wp.com\/eltrabajo.cl\/portal\/wp-content\/uploads\/2020\/06\/Machu-Pichu-1.jpg?resize=200%2C124&amp;ssl=1 200w, https:\/\/i0.wp.com\/eltrabajo.cl\/portal\/wp-content\/uploads\/2020\/06\/Machu-Pichu-1.jpg?resize=150%2C93&amp;ssl=1 150w\" sizes=\"auto, (max-width: 580px) 100vw, 580px\" \/><figcaption id=\"caption-attachment-99583\" class=\"wp-caption-text\">UNIDOS LO HACEN POSIBLE.- Ellos son parte del colectivo de trabajo comunitario que hoy honra la memoria de Mauricio Venegas, teniendo en funcionamiento un Comedor Solidario con su nombre.<\/figcaption><\/figure>\n<figure id=\"attachment_99584\" aria-describedby=\"caption-attachment-99584\" style=\"width: 580px\" class=\"wp-caption alignnone\"><img data-recalc-dims=\"1\" loading=\"lazy\" decoding=\"async\" class=\"size-full wp-image-99584\" src=\"https:\/\/i0.wp.com\/eltrabajo.cl\/portal\/wp-content\/uploads\/2020\/06\/Machu-Pichu-2.jpg?resize=580%2C360&#038;ssl=1\" alt=\"LEGADO DE \u2018MACHU PICHU\u2019.- Los vecinos llegan todos los s\u00e1bados a retirar sus almuerzos a veces para toda la familia.\" width=\"580\" height=\"360\" srcset=\"https:\/\/i0.wp.com\/eltrabajo.cl\/portal\/wp-content\/uploads\/2020\/06\/Machu-Pichu-2.jpg?w=580&amp;ssl=1 580w, https:\/\/i0.wp.com\/eltrabajo.cl\/portal\/wp-content\/uploads\/2020\/06\/Machu-Pichu-2.jpg?resize=300%2C186&amp;ssl=1 300w, https:\/\/i0.wp.com\/eltrabajo.cl\/portal\/wp-content\/uploads\/2020\/06\/Machu-Pichu-2.jpg?resize=200%2C124&amp;ssl=1 200w, https:\/\/i0.wp.com\/eltrabajo.cl\/portal\/wp-content\/uploads\/2020\/06\/Machu-Pichu-2.jpg?resize=150%2C93&amp;ssl=1 150w\" sizes=\"auto, (max-width: 580px) 100vw, 580px\" \/><figcaption id=\"caption-attachment-99584\" class=\"wp-caption-text\">LEGADO DE \u2018MACHU PICHU\u2019.- Los vecinos llegan todos los s\u00e1bados a retirar sus almuerzos a veces para toda la familia.<\/figcaption><\/figure>\n<figure id=\"attachment_99590\" aria-describedby=\"caption-attachment-99590\" style=\"width: 580px\" class=\"wp-caption alignnone\"><img data-recalc-dims=\"1\" loading=\"lazy\" decoding=\"async\" class=\"size-full wp-image-99590\" src=\"https:\/\/i0.wp.com\/eltrabajo.cl\/portal\/wp-content\/uploads\/2020\/06\/Machu-Pichu3.jpg?resize=580%2C359&#038;ssl=1\" alt=\"Ricas son las colaciones que estos vecinos preparan con gran cari\u00f1o en este Comedor Solidario.\" width=\"580\" height=\"359\" srcset=\"https:\/\/i0.wp.com\/eltrabajo.cl\/portal\/wp-content\/uploads\/2020\/06\/Machu-Pichu3.jpg?w=580&amp;ssl=1 580w, https:\/\/i0.wp.com\/eltrabajo.cl\/portal\/wp-content\/uploads\/2020\/06\/Machu-Pichu3.jpg?resize=300%2C186&amp;ssl=1 300w, https:\/\/i0.wp.com\/eltrabajo.cl\/portal\/wp-content\/uploads\/2020\/06\/Machu-Pichu3.jpg?resize=200%2C124&amp;ssl=1 200w, https:\/\/i0.wp.com\/eltrabajo.cl\/portal\/wp-content\/uploads\/2020\/06\/Machu-Pichu3.jpg?resize=150%2C93&amp;ssl=1 150w\" sizes=\"auto, (max-width: 580px) 100vw, 580px\" \/><figcaption id=\"caption-attachment-99590\" class=\"wp-caption-text\">Ricas son las colaciones que estos vecinos preparan con gran cari\u00f1o en este Comedor Solidario.<\/figcaption><\/figure>\n<figure id=\"attachment_99587\" aria-describedby=\"caption-attachment-99587\" style=\"width: 578px\" class=\"wp-caption alignnone\"><img data-recalc-dims=\"1\" loading=\"lazy\" decoding=\"async\" class=\"size-full wp-image-99587\" src=\"https:\/\/i0.wp.com\/eltrabajo.cl\/portal\/wp-content\/uploads\/2020\/06\/Machu-Pichu_Magaly-Cordero.jpg?resize=578%2C600&#038;ssl=1\" alt=\"Magaly Cordero, madre del recordado \u2018Machu Pichu\u2019 Venegas.\" width=\"578\" height=\"600\" srcset=\"https:\/\/i0.wp.com\/eltrabajo.cl\/portal\/wp-content\/uploads\/2020\/06\/Machu-Pichu_Magaly-Cordero.jpg?w=578&amp;ssl=1 578w, https:\/\/i0.wp.com\/eltrabajo.cl\/portal\/wp-content\/uploads\/2020\/06\/Machu-Pichu_Magaly-Cordero.jpg?resize=289%2C300&amp;ssl=1 289w, https:\/\/i0.wp.com\/eltrabajo.cl\/portal\/wp-content\/uploads\/2020\/06\/Machu-Pichu_Magaly-Cordero.jpg?resize=145%2C150&amp;ssl=1 145w\" sizes=\"auto, (max-width: 578px) 100vw, 578px\" \/><figcaption id=\"caption-attachment-99587\" class=\"wp-caption-text\">Magaly Cordero, madre del recordado \u2018Machu Pichu\u2019 Venegas.<\/figcaption><\/figure>\n<figure id=\"attachment_99586\" aria-describedby=\"caption-attachment-99586\" style=\"width: 580px\" class=\"wp-caption alignnone\"><img data-recalc-dims=\"1\" loading=\"lazy\" decoding=\"async\" class=\"size-full wp-image-99586\" src=\"https:\/\/i0.wp.com\/eltrabajo.cl\/portal\/wp-content\/uploads\/2020\/06\/Machu-Pichu_Jeannette-Fernandez.jpg?resize=580%2C600&#038;ssl=1\" alt=\"Secretaria de esta junta vecinal Almendral Bajo, Jeannette Fern\u00e1ndez Araya.\" width=\"580\" height=\"600\" srcset=\"https:\/\/i0.wp.com\/eltrabajo.cl\/portal\/wp-content\/uploads\/2020\/06\/Machu-Pichu_Jeannette-Fernandez.jpg?w=580&amp;ssl=1 580w, https:\/\/i0.wp.com\/eltrabajo.cl\/portal\/wp-content\/uploads\/2020\/06\/Machu-Pichu_Jeannette-Fernandez.jpg?resize=290%2C300&amp;ssl=1 290w, https:\/\/i0.wp.com\/eltrabajo.cl\/portal\/wp-content\/uploads\/2020\/06\/Machu-Pichu_Jeannette-Fernandez.jpg?resize=145%2C150&amp;ssl=1 145w\" sizes=\"auto, (max-width: 580px) 100vw, 580px\" \/><figcaption id=\"caption-attachment-99586\" class=\"wp-caption-text\">Secretaria de esta junta vecinal Almendral Bajo, Jeannette Fern\u00e1ndez Araya.<\/figcaption><\/figure>\n<figure id=\"attachment_99585\" aria-describedby=\"caption-attachment-99585\" style=\"width: 580px\" class=\"wp-caption alignnone\"><img data-recalc-dims=\"1\" loading=\"lazy\" decoding=\"async\" class=\"size-full wp-image-99585\" src=\"https:\/\/i0.wp.com\/eltrabajo.cl\/portal\/wp-content\/uploads\/2020\/06\/Machu-Pichu_Francisco-Rojas.jpg?resize=580%2C598&#038;ssl=1\" alt=\"Francisco Rojas, socio cooperador del singular comedor de Almendral Bajo.\" width=\"580\" height=\"598\" srcset=\"https:\/\/i0.wp.com\/eltrabajo.cl\/portal\/wp-content\/uploads\/2020\/06\/Machu-Pichu_Francisco-Rojas.jpg?w=580&amp;ssl=1 580w, https:\/\/i0.wp.com\/eltrabajo.cl\/portal\/wp-content\/uploads\/2020\/06\/Machu-Pichu_Francisco-Rojas.jpg?resize=291%2C300&amp;ssl=1 291w, https:\/\/i0.wp.com\/eltrabajo.cl\/portal\/wp-content\/uploads\/2020\/06\/Machu-Pichu_Francisco-Rojas.jpg?resize=145%2C150&amp;ssl=1 145w\" sizes=\"auto, (max-width: 580px) 100vw, 580px\" \/><figcaption id=\"caption-attachment-99585\" class=\"wp-caption-text\">Francisco Rojas, socio cooperador del singular comedor de Almendral Bajo.<\/figcaption><\/figure>\n<figure id=\"attachment_99588\" aria-describedby=\"caption-attachment-99588\" style=\"width: 578px\" class=\"wp-caption alignnone\"><img data-recalc-dims=\"1\" loading=\"lazy\" decoding=\"async\" class=\"size-full wp-image-99588\" src=\"https:\/\/i0.wp.com\/eltrabajo.cl\/portal\/wp-content\/uploads\/2020\/06\/Machu-Pichu_Mauricio-Venegas-copia.jpg?resize=578%2C600&#038;ssl=1\" alt=\"NO SER\u00c1S OLVIDADO.- Mauricio Andr\u00e9s Venegas Cordero (Machu Pichu), falleci\u00f3 a principios de mes, el comedor al que pertenec\u00eda ahora lleva su nombre.\" width=\"578\" height=\"600\" srcset=\"https:\/\/i0.wp.com\/eltrabajo.cl\/portal\/wp-content\/uploads\/2020\/06\/Machu-Pichu_Mauricio-Venegas-copia.jpg?w=578&amp;ssl=1 578w, https:\/\/i0.wp.com\/eltrabajo.cl\/portal\/wp-content\/uploads\/2020\/06\/Machu-Pichu_Mauricio-Venegas-copia.jpg?resize=289%2C300&amp;ssl=1 289w, https:\/\/i0.wp.com\/eltrabajo.cl\/portal\/wp-content\/uploads\/2020\/06\/Machu-Pichu_Mauricio-Venegas-copia.jpg?resize=145%2C150&amp;ssl=1 145w\" sizes=\"auto, (max-width: 578px) 100vw, 578px\" \/><figcaption id=\"caption-attachment-99588\" class=\"wp-caption-text\">NO SER\u00c1S OLVIDADO.- Mauricio Andr\u00e9s Venegas Cordero (Machu Pichu), falleci\u00f3 a principios de mes, el comedor al que pertenec\u00eda ahora lleva su nombre.<\/figcaption><\/figure>\n","protected":false},"excerpt":{"rendered":"<p>Mauricio Andr\u00e9s Venegas Cordero no ser\u00e1 olvidado: Luego que hace pocos d\u00edas el querido vecino Mauricio Andr\u00e9s Venegas Cordero, conocido popularmente como \u2018Machu Pichu\u2019, de 38 a\u00f1os de edad, muriera atropellado en&#8230;<\/p>\n","protected":false},"author":482,"featured_media":99589,"comment_status":"closed","ping_status":"closed","sticky":false,"template":"","format":"standard","meta":{"advanced_seo_description":"","jetpack_seo_html_title":"","jetpack_seo_noindex":false,"_jetpack_memberships_contains_paid_content":false,"footnotes":""},"categories":[15],"tags":[],"class_list":["post-99582","post","type-post","status-publish","format-standard","has-post-thumbnail","hentry","category-comunidad"],"jetpack_featured_media_url":"https:\/\/i0.wp.com\/eltrabajo.cl\/portal\/wp-content\/uploads\/2020\/06\/Machu-Pichu_Mauricio-Venegas.jpg?fit=580%2C359&ssl=1","jetpack_sharing_enabled":true,"jetpack_likes_enabled":true,"jetpack-related-posts":[],"_links":{"self":[{"href":"https:\/\/eltrabajo.cl\/portal\/wp-json\/wp\/v2\/posts\/99582","targetHints":{"allow":["GET"]}}],"collection":[{"href":"https:\/\/eltrabajo.cl\/portal\/wp-json\/wp\/v2\/posts"}],"about":[{"href":"https:\/\/eltrabajo.cl\/portal\/wp-json\/wp\/v2\/types\/post"}],"author":[{"embeddable":true,"href":"https:\/\/eltrabajo.cl\/portal\/wp-json\/wp\/v2\/users\/482"}],"replies":[{"embeddable":true,"href":"https:\/\/eltrabajo.cl\/portal\/wp-json\/wp\/v2\/comments?post=99582"}],"version-history":[{"count":0,"href":"https:\/\/eltrabajo.cl\/portal\/wp-json\/wp\/v2\/posts\/99582\/revisions"}],"wp:featuredmedia":[{"embeddable":true,"href":"https:\/\/eltrabajo.cl\/portal\/wp-json\/wp\/v2\/media\/99589"}],"wp:attachment":[{"href":"https:\/\/eltrabajo.cl\/portal\/wp-json\/wp\/v2\/media?parent=99582"}],"wp:term":[{"taxonomy":"category","embeddable":true,"href":"https:\/\/eltrabajo.cl\/portal\/wp-json\/wp\/v2\/categories?post=99582"},{"taxonomy":"post_tag","embeddable":true,"href":"https:\/\/eltrabajo.cl\/portal\/wp-json\/wp\/v2\/tags?post=99582"}],"curies":[{"name":"wp","href":"https:\/\/api.w.org\/{rel}","templated":true}]}}