{"id":99595,"date":"2020-06-16T19:58:39","date_gmt":"2020-06-16T23:58:39","guid":{"rendered":"https:\/\/www.eltrabajo.cl\/portal\/?p=99595"},"modified":"2020-06-16T19:58:39","modified_gmt":"2020-06-16T23:58:39","slug":"abriran-nuevo-albergue-para-acoger-a-personas-en-situacion-de-calle","status":"publish","type":"post","link":"https:\/\/eltrabajo.cl\/portal\/abriran-nuevo-albergue-para-acoger-a-personas-en-situacion-de-calle\/","title":{"rendered":"Abrir\u00e1n nuevo albergue para acoger a personas en situaci\u00f3n de calle"},"content":{"rendered":"<ul style=\"text-align: justify;\">\n<li><strong>De esta manera se complementar\u00e1 el dispositivo que ya funciona y que est\u00e1 destinado a adultos mayores y enfermos cr\u00f3nicos.<\/strong><\/li>\n<\/ul>\n<p style=\"text-align: justify;\">Desde hace un par de semanas que ya se encuentra disponible el albergue 24\/7, destinado a la atenci\u00f3n de adultos mayores y enfermos cr\u00f3nicos en situaci\u00f3n de calle de las diferentes comunas de la provincia de San Felipe. A \u00e9ste se sumar\u00e1 dentro de los pr\u00f3ximos d\u00edas un dispositivo complementario, destinado a personas en situaci\u00f3n de calle que no presentan problemas de salud.<\/p>\n<p style=\"text-align: justify;\">As\u00ed lo dio a conocer el gobernador de la provincia de San Felipe, <strong>Claudio Rodr\u00edguez Cataldo<\/strong>, quien se\u00f1al\u00f3 que se trata de una alternativa para cobijar a quienes m\u00e1s lo necesitan, con un formato a\u00fan mejor que lo que a\u00f1os anteriores conocimos como \u2018C\u00f3digo Azul\u2019, el que funcionar\u00e1 en la comuna de San Felipe.<\/p>\n<p style=\"text-align: justify;\">\u00ab<em>Ya en los pr\u00f3ximos d\u00edas vamos a habilitar un nuevo albergue que estar\u00e1 disponible para personas en situaci\u00f3n de calle, pero que no tengan la condici\u00f3n de permanecer en su interior, podr\u00e1n salir. Aqu\u00ed habr\u00e1 atenci\u00f3n la 24 horas del d\u00eda, los 7 d\u00edas de la semana, contando con sus respectivas comidas, para que puedan estar cobijados, especialmente en esta \u00e9poca de bajas temperaturas\u00bb,<\/em> detall\u00f3 el gobernador.<\/p>\n<p style=\"text-align: justify;\">De esta manera, a trav\u00e9s de recursos asignados por el Ministerio de Desarrollo Social, la Gobernaci\u00f3n de San Felipe habilitar\u00e1 un sistema que ya no funcionar\u00e1 s\u00f3lo las noches de bajas temperaturas, como lo hizo anteriormente el \u2018C\u00f3digo Azul\u2019, sino que este nuevo sistema funcionar\u00e1 durante 60 d\u00edas de manera continua a partir de su fecha de apertura a la comunidad.<\/p>\n<p style=\"text-align: justify;\">De igual manera el gobernador hizo un positivo balance respecto lo que ha sido hasta ahora el albergue 24\/7 para adultos mayores, el que ya registra 12 usuarios de un total de 20 vacantes disponibles.<\/p>\n<p style=\"text-align: justify;\">\u00ab<em>Estamos bastante contentos con el resultado que hemos ido obteniendo con el albergue que ya cuenta con 12 personas albergadas, personas en situaci\u00f3n de calle, adultos mayores o con enfermedades cr\u00f3nicas de base. Esto tiene que ver con evitar lo m\u00e1s posible el que se contagien de Coronavirus. El equipo que est\u00e1 con ellos es un equipo maravilloso que ha estado muy preocupado de la situaci\u00f3n de cada uno y se ve la alegr\u00eda en los rostros de nuestros adultos mayores que est\u00e1n ah\u00ed. Se les ha realizado actividades de recreaci\u00f3n, de actividad f\u00edsica, sesiones de cosmetolog\u00eda a las mujeres, porque la idea es que se sientan en un verdadero hogar\u00bb,<\/em> detall\u00f3 la autoridad provincial.<\/p>\n<p style=\"text-align: justify;\">Asimismo, se han efectuado coordinaciones con el Cesfam Segismundo Iturra para que los residentes temporales de este albergue cuenten con las atenciones de salud necesarias de manera oportuna.<\/p>\n<figure id=\"attachment_99596\" aria-describedby=\"caption-attachment-99596\" style=\"width: 580px\" class=\"wp-caption alignnone\"><img data-recalc-dims=\"1\" loading=\"lazy\" decoding=\"async\" class=\"size-full wp-image-99596\" src=\"https:\/\/i0.wp.com\/eltrabajo.cl\/portal\/wp-content\/uploads\/2020\/06\/albergue-1.jpg?resize=580%2C358&#038;ssl=1\" alt=\"Actividades recreativas y deportivas se han programado para los adultos mayores que permanecen en el albergue 24\/7, que se encuentra en calle Abraham Ahumada 99, en la comuna de San Felipe.\" width=\"580\" height=\"358\" srcset=\"https:\/\/i0.wp.com\/eltrabajo.cl\/portal\/wp-content\/uploads\/2020\/06\/albergue-1.jpg?w=580&amp;ssl=1 580w, https:\/\/i0.wp.com\/eltrabajo.cl\/portal\/wp-content\/uploads\/2020\/06\/albergue-1.jpg?resize=300%2C185&amp;ssl=1 300w, https:\/\/i0.wp.com\/eltrabajo.cl\/portal\/wp-content\/uploads\/2020\/06\/albergue-1.jpg?resize=200%2C123&amp;ssl=1 200w, https:\/\/i0.wp.com\/eltrabajo.cl\/portal\/wp-content\/uploads\/2020\/06\/albergue-1.jpg?resize=150%2C93&amp;ssl=1 150w\" sizes=\"auto, (max-width: 580px) 100vw, 580px\" \/><figcaption id=\"caption-attachment-99596\" class=\"wp-caption-text\">Actividades recreativas y deportivas se han programado para los adultos mayores que permanecen en el albergue 24\/7, que se encuentra en calle Abraham Ahumada 99, en la comuna de San Felipe.<\/figcaption><\/figure>\n","protected":false},"excerpt":{"rendered":"<p>De esta manera se complementar\u00e1 el dispositivo que ya funciona y que est\u00e1 destinado a adultos mayores y enfermos cr\u00f3nicos. Desde hace un par de semanas que ya se encuentra disponible el&#8230;<\/p>\n","protected":false},"author":482,"featured_media":99596,"comment_status":"closed","ping_status":"closed","sticky":false,"template":"","format":"standard","meta":{"advanced_seo_description":"","jetpack_seo_html_title":"","jetpack_seo_noindex":false,"_jetpack_memberships_contains_paid_content":false,"footnotes":""},"categories":[103],"tags":[],"class_list":["post-99595","post","type-post","status-publish","format-standard","has-post-thumbnail","hentry","category-cronica-2"],"jetpack_featured_media_url":"https:\/\/i0.wp.com\/eltrabajo.cl\/portal\/wp-content\/uploads\/2020\/06\/albergue-1.jpg?fit=580%2C358&ssl=1","jetpack_sharing_enabled":true,"jetpack_likes_enabled":true,"jetpack-related-posts":[],"_links":{"self":[{"href":"https:\/\/eltrabajo.cl\/portal\/wp-json\/wp\/v2\/posts\/99595","targetHints":{"allow":["GET"]}}],"collection":[{"href":"https:\/\/eltrabajo.cl\/portal\/wp-json\/wp\/v2\/posts"}],"about":[{"href":"https:\/\/eltrabajo.cl\/portal\/wp-json\/wp\/v2\/types\/post"}],"author":[{"embeddable":true,"href":"https:\/\/eltrabajo.cl\/portal\/wp-json\/wp\/v2\/users\/482"}],"replies":[{"embeddable":true,"href":"https:\/\/eltrabajo.cl\/portal\/wp-json\/wp\/v2\/comments?post=99595"}],"version-history":[{"count":0,"href":"https:\/\/eltrabajo.cl\/portal\/wp-json\/wp\/v2\/posts\/99595\/revisions"}],"wp:featuredmedia":[{"embeddable":true,"href":"https:\/\/eltrabajo.cl\/portal\/wp-json\/wp\/v2\/media\/99596"}],"wp:attachment":[{"href":"https:\/\/eltrabajo.cl\/portal\/wp-json\/wp\/v2\/media?parent=99595"}],"wp:term":[{"taxonomy":"category","embeddable":true,"href":"https:\/\/eltrabajo.cl\/portal\/wp-json\/wp\/v2\/categories?post=99595"},{"taxonomy":"post_tag","embeddable":true,"href":"https:\/\/eltrabajo.cl\/portal\/wp-json\/wp\/v2\/tags?post=99595"}],"curies":[{"name":"wp","href":"https:\/\/api.w.org\/{rel}","templated":true}]}}