{"id":99606,"date":"2020-06-17T07:30:29","date_gmt":"2020-06-17T11:30:29","guid":{"rendered":"https:\/\/www.eltrabajo.cl\/portal\/?p=99606"},"modified":"2020-06-16T20:06:27","modified_gmt":"2020-06-17T00:06:27","slug":"hospital-san-camilo-lanza-campana-para-evitar-quemaduras-en-menores","status":"publish","type":"post","link":"https:\/\/eltrabajo.cl\/portal\/hospital-san-camilo-lanza-campana-para-evitar-quemaduras-en-menores\/","title":{"rendered":"Hospital San Camilo lanza campa\u00f1a para evitar quemaduras en menores"},"content":{"rendered":"<p style=\"text-align: justify;\"><span style=\"color: #c81400;\"><strong>Equipo de Salud Infantil:<\/strong><\/span><\/p>\n<ul style=\"text-align: justify;\">\n<li><strong>\u00c9poca de invierno y permanencia de los menores en el hogar producto de la pandemia, han aumentado este tipo de accidentes.<\/strong><\/li>\n<\/ul>\n<p style=\"text-align: justify;\">Como ya es una triste tradici\u00f3n, con cada invierno lamentablemente aumentan los menores que consultan en Urgencias por diversos tipos de quemaduras provocadas en su hogar, ya sea por derrame de l\u00edquidos desde hervidores, tazas u ollas, o porque pusieron sus manitos en las estufas, braseros o chimeneas. Esta situaci\u00f3n tambi\u00e9n sucede ac\u00e1 en nuestro Valle del Aconcagua y la pandemia ha acrecentado este fen\u00f3meno al tener a los menores todo el d\u00eda en la casa.<\/p>\n<p style=\"text-align: justify;\">Por lo anterior, el equipo de salud infantil del Hospital San Camilo, compuesto por cirujanos infantiles y fisiatras, se encuentra en una campa\u00f1a informativa a las familias para tomar conciencia de todos los riesgos que existen en el hogar y de esta manera poder tomar las medidas de precauci\u00f3n correspondientes.<\/p>\n<p style=\"text-align: justify;\">\u00ab<em>Aunque todos pensemos que el hogar es el lugar m\u00e1s seguro para los ni\u00f1os, no siempre es as\u00ed, pues en t\u00e9rminos de accidentes y quemaduras ocupa el primer lugar, es por esto que queremos que las familias nos ayuden a frenar esta tendencia que aumenta en invierno y que hoy vemos acrecentada por la pandemia\u00bb,<\/em> asegur\u00f3 el jefe de Cirug\u00eda infantil, m\u00e9dico <strong>Mario Varela<\/strong>.<\/p>\n<p style=\"text-align: justify;\">El especialista reconoce un aumento de menores hospitalizados por quemaduras, principalmente debido al acercamiento con las chimeneas y estufas, adem\u00e1s del derrame de l\u00edquidos calientes y en menor grado por brazas. <em>\u00abSin embargo, todos los accidentes son evitables, por lo que si seguimos sencillos consejos, podemos evitar que nuestros ni\u00f1os sufran por quemaduras\u00bb,<\/em> agreg\u00f3.<\/p>\n<p style=\"text-align: justify;\">\u00ab<em>Respecto de la cocina, coloque barreras de acceso y evite transformarla en un lugar de reuni\u00f3n. La mayor\u00eda de las cocinas tiene sistemas de anclaje a la pared\u2026 \u00faselos, son vitales por si el ni\u00f1o se cuelga de ella. Tambi\u00e9n p\u00f3ngale seguro al horno; una vez hervida el agua, gu\u00e1rdela en un termo, as\u00ed evitar\u00e1 derrames; Nunca tome en brazos a los menores mientras tome t\u00e9, caf\u00e9 o sopa en la mesa. Si tiene sistemas de calefacci\u00f3n con fuego, aseg\u00farese de poner una barrera que el menor no pueda pasar para tocar el fuego o las superficies calientes, y no olvide asegurar las planchas mientras est\u00e1n calientes\u00bb. <\/em><\/p>\n<p style=\"text-align: justify;\">Finalmente, el especialista agreg\u00f3 que esta campa\u00f1a contar\u00e1 con c\u00e1psulas informativas difundidas en redes sociales, as\u00ed como material gr\u00e1fico para complementar lo anterior en espa\u00f1ol y creol\u00e9, pues a su juicio, las secuelas de una quemadura pueden acompa\u00f1ar a nuestros ni\u00f1os toda su vida y, por lo tanto, es imperioso que en cada hogar se tomen las medidas preventivas.<\/p>\n<figure id=\"attachment_99607\" aria-describedby=\"caption-attachment-99607\" style=\"width: 580px\" class=\"wp-caption alignnone\"><img data-recalc-dims=\"1\" loading=\"lazy\" decoding=\"async\" class=\"size-full wp-image-99607\" src=\"https:\/\/i0.wp.com\/eltrabajo.cl\/portal\/wp-content\/uploads\/2020\/06\/Equipo-de-Salud-Infantil-Hosca.jpg?resize=580%2C360&#038;ssl=1\" alt=\"Equipo de Salud Infantil del Hospital San Camilo lanz\u00f3 campa\u00f1a para evitar quemaduras en los menores.\" width=\"580\" height=\"360\" srcset=\"https:\/\/i0.wp.com\/eltrabajo.cl\/portal\/wp-content\/uploads\/2020\/06\/Equipo-de-Salud-Infantil-Hosca.jpg?w=580&amp;ssl=1 580w, https:\/\/i0.wp.com\/eltrabajo.cl\/portal\/wp-content\/uploads\/2020\/06\/Equipo-de-Salud-Infantil-Hosca.jpg?resize=300%2C186&amp;ssl=1 300w, https:\/\/i0.wp.com\/eltrabajo.cl\/portal\/wp-content\/uploads\/2020\/06\/Equipo-de-Salud-Infantil-Hosca.jpg?resize=200%2C124&amp;ssl=1 200w, https:\/\/i0.wp.com\/eltrabajo.cl\/portal\/wp-content\/uploads\/2020\/06\/Equipo-de-Salud-Infantil-Hosca.jpg?resize=150%2C93&amp;ssl=1 150w\" sizes=\"auto, (max-width: 580px) 100vw, 580px\" \/><figcaption id=\"caption-attachment-99607\" class=\"wp-caption-text\">Equipo de Salud Infantil del Hospital San Camilo lanz\u00f3 campa\u00f1a para evitar quemaduras en los menores.<\/figcaption><\/figure>\n","protected":false},"excerpt":{"rendered":"<p>Equipo de Salud Infantil: \u00c9poca de invierno y permanencia de los menores en el hogar producto de la pandemia, han aumentado este tipo de accidentes. Como ya es una triste tradici\u00f3n, con&#8230;<\/p>\n","protected":false},"author":482,"featured_media":99607,"comment_status":"closed","ping_status":"closed","sticky":false,"template":"","format":"standard","meta":{"advanced_seo_description":"","jetpack_seo_html_title":"","jetpack_seo_noindex":false,"_jetpack_memberships_contains_paid_content":false,"footnotes":""},"categories":[103],"tags":[],"class_list":["post-99606","post","type-post","status-publish","format-standard","has-post-thumbnail","hentry","category-cronica-2"],"jetpack_featured_media_url":"https:\/\/i0.wp.com\/eltrabajo.cl\/portal\/wp-content\/uploads\/2020\/06\/Equipo-de-Salud-Infantil-Hosca.jpg?fit=580%2C360&ssl=1","jetpack_sharing_enabled":true,"jetpack_likes_enabled":true,"jetpack-related-posts":[],"_links":{"self":[{"href":"https:\/\/eltrabajo.cl\/portal\/wp-json\/wp\/v2\/posts\/99606","targetHints":{"allow":["GET"]}}],"collection":[{"href":"https:\/\/eltrabajo.cl\/portal\/wp-json\/wp\/v2\/posts"}],"about":[{"href":"https:\/\/eltrabajo.cl\/portal\/wp-json\/wp\/v2\/types\/post"}],"author":[{"embeddable":true,"href":"https:\/\/eltrabajo.cl\/portal\/wp-json\/wp\/v2\/users\/482"}],"replies":[{"embeddable":true,"href":"https:\/\/eltrabajo.cl\/portal\/wp-json\/wp\/v2\/comments?post=99606"}],"version-history":[{"count":0,"href":"https:\/\/eltrabajo.cl\/portal\/wp-json\/wp\/v2\/posts\/99606\/revisions"}],"wp:featuredmedia":[{"embeddable":true,"href":"https:\/\/eltrabajo.cl\/portal\/wp-json\/wp\/v2\/media\/99607"}],"wp:attachment":[{"href":"https:\/\/eltrabajo.cl\/portal\/wp-json\/wp\/v2\/media?parent=99606"}],"wp:term":[{"taxonomy":"category","embeddable":true,"href":"https:\/\/eltrabajo.cl\/portal\/wp-json\/wp\/v2\/categories?post=99606"},{"taxonomy":"post_tag","embeddable":true,"href":"https:\/\/eltrabajo.cl\/portal\/wp-json\/wp\/v2\/tags?post=99606"}],"curies":[{"name":"wp","href":"https:\/\/api.w.org\/{rel}","templated":true}]}}