{"id":99609,"date":"2020-06-17T07:40:37","date_gmt":"2020-06-17T11:40:37","guid":{"rendered":"https:\/\/www.eltrabajo.cl\/portal\/?p=99609"},"modified":"2020-06-16T20:09:43","modified_gmt":"2020-06-17T00:09:43","slug":"asi-llega-la-mercaderia-a-los-comedores-solidarios-de-nuestra-ciudad","status":"publish","type":"post","link":"https:\/\/eltrabajo.cl\/portal\/asi-llega-la-mercaderia-a-los-comedores-solidarios-de-nuestra-ciudad\/","title":{"rendered":"As\u00ed llega la mercader\u00eda a los comedores solidarios de nuestra ciudad"},"content":{"rendered":"<p style=\"text-align: justify;\"><span style=\"color: #c81400;\"><strong>Juan Gonz\u00e1lez y su red de amigos marcan la diferencia:<\/strong><\/span><\/p>\n<p style=\"text-align: justify;\">Hoy estamos compartiendo con nuestros lectores un \u00e1ngulo que pocas veces se ve en las noticias relacionadas con los Comedores Solidarios y Ollas Comunes que se han vuelto en poco tiempo tan necesarios y bien funcionales, nos referimos a quienes est\u00e1n detr\u00e1s de estos comedores, a las personas que comprometen a sus amigos y vecinos a fin de conseguir la mercader\u00eda que con mucho amor se prepara en estos comedores comunitarios. Es por ello que ayer martes entrevistamos a <strong>Juan Gonz\u00e1lez Maldonado<\/strong>, conocido vecino de nuestra comuna que durante a\u00f1os ha laborado en Carnes KAR y paralelamente desarrollado campa\u00f1as solidarias cuando se ha necesitado en Aconcagua o en otras partes del pa\u00eds.<\/p>\n<p style=\"text-align: justify;\">\u00ab<em>Desde hace un mes que me propuse recolectar alimentos entre tantos amigos que tengo, gente que quiere y puede ayudar y que no sabe a qui\u00e9n entregarla, bueno, ha sido un \u00e9xito, hemos podido llegar a las Ollas comunes de la Juan Pablo II, 250 A\u00f1os, Enc\u00f3n, El Esfuerzo y a familias puntuales. El trabajo pareciera de nunca acabar, pero tenemos que seguir donando y cocinando y entre todos enfrentar con empe\u00f1o esta crisis que nos golpea, por eso tambi\u00e9n agradezco mucho a todos quienes apoyan en esta campa\u00f1a permanente (\u2026) Para este s\u00e1bado al mediod\u00eda hay una Porotada en la sede vecinal de Villa Juan Pablo II, por eso tambi\u00e9n estoy invitando a los lectores de <strong>Diario El Trabajo<\/strong> a que nos hagan llegar porotos y todo tipo de mercader\u00eda<\/em>\u00bb, dijo Gonz\u00e1lez a nuestro medio.<\/p>\n<p style=\"text-align: justify;\">Los interesados en unirse a este grupo de personas que ya apoyan con mercader\u00eda, pueden llamar a Juan Gonz\u00e1lez al <strong>+56 9 9310 1535<\/strong>.<\/p>\n<p style=\"text-align: justify;\"><strong>Roberto Gonz\u00e1lez Short<\/strong><\/p>\n<p style=\"text-align: justify;\">\n<figure id=\"attachment_99610\" aria-describedby=\"caption-attachment-99610\" style=\"width: 580px\" class=\"wp-caption alignnone\"><img data-recalc-dims=\"1\" loading=\"lazy\" decoding=\"async\" class=\"size-full wp-image-99610\" src=\"https:\/\/i0.wp.com\/eltrabajo.cl\/portal\/wp-content\/uploads\/2020\/06\/Mercaderia1.jpg?resize=580%2C359&#038;ssl=1\" alt=\"TRABAJ\u00d3LICOS AN\u00d3NIMOS.- Aqu\u00ed vemos este veh\u00edculo lleno de mercader\u00eda, recursos que los sanfelipe\u00f1os ponen a disposici\u00f3n de estos comedores solidarios de nuestra comuna.\" width=\"580\" height=\"359\" srcset=\"https:\/\/i0.wp.com\/eltrabajo.cl\/portal\/wp-content\/uploads\/2020\/06\/Mercaderia1.jpg?w=580&amp;ssl=1 580w, https:\/\/i0.wp.com\/eltrabajo.cl\/portal\/wp-content\/uploads\/2020\/06\/Mercaderia1.jpg?resize=300%2C186&amp;ssl=1 300w, https:\/\/i0.wp.com\/eltrabajo.cl\/portal\/wp-content\/uploads\/2020\/06\/Mercaderia1.jpg?resize=200%2C124&amp;ssl=1 200w, https:\/\/i0.wp.com\/eltrabajo.cl\/portal\/wp-content\/uploads\/2020\/06\/Mercaderia1.jpg?resize=150%2C93&amp;ssl=1 150w\" sizes=\"auto, (max-width: 580px) 100vw, 580px\" \/><figcaption id=\"caption-attachment-99610\" class=\"wp-caption-text\">TRABAJ\u00d3LICOS AN\u00d3NIMOS.- Aqu\u00ed vemos este veh\u00edculo lleno de mercader\u00eda, recursos que los sanfelipe\u00f1os ponen a disposici\u00f3n de estos comedores solidarios de nuestra comuna.<\/figcaption><\/figure>\n<figure id=\"attachment_99611\" aria-describedby=\"caption-attachment-99611\" style=\"width: 580px\" class=\"wp-caption alignnone\"><img data-recalc-dims=\"1\" loading=\"lazy\" decoding=\"async\" class=\"size-full wp-image-99611\" src=\"https:\/\/i0.wp.com\/eltrabajo.cl\/portal\/wp-content\/uploads\/2020\/06\/Mercaderia2.jpg?resize=580%2C700&#038;ssl=1\" alt=\"VOLUNTARIOS EN ACCI\u00d3N.- Aqu\u00ed vemos tambi\u00e9n a quienes cocinan en estos comedores esta mercader\u00eda, la que llega a quienes la necesitan diariamente.\" width=\"580\" height=\"700\" srcset=\"https:\/\/i0.wp.com\/eltrabajo.cl\/portal\/wp-content\/uploads\/2020\/06\/Mercaderia2.jpg?w=580&amp;ssl=1 580w, https:\/\/i0.wp.com\/eltrabajo.cl\/portal\/wp-content\/uploads\/2020\/06\/Mercaderia2.jpg?resize=249%2C300&amp;ssl=1 249w, https:\/\/i0.wp.com\/eltrabajo.cl\/portal\/wp-content\/uploads\/2020\/06\/Mercaderia2.jpg?resize=124%2C150&amp;ssl=1 124w\" sizes=\"auto, (max-width: 580px) 100vw, 580px\" \/><figcaption id=\"caption-attachment-99611\" class=\"wp-caption-text\">VOLUNTARIOS EN ACCI\u00d3N.- Aqu\u00ed vemos tambi\u00e9n a quienes cocinan en estos comedores esta mercader\u00eda, la que llega a quienes la necesitan diariamente.<\/figcaption><\/figure>\n<figure id=\"attachment_99612\" aria-describedby=\"caption-attachment-99612\" style=\"width: 580px\" class=\"wp-caption alignnone\"><img data-recalc-dims=\"1\" loading=\"lazy\" decoding=\"async\" class=\"size-full wp-image-99612\" src=\"https:\/\/i0.wp.com\/eltrabajo.cl\/portal\/wp-content\/uploads\/2020\/06\/Mercaderia3.jpg?resize=580%2C700&#038;ssl=1\" alt=\"UNA DELICIA.- Y no es cualquier almuerzo, las colaciones son muy buenas y abundantes gracias a los donantes.\" width=\"580\" height=\"700\" srcset=\"https:\/\/i0.wp.com\/eltrabajo.cl\/portal\/wp-content\/uploads\/2020\/06\/Mercaderia3.jpg?w=580&amp;ssl=1 580w, https:\/\/i0.wp.com\/eltrabajo.cl\/portal\/wp-content\/uploads\/2020\/06\/Mercaderia3.jpg?resize=249%2C300&amp;ssl=1 249w, https:\/\/i0.wp.com\/eltrabajo.cl\/portal\/wp-content\/uploads\/2020\/06\/Mercaderia3.jpg?resize=124%2C150&amp;ssl=1 124w\" sizes=\"auto, (max-width: 580px) 100vw, 580px\" \/><figcaption id=\"caption-attachment-99612\" class=\"wp-caption-text\">UNA DELICIA.- Y no es cualquier almuerzo, las colaciones son muy buenas y abundantes gracias a los donantes.<\/figcaption><\/figure>\n<figure id=\"attachment_99613\" aria-describedby=\"caption-attachment-99613\" style=\"width: 580px\" class=\"wp-caption alignnone\"><img data-recalc-dims=\"1\" loading=\"lazy\" decoding=\"async\" class=\"size-full wp-image-99613\" src=\"https:\/\/i0.wp.com\/eltrabajo.cl\/portal\/wp-content\/uploads\/2020\/06\/Mercaderia4.jpg?resize=580%2C700&#038;ssl=1\" alt=\"ARDUA TAREA.- Aqu\u00ed est\u00e1n los comedores solidarios, todos est\u00e1n listos esperando m\u00e1s mercader\u00eda porque la crisis apenas inicia.\" width=\"580\" height=\"700\" srcset=\"https:\/\/i0.wp.com\/eltrabajo.cl\/portal\/wp-content\/uploads\/2020\/06\/Mercaderia4.jpg?w=580&amp;ssl=1 580w, https:\/\/i0.wp.com\/eltrabajo.cl\/portal\/wp-content\/uploads\/2020\/06\/Mercaderia4.jpg?resize=249%2C300&amp;ssl=1 249w, https:\/\/i0.wp.com\/eltrabajo.cl\/portal\/wp-content\/uploads\/2020\/06\/Mercaderia4.jpg?resize=124%2C150&amp;ssl=1 124w\" sizes=\"auto, (max-width: 580px) 100vw, 580px\" \/><figcaption id=\"caption-attachment-99613\" class=\"wp-caption-text\">ARDUA TAREA.- Aqu\u00ed est\u00e1n los comedores solidarios, todos est\u00e1n listos esperando m\u00e1s mercader\u00eda porque la crisis apenas inicia.<\/figcaption><\/figure>\n<figure id=\"attachment_99614\" aria-describedby=\"caption-attachment-99614\" style=\"width: 580px\" class=\"wp-caption alignnone\"><img data-recalc-dims=\"1\" loading=\"lazy\" decoding=\"async\" class=\"size-full wp-image-99614\" src=\"https:\/\/i0.wp.com\/eltrabajo.cl\/portal\/wp-content\/uploads\/2020\/06\/Mercaderia5.jpg?resize=580%2C700&#038;ssl=1\" alt=\"A PREVENIR LOS CONTAGIOS.- Productos para la limpieza y desinfectantes tambi\u00e9n llegan a manos de las familias sanfelipe\u00f1as.\" width=\"580\" height=\"700\" srcset=\"https:\/\/i0.wp.com\/eltrabajo.cl\/portal\/wp-content\/uploads\/2020\/06\/Mercaderia5.jpg?w=580&amp;ssl=1 580w, https:\/\/i0.wp.com\/eltrabajo.cl\/portal\/wp-content\/uploads\/2020\/06\/Mercaderia5.jpg?resize=249%2C300&amp;ssl=1 249w, https:\/\/i0.wp.com\/eltrabajo.cl\/portal\/wp-content\/uploads\/2020\/06\/Mercaderia5.jpg?resize=124%2C150&amp;ssl=1 124w\" sizes=\"auto, (max-width: 580px) 100vw, 580px\" \/><figcaption id=\"caption-attachment-99614\" class=\"wp-caption-text\">A PREVENIR LOS CONTAGIOS.- Productos para la limpieza y desinfectantes tambi\u00e9n llegan a manos de las familias sanfelipe\u00f1as.<\/figcaption><\/figure>\n<figure id=\"attachment_99615\" aria-describedby=\"caption-attachment-99615\" style=\"width: 578px\" class=\"wp-caption alignnone\"><img data-recalc-dims=\"1\" loading=\"lazy\" decoding=\"async\" class=\"size-full wp-image-99615\" src=\"https:\/\/i0.wp.com\/eltrabajo.cl\/portal\/wp-content\/uploads\/2020\/06\/Mercaderia_Juan-Gonzalez.jpg?resize=578%2C600&#038;ssl=1\" alt=\"Juan Gonz\u00e1lez Maldonado, uno de los vecinos dedicados a tiempo completo en el trabajo comunitario en nuestra comuna.\" width=\"578\" height=\"600\" srcset=\"https:\/\/i0.wp.com\/eltrabajo.cl\/portal\/wp-content\/uploads\/2020\/06\/Mercaderia_Juan-Gonzalez.jpg?w=578&amp;ssl=1 578w, https:\/\/i0.wp.com\/eltrabajo.cl\/portal\/wp-content\/uploads\/2020\/06\/Mercaderia_Juan-Gonzalez.jpg?resize=289%2C300&amp;ssl=1 289w, https:\/\/i0.wp.com\/eltrabajo.cl\/portal\/wp-content\/uploads\/2020\/06\/Mercaderia_Juan-Gonzalez.jpg?resize=145%2C150&amp;ssl=1 145w\" sizes=\"auto, (max-width: 578px) 100vw, 578px\" \/><figcaption id=\"caption-attachment-99615\" class=\"wp-caption-text\">Juan Gonz\u00e1lez Maldonado, uno de los vecinos dedicados a tiempo completo en el trabajo comunitario en nuestra comuna.<\/figcaption><\/figure>\n","protected":false},"excerpt":{"rendered":"<p>Juan Gonz\u00e1lez y su red de amigos marcan la diferencia: Hoy estamos compartiendo con nuestros lectores un \u00e1ngulo que pocas veces se ve en las noticias relacionadas con los Comedores Solidarios y&#8230;<\/p>\n","protected":false},"author":482,"featured_media":99610,"comment_status":"closed","ping_status":"closed","sticky":false,"template":"","format":"standard","meta":{"advanced_seo_description":"","jetpack_seo_html_title":"","jetpack_seo_noindex":false,"_jetpack_memberships_contains_paid_content":false,"footnotes":""},"categories":[15],"tags":[],"class_list":["post-99609","post","type-post","status-publish","format-standard","has-post-thumbnail","hentry","category-comunidad"],"jetpack_featured_media_url":"https:\/\/i0.wp.com\/eltrabajo.cl\/portal\/wp-content\/uploads\/2020\/06\/Mercaderia1.jpg?fit=580%2C359&ssl=1","jetpack_sharing_enabled":true,"jetpack_likes_enabled":true,"jetpack-related-posts":[],"_links":{"self":[{"href":"https:\/\/eltrabajo.cl\/portal\/wp-json\/wp\/v2\/posts\/99609","targetHints":{"allow":["GET"]}}],"collection":[{"href":"https:\/\/eltrabajo.cl\/portal\/wp-json\/wp\/v2\/posts"}],"about":[{"href":"https:\/\/eltrabajo.cl\/portal\/wp-json\/wp\/v2\/types\/post"}],"author":[{"embeddable":true,"href":"https:\/\/eltrabajo.cl\/portal\/wp-json\/wp\/v2\/users\/482"}],"replies":[{"embeddable":true,"href":"https:\/\/eltrabajo.cl\/portal\/wp-json\/wp\/v2\/comments?post=99609"}],"version-history":[{"count":0,"href":"https:\/\/eltrabajo.cl\/portal\/wp-json\/wp\/v2\/posts\/99609\/revisions"}],"wp:featuredmedia":[{"embeddable":true,"href":"https:\/\/eltrabajo.cl\/portal\/wp-json\/wp\/v2\/media\/99610"}],"wp:attachment":[{"href":"https:\/\/eltrabajo.cl\/portal\/wp-json\/wp\/v2\/media?parent=99609"}],"wp:term":[{"taxonomy":"category","embeddable":true,"href":"https:\/\/eltrabajo.cl\/portal\/wp-json\/wp\/v2\/categories?post=99609"},{"taxonomy":"post_tag","embeddable":true,"href":"https:\/\/eltrabajo.cl\/portal\/wp-json\/wp\/v2\/tags?post=99609"}],"curies":[{"name":"wp","href":"https:\/\/api.w.org\/{rel}","templated":true}]}}