{"id":99617,"date":"2020-06-17T07:50:57","date_gmt":"2020-06-17T11:50:57","guid":{"rendered":"https:\/\/www.eltrabajo.cl\/portal\/?p=99617"},"modified":"2020-06-16T20:13:00","modified_gmt":"2020-06-17T00:13:00","slug":"cajas-de-amor-de-la-cruz-roja-llegan-a-cada-rincon-de-nuestra-comuna","status":"publish","type":"post","link":"https:\/\/eltrabajo.cl\/portal\/cajas-de-amor-de-la-cruz-roja-llegan-a-cada-rincon-de-nuestra-comuna\/","title":{"rendered":"\u2018Cajas de Amor\u2019 de la Cruz Roja llegan a cada rinc\u00f3n de nuestra comuna"},"content":{"rendered":"<p style=\"text-align: justify;\"><span style=\"color: #c81400;\"><strong>Van cargadas de mercader\u00eda que donan los sanfelipe\u00f1os:<\/strong><\/span><\/p>\n<p style=\"text-align: justify;\">Desde que los efectos de la pandemia empezaron a generar estragos en nuestra comuna, m\u00faltiples siguen siendo las campa\u00f1as solidarias y humanitarias que las Fuerzas Vivas de Aconcagua vienen desarrollando para auxiliar a quienes m\u00e1s lo necesitan. Hoy es necesario visibilizar por lo tanto toda la extensa labor que trece voluntarios de la Cruz Roja de San Felipe est\u00e1n haciendo en este sentido, y para ello es que ayer martes hablamos con <strong>Mar\u00eda G\u00f3mez<\/strong>, presidenta de la filial San Felipe, quien ha liderado estas jornadas de trabajo en terreno.<\/p>\n<p style=\"text-align: justify;\">\n<p style=\"text-align: justify;\"><span style=\"color: #c81400;\"><strong>\u2018CAJA DE AMOR\u2019<\/strong><\/span><\/p>\n<p style=\"text-align: justify;\">\u00ab<em>Hoy puedo informar que somos trece los voluntarios adheridos al Grupo Covid-19 San Felipe, empe\u00f1ados en desarrollar campa\u00f1as de concientizaci\u00f3n y de acci\u00f3n en terreno. Entre estos voluntarios tenemos a un profesional en Medicina General; una matrona; una pod\u00f3loga y tambi\u00e9n un odont\u00f3logo, adem\u00e1s de otros colaboradores<\/em>\u00bb, coment\u00f3 G\u00f3mez a <strong>Diario El Trabajo<\/strong>.<\/p>\n<p style=\"text-align: justify;\">&#8211; <strong>\u00bfC\u00f3mo se llama esta campa\u00f1a de entrega de mercader\u00eda?<\/strong><\/p>\n<p style=\"text-align: justify;\">&#8211; Se llama \u2018Caja de Amor, son varias las cajas con el logo de nuestra instituci\u00f3n las que llevamos a los hogares con m\u00e1s necesidad de nuestra comuna.<\/p>\n<p style=\"text-align: justify;\">&#8211; <strong>\u00bfQui\u00e9nes son los voluntarios que est\u00e1n dando fuerza y vigor a esta labor humanitaria?<\/strong><\/p>\n<p style=\"text-align: justify;\">&#8211; Nuestro Voluntariado est\u00e1 conformado por Ang\u00e9lica Mart\u00ednez en Finanzas; Juan Carlos Pizarro como director de Gesti\u00f3n del Riesgo; Carlos Maldonado es director de Juventud y profesor; Claudia Le\u00f3n la directora Desarrollo y Prevenci\u00f3n de Riesgo; Yilian Morales la directora de Bienestar Social y Odont\u00f3loga; Jos\u00e9 Bonifaz\u00a0 es nuestro secretario Filial y M\u00e9dico; Guillermina L\u00f3pez nuestra pod\u00f3loga; Luis V\u00e1squez es m\u00e9dico; Nicol Quijanes nuestra matrona; Lidia Az\u00faa como TENS (Transcutaneus Electrical Nervious Stimulation \/ Estimulaci\u00f3n El\u00e9ctrica Nerviosa Transcut\u00e1nea); Betzabeth Ahumada es voluntaria Enfermer\u00eda; Teresa V\u00e1squez Varas nuestra Kinesi\u00f3loga; Nubia Solar, Voluntaria, y nuestros nuevos apoyos Carlos Contreras G\u00f3mez, Macarena Miranda, Mauricio Fossa y Carlos Soto, a quienes agradezco p\u00fablicamente por su entrega y apoyo.<\/p>\n<p style=\"text-align: justify;\">&#8211; <strong>\u00bfC\u00f3mo logran llenar estas cajas de mercader\u00eda, qui\u00e9n financia estas donaciones?<\/strong><\/p>\n<p style=\"text-align: justify;\">&#8211; Estas cajas las llenan de mercader\u00eda los sanfelipe\u00f1os, todos los domingos\u00a0 de las 11:00 a las 14:00 horas estamos recibiendo donaciones a la entrada del Santa Isabel de Yungay, al salir las personas donan lo que gustan y pueden.<\/p>\n<p style=\"text-align: justify;\">&#8211; <strong>\u00bfEn qu\u00e9 sectores de nuestra comuna est\u00e1n operando ustedes?<\/strong><\/p>\n<p style=\"text-align: justify;\">&#8211; Con estas Cajas de Amor estamos llegando a poblaciones de la periferia de la ciudad, a personas que viven debajo de los puentes, a decir verdad es mucha la gente que lo est\u00e1 pasando mal en estos d\u00edas. Estamos tambi\u00e9n apoyando con mercader\u00eda al Comedor Andacollo de la parroquia.<\/p>\n<p style=\"text-align: justify;\">&#8211; <strong>\u00bfEs verdad que tambi\u00e9n la Cruz Roja est\u00e1 donando mascarillas?<\/strong><\/p>\n<p style=\"text-align: justify;\">&#8211; S\u00ed, as\u00ed es, ya hemos repartido en la PDI, a Carabineros, Bomberos y al p\u00fablico en general, tambi\u00e9n cuando llevamos estas Cajas de Amor les entregamos mascarillas a esas personas. En total era un lote de 2.000 mascarillas, a\u00fan nos quedan para donar. Los interesados en donar o en retirar mascarillas, pueden llamar al fono <strong>342510006<\/strong>, horario de las 16:00 a las 19:00 horas.<\/p>\n<p style=\"text-align: justify;\"><strong>Roberto Gonz\u00e1lez Short<\/strong><\/p>\n<p style=\"text-align: justify;\">\n<figure id=\"attachment_99618\" aria-describedby=\"caption-attachment-99618\" style=\"width: 578px\" class=\"wp-caption alignnone\"><img data-recalc-dims=\"1\" loading=\"lazy\" decoding=\"async\" class=\"size-full wp-image-99618\" src=\"https:\/\/i0.wp.com\/eltrabajo.cl\/portal\/wp-content\/uploads\/2020\/06\/Cajas1.jpg?resize=578%2C294&#038;ssl=1\" alt=\"A CADA RINC\u00d3N.- La Cruz Roja de San Felipe y gracias a su Voluntariado con el apoyo de los sanfelipe\u00f1os, est\u00e1n llegando con amor y mercader\u00eda a todos los rincones posibles de nuestra comuna.\" width=\"578\" height=\"294\" srcset=\"https:\/\/i0.wp.com\/eltrabajo.cl\/portal\/wp-content\/uploads\/2020\/06\/Cajas1.jpg?w=578&amp;ssl=1 578w, https:\/\/i0.wp.com\/eltrabajo.cl\/portal\/wp-content\/uploads\/2020\/06\/Cajas1.jpg?resize=300%2C153&amp;ssl=1 300w, https:\/\/i0.wp.com\/eltrabajo.cl\/portal\/wp-content\/uploads\/2020\/06\/Cajas1.jpg?resize=200%2C102&amp;ssl=1 200w, https:\/\/i0.wp.com\/eltrabajo.cl\/portal\/wp-content\/uploads\/2020\/06\/Cajas1.jpg?resize=150%2C76&amp;ssl=1 150w\" sizes=\"auto, (max-width: 578px) 100vw, 578px\" \/><figcaption id=\"caption-attachment-99618\" class=\"wp-caption-text\">A CADA RINC\u00d3N.- La Cruz Roja de San Felipe y gracias a su Voluntariado con el apoyo de los sanfelipe\u00f1os, est\u00e1n llegando con amor y mercader\u00eda a todos los rincones posibles de nuestra comuna.<\/figcaption><\/figure>\n<figure id=\"attachment_99620\" aria-describedby=\"caption-attachment-99620\" style=\"width: 580px\" class=\"wp-caption alignnone\"><img data-recalc-dims=\"1\" loading=\"lazy\" decoding=\"async\" class=\"size-full wp-image-99620\" src=\"https:\/\/i0.wp.com\/eltrabajo.cl\/portal\/wp-content\/uploads\/2020\/06\/Cajas3.jpg?resize=580%2C360&#038;ssl=1\" alt=\"PARA NO CREERLO.- En muchas zonas de la periferia de nuestra ciudad hay gente sin nada, sin casa, sin comida ni amor.\" width=\"580\" height=\"360\" srcset=\"https:\/\/i0.wp.com\/eltrabajo.cl\/portal\/wp-content\/uploads\/2020\/06\/Cajas3.jpg?w=580&amp;ssl=1 580w, https:\/\/i0.wp.com\/eltrabajo.cl\/portal\/wp-content\/uploads\/2020\/06\/Cajas3.jpg?resize=300%2C186&amp;ssl=1 300w, https:\/\/i0.wp.com\/eltrabajo.cl\/portal\/wp-content\/uploads\/2020\/06\/Cajas3.jpg?resize=200%2C124&amp;ssl=1 200w, https:\/\/i0.wp.com\/eltrabajo.cl\/portal\/wp-content\/uploads\/2020\/06\/Cajas3.jpg?resize=150%2C93&amp;ssl=1 150w\" sizes=\"auto, (max-width: 580px) 100vw, 580px\" \/><figcaption id=\"caption-attachment-99620\" class=\"wp-caption-text\">PARA NO CREERLO.- En muchas zonas de la periferia de nuestra ciudad hay gente sin nada, sin casa, sin comida ni amor.<\/figcaption><\/figure>\n<figure id=\"attachment_99621\" aria-describedby=\"caption-attachment-99621\" style=\"width: 580px\" class=\"wp-caption alignnone\"><img data-recalc-dims=\"1\" loading=\"lazy\" decoding=\"async\" class=\"size-full wp-image-99621\" src=\"https:\/\/i0.wp.com\/eltrabajo.cl\/portal\/wp-content\/uploads\/2020\/06\/Cajas4.jpg?resize=580%2C359&#038;ssl=1\" alt=\"\u00daNETE A LA CRUZ ROJA.- Aqu\u00ed tenemos a varios de los profesionales sanfelipe\u00f1os que hacen posible esta noble labor.\" width=\"580\" height=\"359\" srcset=\"https:\/\/i0.wp.com\/eltrabajo.cl\/portal\/wp-content\/uploads\/2020\/06\/Cajas4.jpg?w=580&amp;ssl=1 580w, https:\/\/i0.wp.com\/eltrabajo.cl\/portal\/wp-content\/uploads\/2020\/06\/Cajas4.jpg?resize=300%2C186&amp;ssl=1 300w, https:\/\/i0.wp.com\/eltrabajo.cl\/portal\/wp-content\/uploads\/2020\/06\/Cajas4.jpg?resize=200%2C124&amp;ssl=1 200w, https:\/\/i0.wp.com\/eltrabajo.cl\/portal\/wp-content\/uploads\/2020\/06\/Cajas4.jpg?resize=150%2C93&amp;ssl=1 150w\" sizes=\"auto, (max-width: 580px) 100vw, 580px\" \/><figcaption id=\"caption-attachment-99621\" class=\"wp-caption-text\">\u00daNETE A LA CRUZ ROJA.- Aqu\u00ed tenemos a varios de los profesionales sanfelipe\u00f1os que hacen posible esta noble labor.<\/figcaption><\/figure>\n<figure id=\"attachment_99619\" aria-describedby=\"caption-attachment-99619\" style=\"width: 580px\" class=\"wp-caption alignnone\"><img data-recalc-dims=\"1\" loading=\"lazy\" decoding=\"async\" class=\"size-full wp-image-99619\" src=\"https:\/\/i0.wp.com\/eltrabajo.cl\/portal\/wp-content\/uploads\/2020\/06\/Cajas2.jpg?resize=580%2C698&#038;ssl=1\" alt=\"MUCHO TRABAJO.- Los voluntarios dedican horas para empacar y seleccionar la mercader\u00eda y asignarlas en las ya esperadas Cajas de Amor.\" width=\"580\" height=\"698\" srcset=\"https:\/\/i0.wp.com\/eltrabajo.cl\/portal\/wp-content\/uploads\/2020\/06\/Cajas2.jpg?w=580&amp;ssl=1 580w, https:\/\/i0.wp.com\/eltrabajo.cl\/portal\/wp-content\/uploads\/2020\/06\/Cajas2.jpg?resize=249%2C300&amp;ssl=1 249w, https:\/\/i0.wp.com\/eltrabajo.cl\/portal\/wp-content\/uploads\/2020\/06\/Cajas2.jpg?resize=125%2C150&amp;ssl=1 125w\" sizes=\"auto, (max-width: 580px) 100vw, 580px\" \/><figcaption id=\"caption-attachment-99619\" class=\"wp-caption-text\">MUCHO TRABAJO.- Los voluntarios dedican horas para empacar y seleccionar la mercader\u00eda y asignarlas en las ya esperadas Cajas de Amor.<\/figcaption><\/figure>\n<figure id=\"attachment_99622\" aria-describedby=\"caption-attachment-99622\" style=\"width: 580px\" class=\"wp-caption alignnone\"><img data-recalc-dims=\"1\" loading=\"lazy\" decoding=\"async\" class=\"size-full wp-image-99622\" src=\"https:\/\/i0.wp.com\/eltrabajo.cl\/portal\/wp-content\/uploads\/2020\/06\/Cajas_Maria-Gomez.jpg?resize=580%2C598&#038;ssl=1\" alt=\"Mar\u00eda G\u00f3mez Cruz, presidenta de la filial San Felipe de la Cruz Roja.\" width=\"580\" height=\"598\" srcset=\"https:\/\/i0.wp.com\/eltrabajo.cl\/portal\/wp-content\/uploads\/2020\/06\/Cajas_Maria-Gomez.jpg?w=580&amp;ssl=1 580w, https:\/\/i0.wp.com\/eltrabajo.cl\/portal\/wp-content\/uploads\/2020\/06\/Cajas_Maria-Gomez.jpg?resize=291%2C300&amp;ssl=1 291w, https:\/\/i0.wp.com\/eltrabajo.cl\/portal\/wp-content\/uploads\/2020\/06\/Cajas_Maria-Gomez.jpg?resize=145%2C150&amp;ssl=1 145w\" sizes=\"auto, (max-width: 580px) 100vw, 580px\" \/><figcaption id=\"caption-attachment-99622\" class=\"wp-caption-text\">Mar\u00eda G\u00f3mez Cruz, presidenta de la filial San Felipe de la Cruz Roja.<\/figcaption><\/figure>\n","protected":false},"excerpt":{"rendered":"<p>Van cargadas de mercader\u00eda que donan los sanfelipe\u00f1os: Desde que los efectos de la pandemia empezaron a generar estragos en nuestra comuna, m\u00faltiples siguen siendo las campa\u00f1as solidarias y humanitarias que las&#8230;<\/p>\n","protected":false},"author":482,"featured_media":99620,"comment_status":"closed","ping_status":"closed","sticky":false,"template":"","format":"standard","meta":{"advanced_seo_description":"","jetpack_seo_html_title":"","jetpack_seo_noindex":false,"_jetpack_memberships_contains_paid_content":false,"footnotes":""},"categories":[15],"tags":[],"class_list":["post-99617","post","type-post","status-publish","format-standard","has-post-thumbnail","hentry","category-comunidad"],"jetpack_featured_media_url":"https:\/\/i0.wp.com\/eltrabajo.cl\/portal\/wp-content\/uploads\/2020\/06\/Cajas3.jpg?fit=580%2C360&ssl=1","jetpack_sharing_enabled":true,"jetpack_likes_enabled":true,"jetpack-related-posts":[],"_links":{"self":[{"href":"https:\/\/eltrabajo.cl\/portal\/wp-json\/wp\/v2\/posts\/99617","targetHints":{"allow":["GET"]}}],"collection":[{"href":"https:\/\/eltrabajo.cl\/portal\/wp-json\/wp\/v2\/posts"}],"about":[{"href":"https:\/\/eltrabajo.cl\/portal\/wp-json\/wp\/v2\/types\/post"}],"author":[{"embeddable":true,"href":"https:\/\/eltrabajo.cl\/portal\/wp-json\/wp\/v2\/users\/482"}],"replies":[{"embeddable":true,"href":"https:\/\/eltrabajo.cl\/portal\/wp-json\/wp\/v2\/comments?post=99617"}],"version-history":[{"count":0,"href":"https:\/\/eltrabajo.cl\/portal\/wp-json\/wp\/v2\/posts\/99617\/revisions"}],"wp:featuredmedia":[{"embeddable":true,"href":"https:\/\/eltrabajo.cl\/portal\/wp-json\/wp\/v2\/media\/99620"}],"wp:attachment":[{"href":"https:\/\/eltrabajo.cl\/portal\/wp-json\/wp\/v2\/media?parent=99617"}],"wp:term":[{"taxonomy":"category","embeddable":true,"href":"https:\/\/eltrabajo.cl\/portal\/wp-json\/wp\/v2\/categories?post=99617"},{"taxonomy":"post_tag","embeddable":true,"href":"https:\/\/eltrabajo.cl\/portal\/wp-json\/wp\/v2\/tags?post=99617"}],"curies":[{"name":"wp","href":"https:\/\/api.w.org\/{rel}","templated":true}]}}