{"id":99624,"date":"2020-06-17T08:00:39","date_gmt":"2020-06-17T12:00:39","guid":{"rendered":"https:\/\/www.eltrabajo.cl\/portal\/?p=99624"},"modified":"2020-06-16T20:15:38","modified_gmt":"2020-06-17T00:15:38","slug":"dieciseis-bomberos-entran-en-cuarentena-preventiva-de-manera-voluntaria","status":"publish","type":"post","link":"https:\/\/eltrabajo.cl\/portal\/dieciseis-bomberos-entran-en-cuarentena-preventiva-de-manera-voluntaria\/","title":{"rendered":"Diecis\u00e9is Bomberos entran en cuarentena preventiva de manera voluntaria"},"content":{"rendered":"<p style=\"text-align: justify;\"><span style=\"color: #c81400;\"><strong>Descartan que sea por contagio:<\/strong><\/span><\/p>\n<p style=\"text-align: justify;\">Al menos 16 voluntarios de distintas compa\u00f1\u00edas del Cuerpo de Bomberos, tomaron la determinaci\u00f3n de acogerse a una cuarentena preventiva, principalmente por asuntos familiares. La medida, seg\u00fan se indic\u00f3, no tiene que ver con haber concurrido a alguna emergencia ni menos con el trabajo de la propia instituci\u00f3n, dejando en claro que no hay contagios dentro de las compa\u00f1\u00edas de bomberos de San Felipe.<\/p>\n<p style=\"text-align: justify;\">As\u00ed lo inform\u00f3 el comandante <strong>Juan Carlos Herrera Lillo<\/strong>: <em>\u00abHay bomberos de algunas compa\u00f1\u00edas, pero no por emergencia ni por ning\u00fan trabajo bomberil, sino que por algunos asuntos familiares, han tomado la determinaci\u00f3n de quedarse en cuarentena porque la mayor\u00eda tiene que quedarse en las guardias correspondientes, y la verdad que es muy buena decisi\u00f3n que ellos toman porque lo que nosotros no queremos, es que en la guardia haya gente que se pueda infectar por una u otra persona\u00bb,<\/em> dijo.<\/p>\n<p style=\"text-align: justify;\">Lo anterior a ra\u00edz que hay una bombera en la S\u00e9ptima Compa\u00f1\u00eda cuyo padre dio positivo al Covid-19, por eso se tuvo conversaciones con algunos voluntarios que estuvieron de guardia; <em>\u00abrealmente se tomaron las medidas que ellos mismos informaron de que no quer\u00edan quedarse en la guardia porque quer\u00edan realmente hacerse el examen para saber si era positivo o negativo, pero de todas maneras tambi\u00e9n tenemos bomberos en cuarentena preventiva. Es lo mejor, es sano para la instituci\u00f3n y realmente es bueno para los bomberos que se quedan en las guardias. Todo esto va porque los bomberos tienen que concurrir dos veces a la semana en las guardias nocturnas, entonces para no tener problemas con los dem\u00e1s bomberos que no tienen ning\u00fan s\u00edntoma o que hayan tenido alg\u00fan contacto con alguna persona que haya estado infectada, se toma la determinaci\u00f3n y se deja fuera de servicio y el Departamento M\u00e9dico lo sigue constantemente, todos los d\u00edas est\u00e1 conversando con ellos\u00bb,<\/em> dijo Herrera Lillo.<\/p>\n<p style=\"text-align: justify;\">El Comandante Juan Carlos Herrera Lillo, fue enf\u00e1tico en se\u00f1alar que <strong>no hay contagio entre los bomberos<\/strong>, s\u00f3lo est\u00e1 situaci\u00f3n de cuarentena preventiva.<\/p>\n<p style=\"text-align: justify;\">Record\u00f3 que cuando los voluntarios concurren a alguna emergencia, incendio o accidente de tr\u00e1nsito, como fue el caso del choque en el peaje Monasterio, donde en principio se dijo que el chofer hab\u00eda dado positivo y posteriormente negativo tras realizarle el examen PCR,\u00a0 van con las medidas de seguridad, <em>\u00abpensando que la persona pueda estar infectada, tomamos todas las medidas correspondientes al respecto, mand\u00e9 un video de como los bomberos se van equipando para realmente enfrentar esta situaci\u00f3n cuando tenemos contacto con personas directas en los accidentes, as\u00ed es que en ese sentido hemos estado tranquilos y la gente que est\u00e1 en cuarentena preventiva es porque ellos han tomado esa determinaci\u00f3n\u00bb,<\/em> dijo Herrera.<\/p>\n<p style=\"text-align: justify;\">Importante se\u00f1alar que el comandante Juan Carlos Herrera Lillo se alegr\u00f3 que el chofer que choc\u00f3 su veh\u00edculo en el Peaje Monasterio haya resultado negativo tras practicarle el examen PCR.<\/p>\n<p style=\"text-align: justify;\">El Cuerpo de Bomberos de San Felipe, est\u00e1 conformado por siete compa\u00f1\u00edas, incluyendo a la de Panquehue.<\/p>\n<p style=\"text-align: justify;\">\n<figure id=\"attachment_99625\" aria-describedby=\"caption-attachment-99625\" style=\"width: 580px\" class=\"wp-caption alignnone\"><img data-recalc-dims=\"1\" loading=\"lazy\" decoding=\"async\" class=\"size-full wp-image-99625\" src=\"https:\/\/i0.wp.com\/eltrabajo.cl\/portal\/wp-content\/uploads\/2020\/06\/Juan-Carlos-Herrera-Lillo-copia.jpg?resize=580%2C600&#038;ssl=1\" alt=\"Juan Carlos Herrera Lillo, comandante del Cuerpo de Bomberos San Felipe.\" width=\"580\" height=\"600\" srcset=\"https:\/\/i0.wp.com\/eltrabajo.cl\/portal\/wp-content\/uploads\/2020\/06\/Juan-Carlos-Herrera-Lillo-copia.jpg?w=580&amp;ssl=1 580w, https:\/\/i0.wp.com\/eltrabajo.cl\/portal\/wp-content\/uploads\/2020\/06\/Juan-Carlos-Herrera-Lillo-copia.jpg?resize=290%2C300&amp;ssl=1 290w, https:\/\/i0.wp.com\/eltrabajo.cl\/portal\/wp-content\/uploads\/2020\/06\/Juan-Carlos-Herrera-Lillo-copia.jpg?resize=145%2C150&amp;ssl=1 145w\" sizes=\"auto, (max-width: 580px) 100vw, 580px\" \/><figcaption id=\"caption-attachment-99625\" class=\"wp-caption-text\">Juan Carlos Herrera Lillo, comandante del Cuerpo de Bomberos San Felipe.<\/figcaption><\/figure>\n","protected":false},"excerpt":{"rendered":"<p>Descartan que sea por contagio: Al menos 16 voluntarios de distintas compa\u00f1\u00edas del Cuerpo de Bomberos, tomaron la determinaci\u00f3n de acogerse a una cuarentena preventiva, principalmente por asuntos familiares. La medida, seg\u00fan&#8230;<\/p>\n","protected":false},"author":482,"featured_media":99626,"comment_status":"closed","ping_status":"closed","sticky":false,"template":"","format":"standard","meta":{"advanced_seo_description":"","jetpack_seo_html_title":"","jetpack_seo_noindex":false,"_jetpack_memberships_contains_paid_content":false,"footnotes":""},"categories":[103],"tags":[],"class_list":["post-99624","post","type-post","status-publish","format-standard","has-post-thumbnail","hentry","category-cronica-2"],"jetpack_featured_media_url":"https:\/\/i0.wp.com\/eltrabajo.cl\/portal\/wp-content\/uploads\/2020\/06\/Juan-Carlos-Herrera-Lillo.jpg?fit=580%2C358&ssl=1","jetpack_sharing_enabled":true,"jetpack_likes_enabled":true,"jetpack-related-posts":[],"_links":{"self":[{"href":"https:\/\/eltrabajo.cl\/portal\/wp-json\/wp\/v2\/posts\/99624","targetHints":{"allow":["GET"]}}],"collection":[{"href":"https:\/\/eltrabajo.cl\/portal\/wp-json\/wp\/v2\/posts"}],"about":[{"href":"https:\/\/eltrabajo.cl\/portal\/wp-json\/wp\/v2\/types\/post"}],"author":[{"embeddable":true,"href":"https:\/\/eltrabajo.cl\/portal\/wp-json\/wp\/v2\/users\/482"}],"replies":[{"embeddable":true,"href":"https:\/\/eltrabajo.cl\/portal\/wp-json\/wp\/v2\/comments?post=99624"}],"version-history":[{"count":0,"href":"https:\/\/eltrabajo.cl\/portal\/wp-json\/wp\/v2\/posts\/99624\/revisions"}],"wp:featuredmedia":[{"embeddable":true,"href":"https:\/\/eltrabajo.cl\/portal\/wp-json\/wp\/v2\/media\/99626"}],"wp:attachment":[{"href":"https:\/\/eltrabajo.cl\/portal\/wp-json\/wp\/v2\/media?parent=99624"}],"wp:term":[{"taxonomy":"category","embeddable":true,"href":"https:\/\/eltrabajo.cl\/portal\/wp-json\/wp\/v2\/categories?post=99624"},{"taxonomy":"post_tag","embeddable":true,"href":"https:\/\/eltrabajo.cl\/portal\/wp-json\/wp\/v2\/tags?post=99624"}],"curies":[{"name":"wp","href":"https:\/\/api.w.org\/{rel}","templated":true}]}}