{"id":99665,"date":"2020-06-17T20:38:08","date_gmt":"2020-06-18T00:38:08","guid":{"rendered":"https:\/\/www.eltrabajo.cl\/portal\/?p=99665"},"modified":"2020-06-17T20:41:20","modified_gmt":"2020-06-18T00:41:20","slug":"equipos-de-salud-acompanan-a-pacientes-con-covid-19-y-contactos-estrechos","status":"publish","type":"post","link":"https:\/\/eltrabajo.cl\/portal\/equipos-de-salud-acompanan-a-pacientes-con-covid-19-y-contactos-estrechos\/","title":{"rendered":"Equipos de salud acompa\u00f1an a pacientes con Covid-19 y contactos estrechos"},"content":{"rendered":"<ul style=\"text-align: justify;\">\n<li><strong>Profesionales de los Cesfam Segismundo Iturra y Curim\u00f3n desarrollan labor durante los 7 d\u00edas de la semana, comunic\u00e1ndose a trav\u00e9s de llamadas telef\u00f3nicas con vecinos positivos y sus contactos estrechos, a fin de verificar su estado de salud y apoyarlos en diversas derivaciones y necesidades.<\/strong><\/li>\n<\/ul>\n<p style=\"text-align: justify;\">Un equipo multidisciplinario de profesionales de Salud Municipal se encuentran dando acompa\u00f1amiento los siete d\u00edas de la semana a los casos de Covid-19 positivos en la comuna. La idea, precisamente, es conocer la evoluci\u00f3n de su estado de salud, pesquisar s\u00edntomas, resolver dudas y apoyarlos en la realizaci\u00f3n de algunos tr\u00e1mites.<\/p>\n<p style=\"text-align: justify;\">Este seguimiento se realiza v\u00eda telef\u00f3nica, comunic\u00e1ndose directamente con la persona contagiada y familiares, para identificar, adem\u00e1s, a los contactos estrechos, las derivaciones que requiere y la articulaci\u00f3n con otros servicios.<\/p>\n<p style=\"text-align: justify;\">La enfermera coordinadora y delegada epidemiol\u00f3gica del Cesfam de Curim\u00f3n, <strong>Ana Paola Madrid<\/strong>, se\u00f1al\u00f3 que se encuentra participando casi el 100% de los equipos en esta tarea, pues es necesario generar distintas coordinaciones.<\/p>\n<p style=\"text-align: justify;\">\u00ab<em>Los m\u00e9dicos y enfermeras mantienen las comunicaciones con los pacientes positivos, y el resto del equipo realiza el seguimiento de contactos estrechos. Debido a la alta demanda, replanteamos el rendimiento, poniendo a pr\u00e1cticamente todo el equipo en el seguimiento de contactos estrechos. De acuerdo al protocolo, establecimos un formato de llamada. El objetivo de este seguimiento es que, primero, informemos, pesquisemos s\u00edntomas y coordinemos derivaciones con otros profesionales que se necesiten, tales como odontolog\u00eda, trabajadoras sociales, psic\u00f3logos, entre otros\u00bb,<\/em> sostuvo.<\/p>\n<p style=\"text-align: justify;\">En Curim\u00f3n, hasta la fecha, hay 7 pacientes activos, y m\u00e1s de 50 que est\u00e1n siendo pesquisados como contactos estrechos. Para ello, se requiere de un equipo integral para asesorar a la comunidad que as\u00ed lo requiera.<\/p>\n<p style=\"text-align: justify;\">En ese sentido, la profesional hizo un llamado a la conciencia de las personas que resulten positivos para que transparenten la informaci\u00f3n respecto a sus contactos estrechos y, adem\u00e1s, respeten la cuarentena, pues as\u00ed se logra una coordinaci\u00f3n con anticipaci\u00f3n y se evitan mayores contagios.<\/p>\n<p style=\"text-align: justify;\">La misma labor se realiza en el Cesfam Segismundo Iturra. <strong>Catherine Serrano<\/strong>, enfermera encargada (s) de vigilancia epidemiol\u00f3gica del recinto de salud primaria, es quien notifica a los pacientes positivos sobre el resultado de su examen. Junto con esta labor, realizan el acompa\u00f1amiento constante de las personas contagiadas y los contactos estrechos.<\/p>\n<p style=\"text-align: justify;\">\u00ab<em>Una vez que pesquisamos esto, a trav\u00e9s de una encuesta, enviamos los datos a la Seremi e iniciamos el seguimiento de manera diaria. Lo que hacemos es ver si hay alg\u00fan cambio en el estado del paciente o si requieren otro apoyo. Todo esto lo hacemos v\u00eda telef\u00f3nica o videollamada, pero cuando encontramos un paciente que requiere una intervenci\u00f3n, tambi\u00e9n lo realizamos\u00bb,<\/em> sostuvo.<\/p>\n<p style=\"text-align: justify;\">A partir del viernes pasado, se incorporaron kinesi\u00f3logos, terapeutas ocupacionales, matronas, m\u00e9dicos con teletrabajo y dos fonoaudi\u00f3logas, quienes son los que mantienen la comunicaci\u00f3n permanente con los contactos estrechos, mientras que las enfermeras son las que realizan esta labor con los usuarios positivos.<\/p>\n<figure id=\"attachment_99666\" aria-describedby=\"caption-attachment-99666\" style=\"width: 580px\" class=\"wp-caption alignnone\"><img data-recalc-dims=\"1\" loading=\"lazy\" decoding=\"async\" class=\"wp-image-99666 size-full\" src=\"https:\/\/i0.wp.com\/eltrabajo.cl\/portal\/wp-content\/uploads\/2020\/06\/acompa%C3%B1amiento.jpg?resize=580%2C360&#038;ssl=1\" alt=\"El seguimiento se realiza v\u00eda telef\u00f3nica, comunic\u00e1ndose directamezznte con la persona contagiada y familiares, para identificar, adem\u00e1s, a los contactos estrechos, las derivaciones que requiere y la articulaci\u00f3n con otros servicios.\" width=\"580\" height=\"360\" srcset=\"https:\/\/i0.wp.com\/eltrabajo.cl\/portal\/wp-content\/uploads\/2020\/06\/acompa%C3%B1amiento.jpg?w=580&amp;ssl=1 580w, https:\/\/i0.wp.com\/eltrabajo.cl\/portal\/wp-content\/uploads\/2020\/06\/acompa%C3%B1amiento.jpg?resize=300%2C186&amp;ssl=1 300w, https:\/\/i0.wp.com\/eltrabajo.cl\/portal\/wp-content\/uploads\/2020\/06\/acompa%C3%B1amiento.jpg?resize=200%2C124&amp;ssl=1 200w, https:\/\/i0.wp.com\/eltrabajo.cl\/portal\/wp-content\/uploads\/2020\/06\/acompa%C3%B1amiento.jpg?resize=150%2C93&amp;ssl=1 150w\" sizes=\"auto, (max-width: 580px) 100vw, 580px\" \/><figcaption id=\"caption-attachment-99666\" class=\"wp-caption-text\">El seguimiento se realiza v\u00eda telef\u00f3nica, comunic\u00e1ndose directamezznte con la persona contagiada y familiares, para identificar, adem\u00e1s, a los contactos estrechos, las derivaciones que requiere y la articulaci\u00f3n con otros servicios.<\/figcaption><\/figure>\n","protected":false},"excerpt":{"rendered":"<p>Profesionales de los Cesfam Segismundo Iturra y Curim\u00f3n desarrollan labor durante los 7 d\u00edas de la semana, comunic\u00e1ndose a trav\u00e9s de llamadas telef\u00f3nicas con vecinos positivos y sus contactos estrechos, a fin&#8230;<\/p>\n","protected":false},"author":482,"featured_media":99666,"comment_status":"closed","ping_status":"closed","sticky":false,"template":"","format":"standard","meta":{"advanced_seo_description":"","jetpack_seo_html_title":"","jetpack_seo_noindex":false,"_jetpack_memberships_contains_paid_content":false,"footnotes":""},"categories":[103],"tags":[],"class_list":["post-99665","post","type-post","status-publish","format-standard","has-post-thumbnail","hentry","category-cronica-2"],"jetpack_featured_media_url":"https:\/\/i0.wp.com\/eltrabajo.cl\/portal\/wp-content\/uploads\/2020\/06\/acompa%C3%B1amiento.jpg?fit=580%2C360&ssl=1","jetpack_sharing_enabled":true,"jetpack_likes_enabled":true,"jetpack-related-posts":[],"_links":{"self":[{"href":"https:\/\/eltrabajo.cl\/portal\/wp-json\/wp\/v2\/posts\/99665","targetHints":{"allow":["GET"]}}],"collection":[{"href":"https:\/\/eltrabajo.cl\/portal\/wp-json\/wp\/v2\/posts"}],"about":[{"href":"https:\/\/eltrabajo.cl\/portal\/wp-json\/wp\/v2\/types\/post"}],"author":[{"embeddable":true,"href":"https:\/\/eltrabajo.cl\/portal\/wp-json\/wp\/v2\/users\/482"}],"replies":[{"embeddable":true,"href":"https:\/\/eltrabajo.cl\/portal\/wp-json\/wp\/v2\/comments?post=99665"}],"version-history":[{"count":0,"href":"https:\/\/eltrabajo.cl\/portal\/wp-json\/wp\/v2\/posts\/99665\/revisions"}],"wp:featuredmedia":[{"embeddable":true,"href":"https:\/\/eltrabajo.cl\/portal\/wp-json\/wp\/v2\/media\/99666"}],"wp:attachment":[{"href":"https:\/\/eltrabajo.cl\/portal\/wp-json\/wp\/v2\/media?parent=99665"}],"wp:term":[{"taxonomy":"category","embeddable":true,"href":"https:\/\/eltrabajo.cl\/portal\/wp-json\/wp\/v2\/categories?post=99665"},{"taxonomy":"post_tag","embeddable":true,"href":"https:\/\/eltrabajo.cl\/portal\/wp-json\/wp\/v2\/tags?post=99665"}],"curies":[{"name":"wp","href":"https:\/\/api.w.org\/{rel}","templated":true}]}}