{"id":99677,"date":"2020-06-18T07:30:53","date_gmt":"2020-06-18T11:30:53","guid":{"rendered":"https:\/\/www.eltrabajo.cl\/portal\/?p=99677"},"modified":"2020-06-17T20:56:56","modified_gmt":"2020-06-18T00:56:56","slug":"mas-de-600-cajas-de-mercaderia-se-entregaron-ayer-en-villa-juan-pablo-ii","status":"publish","type":"post","link":"https:\/\/eltrabajo.cl\/portal\/mas-de-600-cajas-de-mercaderia-se-entregaron-ayer-en-villa-juan-pablo-ii\/","title":{"rendered":"M\u00e1s de 600 cajas de mercader\u00eda se entregaron ayer en Villa Juan Pablo II"},"content":{"rendered":"<p style=\"text-align: justify;\">Muy aliviados se mostraron m\u00e1s de 600 familias del sector Villa Juan Pablo II desde que la noche del martes se les avisara que ayer mi\u00e9rcoles las brigadas de trabajo de la Dideco estar\u00edan repartiendo su respectiva caja de alimentos para enfrentar la crisis Covid-19, por eso desde tempranas horas de la ma\u00f1ana muchas de ellas esperaban ya en su puerta el paso de los funcionarios de Dideco en su barrio.<\/p>\n<p style=\"text-align: justify;\"><strong>\u00a0<\/strong><\/p>\n<p style=\"text-align: justify;\"><span style=\"color: #c81400;\"><strong>SON 604 FAMILIAS<\/strong><\/span><\/p>\n<p style=\"text-align: justify;\"><strong>Diario El Trabajo<\/strong> habl\u00f3 con quien dirigi\u00f3 los trabajos en terreno, <strong>Jos\u00e9 Madrid<\/strong>, coordinador del Departamento Social de la Municipalidad de San Felipe, quien nos inform\u00f3 que <em>\u00abbueno este mi\u00e9rcoles seguimos con la entrega de 504 cajas de mercader\u00eda a los vecinos de Villa Juan Pablo II, recursos que llegan desde el Gobierno Regional, Gobierno Central y tambi\u00e9n con el esfuerzo y trabajo del Municipio de San Felipe como nos lo ha encomendado el alcalde Patricio Freire. Tambi\u00e9n en el transcurso de la jornada trabajamos con cinco furgones en otros sectores, as\u00ed como varias camionetas del Municipio las que atienden los distintos llamados que recibimos. Tratamos de repartir de manera r\u00e1pida estas 504 cajas, aunque tambi\u00e9n se entregaron 100 cajas m\u00e1s a un centenar de familias extra que fueron identificadas durante las jornadas, o sea son 604 familias ya que varias familias viven dos o m\u00e1s bajo el mismo techo, as\u00ed que la entrega se hace inmediata sin ning\u00fan problema<\/em>\u00bb, dijo el profesional a <strong>Diario El Trabajo<\/strong>.<\/p>\n<p style=\"text-align: justify;\">Tambi\u00e9n nuestro medio habl\u00f3 con el presidente de la junta de vecinos de Villa Juan Pablo II, <strong>Jorge Mallea Cordero<\/strong>, quien agradeci\u00f3 efusivamente por los recursos entregados a sus vecinos: <em>\u00abLes damos muchas gracias a las autoridades, a Gobernaci\u00f3n y al Municipio, al alcalde <\/em>(S) <em>Patricio Gonz\u00e1lez y tambi\u00e9n al alcalde Patricio Freire, quienes se han preocupado por estas familias. Puntualmente junto con el jefe de Gabinete del Municipio, Juan Guti\u00e9rrez, logramos tambi\u00e9n identificar a las familias m\u00e1s complicadas en los pasajes, gente que necesita con m\u00e1s urgencia esta mercader\u00eda y por eso es que queremos dar las gracias a estas autoridades<\/em>\u00bb, dijo el dirigente.<\/p>\n<p style=\"text-align: justify;\"><strong>Roberto Gonz\u00e1lez Short<\/strong><\/p>\n<p style=\"text-align: justify;\">\n<figure id=\"attachment_99678\" aria-describedby=\"caption-attachment-99678\" style=\"width: 580px\" class=\"wp-caption alignnone\"><img data-recalc-dims=\"1\" loading=\"lazy\" decoding=\"async\" class=\"size-full wp-image-99678\" src=\"https:\/\/i0.wp.com\/eltrabajo.cl\/portal\/wp-content\/uploads\/2020\/06\/Reparto1.jpg?resize=580%2C359&#038;ssl=1\" alt=\"BRIGADA IMPARABLE.- La lluvia de ayer mi\u00e9rcoles no detuvo a los funcionarios municipales encargados de entregar las cajas de mercader\u00eda en Villa Juan Pablo II.\" width=\"580\" height=\"359\" srcset=\"https:\/\/i0.wp.com\/eltrabajo.cl\/portal\/wp-content\/uploads\/2020\/06\/Reparto1.jpg?w=580&amp;ssl=1 580w, https:\/\/i0.wp.com\/eltrabajo.cl\/portal\/wp-content\/uploads\/2020\/06\/Reparto1.jpg?resize=300%2C186&amp;ssl=1 300w, https:\/\/i0.wp.com\/eltrabajo.cl\/portal\/wp-content\/uploads\/2020\/06\/Reparto1.jpg?resize=200%2C124&amp;ssl=1 200w, https:\/\/i0.wp.com\/eltrabajo.cl\/portal\/wp-content\/uploads\/2020\/06\/Reparto1.jpg?resize=150%2C93&amp;ssl=1 150w\" sizes=\"auto, (max-width: 580px) 100vw, 580px\" \/><figcaption id=\"caption-attachment-99678\" class=\"wp-caption-text\">BRIGADA IMPARABLE.- La lluvia de ayer mi\u00e9rcoles no detuvo a los funcionarios municipales encargados de entregar las cajas de mercader\u00eda en Villa Juan Pablo II.<\/figcaption><\/figure>\n<figure id=\"attachment_99679\" aria-describedby=\"caption-attachment-99679\" style=\"width: 580px\" class=\"wp-caption alignnone\"><img data-recalc-dims=\"1\" loading=\"lazy\" decoding=\"async\" class=\"size-full wp-image-99679\" src=\"https:\/\/i0.wp.com\/eltrabajo.cl\/portal\/wp-content\/uploads\/2020\/06\/Reparto2.jpg?resize=580%2C359&#038;ssl=1\" alt=\"COMEDOR SOLIDARIO.- Mientras tanto en esta poblaci\u00f3n de nuestra comuna muchas personas han dependido de lo que les entrega un peque\u00f1o comedor solidario en la sede vecinal.\" width=\"580\" height=\"359\" srcset=\"https:\/\/i0.wp.com\/eltrabajo.cl\/portal\/wp-content\/uploads\/2020\/06\/Reparto2.jpg?w=580&amp;ssl=1 580w, https:\/\/i0.wp.com\/eltrabajo.cl\/portal\/wp-content\/uploads\/2020\/06\/Reparto2.jpg?resize=300%2C186&amp;ssl=1 300w, https:\/\/i0.wp.com\/eltrabajo.cl\/portal\/wp-content\/uploads\/2020\/06\/Reparto2.jpg?resize=200%2C124&amp;ssl=1 200w, https:\/\/i0.wp.com\/eltrabajo.cl\/portal\/wp-content\/uploads\/2020\/06\/Reparto2.jpg?resize=150%2C93&amp;ssl=1 150w\" sizes=\"auto, (max-width: 580px) 100vw, 580px\" \/><figcaption id=\"caption-attachment-99679\" class=\"wp-caption-text\">COMEDOR SOLIDARIO.- Mientras tanto en esta poblaci\u00f3n de nuestra comuna muchas personas han dependido de lo que les entrega un peque\u00f1o comedor solidario en la sede vecinal.<\/figcaption><\/figure>\n<figure id=\"attachment_99680\" aria-describedby=\"caption-attachment-99680\" style=\"width: 580px\" class=\"wp-caption alignnone\"><img data-recalc-dims=\"1\" loading=\"lazy\" decoding=\"async\" class=\"size-full wp-image-99680\" src=\"https:\/\/i0.wp.com\/eltrabajo.cl\/portal\/wp-content\/uploads\/2020\/06\/Reparto3.jpg?resize=580%2C358&#038;ssl=1\" alt=\"EL TRABAJO CONTIN\u00daA.- Nadie de la lista qued\u00f3 sin su respectiva caja de mercader\u00eda en ese sector sanfelipe\u00f1o.\" width=\"580\" height=\"358\" srcset=\"https:\/\/i0.wp.com\/eltrabajo.cl\/portal\/wp-content\/uploads\/2020\/06\/Reparto3.jpg?w=580&amp;ssl=1 580w, https:\/\/i0.wp.com\/eltrabajo.cl\/portal\/wp-content\/uploads\/2020\/06\/Reparto3.jpg?resize=300%2C185&amp;ssl=1 300w, https:\/\/i0.wp.com\/eltrabajo.cl\/portal\/wp-content\/uploads\/2020\/06\/Reparto3.jpg?resize=200%2C123&amp;ssl=1 200w, https:\/\/i0.wp.com\/eltrabajo.cl\/portal\/wp-content\/uploads\/2020\/06\/Reparto3.jpg?resize=150%2C93&amp;ssl=1 150w\" sizes=\"auto, (max-width: 580px) 100vw, 580px\" \/><figcaption id=\"caption-attachment-99680\" class=\"wp-caption-text\">EL TRABAJO CONTIN\u00daA.- Nadie de la lista qued\u00f3 sin su respectiva caja de mercader\u00eda en ese sector sanfelipe\u00f1o.<\/figcaption><\/figure>\n<figure id=\"attachment_99681\" aria-describedby=\"caption-attachment-99681\" style=\"width: 580px\" class=\"wp-caption alignnone\"><img data-recalc-dims=\"1\" loading=\"lazy\" decoding=\"async\" class=\"size-full wp-image-99681\" src=\"https:\/\/i0.wp.com\/eltrabajo.cl\/portal\/wp-content\/uploads\/2020\/06\/Reparto_Jorge-Mallea.jpg?resize=580%2C600&#038;ssl=1\" alt=\"Presidente de la junta de vecinos de Villa Juan Pablo II, Jorge Mallea Cordero.\" width=\"580\" height=\"600\" srcset=\"https:\/\/i0.wp.com\/eltrabajo.cl\/portal\/wp-content\/uploads\/2020\/06\/Reparto_Jorge-Mallea.jpg?w=580&amp;ssl=1 580w, https:\/\/i0.wp.com\/eltrabajo.cl\/portal\/wp-content\/uploads\/2020\/06\/Reparto_Jorge-Mallea.jpg?resize=290%2C300&amp;ssl=1 290w, https:\/\/i0.wp.com\/eltrabajo.cl\/portal\/wp-content\/uploads\/2020\/06\/Reparto_Jorge-Mallea.jpg?resize=145%2C150&amp;ssl=1 145w\" sizes=\"auto, (max-width: 580px) 100vw, 580px\" \/><figcaption id=\"caption-attachment-99681\" class=\"wp-caption-text\">Presidente de la junta de vecinos de Villa Juan Pablo II, Jorge Mallea Cordero.<\/figcaption><\/figure>\n<figure id=\"attachment_99682\" aria-describedby=\"caption-attachment-99682\" style=\"width: 580px\" class=\"wp-caption alignnone\"><img data-recalc-dims=\"1\" loading=\"lazy\" decoding=\"async\" class=\"size-full wp-image-99682\" src=\"https:\/\/i0.wp.com\/eltrabajo.cl\/portal\/wp-content\/uploads\/2020\/06\/Reparto_Jose-Madrid.jpg?resize=580%2C598&#038;ssl=1\" alt=\"Jos\u00e9 Madrid, coordinador del Departamento Social de la Municipalidad de San Felipe.\" width=\"580\" height=\"598\" srcset=\"https:\/\/i0.wp.com\/eltrabajo.cl\/portal\/wp-content\/uploads\/2020\/06\/Reparto_Jose-Madrid.jpg?w=580&amp;ssl=1 580w, https:\/\/i0.wp.com\/eltrabajo.cl\/portal\/wp-content\/uploads\/2020\/06\/Reparto_Jose-Madrid.jpg?resize=291%2C300&amp;ssl=1 291w, https:\/\/i0.wp.com\/eltrabajo.cl\/portal\/wp-content\/uploads\/2020\/06\/Reparto_Jose-Madrid.jpg?resize=145%2C150&amp;ssl=1 145w\" sizes=\"auto, (max-width: 580px) 100vw, 580px\" \/><figcaption id=\"caption-attachment-99682\" class=\"wp-caption-text\">Jos\u00e9 Madrid, coordinador del Departamento Social de la Municipalidad de San Felipe.<\/figcaption><\/figure>\n","protected":false},"excerpt":{"rendered":"<p>Muy aliviados se mostraron m\u00e1s de 600 familias del sector Villa Juan Pablo II desde que la noche del martes se les avisara que ayer mi\u00e9rcoles las brigadas de trabajo de la&#8230;<\/p>\n","protected":false},"author":482,"featured_media":99680,"comment_status":"closed","ping_status":"closed","sticky":false,"template":"","format":"standard","meta":{"advanced_seo_description":"","jetpack_seo_html_title":"","jetpack_seo_noindex":false,"_jetpack_memberships_contains_paid_content":false,"footnotes":""},"categories":[103],"tags":[],"class_list":["post-99677","post","type-post","status-publish","format-standard","has-post-thumbnail","hentry","category-cronica-2"],"jetpack_featured_media_url":"https:\/\/i0.wp.com\/eltrabajo.cl\/portal\/wp-content\/uploads\/2020\/06\/Reparto3.jpg?fit=580%2C358&ssl=1","jetpack_sharing_enabled":true,"jetpack_likes_enabled":true,"jetpack-related-posts":[],"_links":{"self":[{"href":"https:\/\/eltrabajo.cl\/portal\/wp-json\/wp\/v2\/posts\/99677","targetHints":{"allow":["GET"]}}],"collection":[{"href":"https:\/\/eltrabajo.cl\/portal\/wp-json\/wp\/v2\/posts"}],"about":[{"href":"https:\/\/eltrabajo.cl\/portal\/wp-json\/wp\/v2\/types\/post"}],"author":[{"embeddable":true,"href":"https:\/\/eltrabajo.cl\/portal\/wp-json\/wp\/v2\/users\/482"}],"replies":[{"embeddable":true,"href":"https:\/\/eltrabajo.cl\/portal\/wp-json\/wp\/v2\/comments?post=99677"}],"version-history":[{"count":0,"href":"https:\/\/eltrabajo.cl\/portal\/wp-json\/wp\/v2\/posts\/99677\/revisions"}],"wp:featuredmedia":[{"embeddable":true,"href":"https:\/\/eltrabajo.cl\/portal\/wp-json\/wp\/v2\/media\/99680"}],"wp:attachment":[{"href":"https:\/\/eltrabajo.cl\/portal\/wp-json\/wp\/v2\/media?parent=99677"}],"wp:term":[{"taxonomy":"category","embeddable":true,"href":"https:\/\/eltrabajo.cl\/portal\/wp-json\/wp\/v2\/categories?post=99677"},{"taxonomy":"post_tag","embeddable":true,"href":"https:\/\/eltrabajo.cl\/portal\/wp-json\/wp\/v2\/tags?post=99677"}],"curies":[{"name":"wp","href":"https:\/\/api.w.org\/{rel}","templated":true}]}}