{"id":99684,"date":"2020-06-18T07:40:18","date_gmt":"2020-06-18T11:40:18","guid":{"rendered":"https:\/\/www.eltrabajo.cl\/portal\/?p=99684"},"modified":"2020-06-17T20:59:17","modified_gmt":"2020-06-18T00:59:17","slug":"inquieta-ola-de-robos-de-accesorios-de-vehiculos-estacionados-en-via-publica","status":"publish","type":"post","link":"https:\/\/eltrabajo.cl\/portal\/inquieta-ola-de-robos-de-accesorios-de-vehiculos-estacionados-en-via-publica\/","title":{"rendered":"Inquieta ola de robos de accesorios de veh\u00edculos estacionados en v\u00eda p\u00fablica"},"content":{"rendered":"<p style=\"text-align: justify;\"><span style=\"color: #c81400;\"><strong>Vecinos de Villa El Se\u00f1orial:<\/strong><\/span><\/p>\n<p style=\"text-align: justify;\">Una ola de robos a veh\u00edculos estacionados en la v\u00eda p\u00fablica est\u00e1 afectando a los vecinos de la Villa El Se\u00f1or\u00edal. As\u00ed lo denuncia p\u00fablicamente la presidenta de la Junta de Vecinos, <strong>Erika \u00c1lvarez<\/strong>.<\/p>\n<p style=\"text-align: justify;\">\u00ab<em>Estamos inquietos como vecinos, nosotros como junta de vecinos siempre apoyando las demandas de ellos, resulta que ya hace m\u00e1s o menos un mes los vecinos en las noches ya no pueden dormir porque en pleno toque de queda vienen los delincuentes, les desarman sus veh\u00edculos, les est\u00e1n robando sus bater\u00edas, se meten a las casas, a los patios, entonces es delicada la situaci\u00f3n porque a nosotros nos llama la atenci\u00f3n, porque no debiera transitar gente a esa hora en la noche, despu\u00e9s de las diez. Estos robos son tipo una, dos de la ma\u00f1ana, los vecinos est\u00e1n muy preocupados y eso lo hacen notar a trav\u00e9s de un grupo de WhatsApp que tenemos, algunos se est\u00e1n turnando como es el caso de un matrimonio para ver qu\u00e9 pasa y estar atento\u00bb.<\/em><\/p>\n<p style=\"text-align: justify;\">&#8211; <strong>\u00bfCu\u00e1ntas familias se encuentran afectadas por estos hechos?<\/strong><\/p>\n<p style=\"text-align: justify;\">&#8211; Hasta el momento alrededor de unas seis familias. Empez\u00f3 ac\u00e1 en Julio Montero con Ej\u00e9rcito Libertador, donde pillaron a un delincuente justo entrando a una casa. El fin de semana a un vecino le robaron la bater\u00eda de su cami\u00f3n que es su herramienta de trabajo, porque \u00e9l trabaja en las verduras; en la ma\u00f1ana \u00e9l hizo andar su cami\u00f3n y ah\u00ed se dio cuenta que se la hab\u00edan robado, es bastante cara esa bater\u00eda, \u00e9l vio por la calle que hab\u00eda destornilladores, todo lo que usaron para poder sacar la bater\u00eda. Una vecina ac\u00e1 en la calle Ernesto Montenegro, en la noche le entraron al patio de su casa y le robaron una bicicleta; otro vecino que vive frente a la cancha, afuera donde est\u00e1 una camioneta roja, la desmantelaron, le sacaron todos sus accesorios. As\u00ed han estado pasando cosas, situaciones que uno entiende que se ve\u00eda venir que la delincuencia iba a estar en todos lados por el tema del trabajo.<\/p>\n<p style=\"text-align: justify;\">&#8211; <strong>\u00bfSe han hecho las denuncias ante Carabineros?<\/strong><\/p>\n<p style=\"text-align: justify;\">&#8211; S\u00ed, se han hecho las denuncias e incluso el viernes tuvimos ac\u00e1 una reuni\u00f3n en la tarde con la directiva y los delegados de Carabineros, ellos nos prestaron todo su apoyo, pero dicen que los vecinos tienen que estar ah\u00ed como llamando al cuadrante, pero los vecinos llamaron y no tuvieron respuesta, como que nos decepcion\u00f3 un poquito porque quedamos bien confiados y despu\u00e9s no s\u00e9 si estaban con permiso el delegado, a quien le mandaba todo lo que los vecinos mandaban se los reenvi\u00e9 a ellos y no tuve respuesta, solamente el lunes revisaron y se dieron cuenta de todo lo que hab\u00eda pasado el fin de semana y le iban a dar cuenta al Mayor don Mauricio Guzm\u00e1n. Yo espero que as\u00ed lo hayan hecho.<\/p>\n<p style=\"text-align: justify;\">Destaca en todo caso que se ha visto personal patrullando <em>\u00abm\u00e1s que antes incluso, pero a lo mejor no es suficiente. Pedimos en el d\u00eda que se dieran vuelta y se han visto las motos, pero el tema est\u00e1 en que esta gente viene en el d\u00eda, yo no estoy cuestionando, puede haber gente s\u00ed buena,\u00a0 que anden vendiendo cosas y lograr plata para su sustento, pero no todos son as\u00ed, ellos aprovechan esa instancia para ir viendo las casas y en la noche se dejan caer\u00bb,<\/em> dijo la dirigente.<\/p>\n<p style=\"text-align: justify;\">Villa El Se\u00f1orial est\u00e1 compuesta aproximadamente por unas dos mil viviendas.<\/p>\n<p style=\"text-align: justify;\">\n<figure id=\"attachment_99685\" aria-describedby=\"caption-attachment-99685\" style=\"width: 580px\" class=\"wp-caption alignnone\"><img data-recalc-dims=\"1\" loading=\"lazy\" decoding=\"async\" class=\"size-full wp-image-99685\" src=\"https:\/\/i0.wp.com\/eltrabajo.cl\/portal\/wp-content\/uploads\/2020\/06\/Canchaa.jpg?resize=580%2C359&#038;ssl=1\" alt=\"Cancha de Villa El Se\u00f1orial de San Felipe, donde veh\u00edculos estacionados en las calles aleda\u00f1as han sido afectados por robo.\" width=\"580\" height=\"359\" srcset=\"https:\/\/i0.wp.com\/eltrabajo.cl\/portal\/wp-content\/uploads\/2020\/06\/Canchaa.jpg?w=580&amp;ssl=1 580w, https:\/\/i0.wp.com\/eltrabajo.cl\/portal\/wp-content\/uploads\/2020\/06\/Canchaa.jpg?resize=300%2C186&amp;ssl=1 300w, https:\/\/i0.wp.com\/eltrabajo.cl\/portal\/wp-content\/uploads\/2020\/06\/Canchaa.jpg?resize=200%2C124&amp;ssl=1 200w, https:\/\/i0.wp.com\/eltrabajo.cl\/portal\/wp-content\/uploads\/2020\/06\/Canchaa.jpg?resize=150%2C93&amp;ssl=1 150w\" sizes=\"auto, (max-width: 580px) 100vw, 580px\" \/><figcaption id=\"caption-attachment-99685\" class=\"wp-caption-text\">Cancha de Villa El Se\u00f1orial de San Felipe, donde veh\u00edculos estacionados en las calles aleda\u00f1as han sido afectados por robo.<\/figcaption><\/figure>\n<figure id=\"attachment_99686\" aria-describedby=\"caption-attachment-99686\" style=\"width: 580px\" class=\"wp-caption alignnone\"><img data-recalc-dims=\"1\" loading=\"lazy\" decoding=\"async\" class=\"size-full wp-image-99686\" src=\"https:\/\/i0.wp.com\/eltrabajo.cl\/portal\/wp-content\/uploads\/2020\/06\/Erika-Alvarez.jpg?resize=580%2C358&#038;ssl=1\" alt=\"\u00c9rika \u00c1lvarez, presidenta Junta de Vecinos Villa El Se\u00f1orial.\" width=\"580\" height=\"358\" srcset=\"https:\/\/i0.wp.com\/eltrabajo.cl\/portal\/wp-content\/uploads\/2020\/06\/Erika-Alvarez.jpg?w=580&amp;ssl=1 580w, https:\/\/i0.wp.com\/eltrabajo.cl\/portal\/wp-content\/uploads\/2020\/06\/Erika-Alvarez.jpg?resize=300%2C185&amp;ssl=1 300w, https:\/\/i0.wp.com\/eltrabajo.cl\/portal\/wp-content\/uploads\/2020\/06\/Erika-Alvarez.jpg?resize=200%2C123&amp;ssl=1 200w, https:\/\/i0.wp.com\/eltrabajo.cl\/portal\/wp-content\/uploads\/2020\/06\/Erika-Alvarez.jpg?resize=150%2C93&amp;ssl=1 150w\" sizes=\"auto, (max-width: 580px) 100vw, 580px\" \/><figcaption id=\"caption-attachment-99686\" class=\"wp-caption-text\">\u00c9rika \u00c1lvarez, presidenta Junta de Vecinos Villa El Se\u00f1orial.<\/figcaption><\/figure>\n","protected":false},"excerpt":{"rendered":"<p>Vecinos de Villa El Se\u00f1orial: Una ola de robos a veh\u00edculos estacionados en la v\u00eda p\u00fablica est\u00e1 afectando a los vecinos de la Villa El Se\u00f1or\u00edal. As\u00ed lo denuncia p\u00fablicamente la presidenta&#8230;<\/p>\n","protected":false},"author":482,"featured_media":99685,"comment_status":"closed","ping_status":"closed","sticky":false,"template":"","format":"standard","meta":{"advanced_seo_description":"","jetpack_seo_html_title":"","jetpack_seo_noindex":false,"_jetpack_memberships_contains_paid_content":false,"footnotes":""},"categories":[15],"tags":[],"class_list":["post-99684","post","type-post","status-publish","format-standard","has-post-thumbnail","hentry","category-comunidad"],"jetpack_featured_media_url":"https:\/\/i0.wp.com\/eltrabajo.cl\/portal\/wp-content\/uploads\/2020\/06\/Canchaa.jpg?fit=580%2C359&ssl=1","jetpack_sharing_enabled":true,"jetpack_likes_enabled":true,"jetpack-related-posts":[],"_links":{"self":[{"href":"https:\/\/eltrabajo.cl\/portal\/wp-json\/wp\/v2\/posts\/99684","targetHints":{"allow":["GET"]}}],"collection":[{"href":"https:\/\/eltrabajo.cl\/portal\/wp-json\/wp\/v2\/posts"}],"about":[{"href":"https:\/\/eltrabajo.cl\/portal\/wp-json\/wp\/v2\/types\/post"}],"author":[{"embeddable":true,"href":"https:\/\/eltrabajo.cl\/portal\/wp-json\/wp\/v2\/users\/482"}],"replies":[{"embeddable":true,"href":"https:\/\/eltrabajo.cl\/portal\/wp-json\/wp\/v2\/comments?post=99684"}],"version-history":[{"count":0,"href":"https:\/\/eltrabajo.cl\/portal\/wp-json\/wp\/v2\/posts\/99684\/revisions"}],"wp:featuredmedia":[{"embeddable":true,"href":"https:\/\/eltrabajo.cl\/portal\/wp-json\/wp\/v2\/media\/99685"}],"wp:attachment":[{"href":"https:\/\/eltrabajo.cl\/portal\/wp-json\/wp\/v2\/media?parent=99684"}],"wp:term":[{"taxonomy":"category","embeddable":true,"href":"https:\/\/eltrabajo.cl\/portal\/wp-json\/wp\/v2\/categories?post=99684"},{"taxonomy":"post_tag","embeddable":true,"href":"https:\/\/eltrabajo.cl\/portal\/wp-json\/wp\/v2\/tags?post=99684"}],"curies":[{"name":"wp","href":"https:\/\/api.w.org\/{rel}","templated":true}]}}