{"id":99688,"date":"2020-06-18T07:50:39","date_gmt":"2020-06-18T11:50:39","guid":{"rendered":"https:\/\/www.eltrabajo.cl\/portal\/?p=99688"},"modified":"2020-06-17T21:03:29","modified_gmt":"2020-06-18T01:03:29","slug":"auto-menor-y-camion-tolva-chocan-en-sector-el-pino-camino-tocornal","status":"publish","type":"post","link":"https:\/\/eltrabajo.cl\/portal\/auto-menor-y-camion-tolva-chocan-en-sector-el-pino-camino-tocornal\/","title":{"rendered":"Auto menor y cami\u00f3n tolva chocan en sector El Pino camino Tocornal"},"content":{"rendered":"<p style=\"text-align: justify;\"><span style=\"color: #c81400;\"><strong>Veh\u00edculo peque\u00f1o fue arrastrado 25 metros:<\/strong><\/span><\/p>\n<p style=\"text-align: justify;\">Siguen los accidentes vehiculares en camino Tocornal, esta vez fue una colisi\u00f3n entre un cami\u00f3n tolva que se dirig\u00eda hacia Los Andes el que choc\u00f3 contra un veh\u00edculo liviano que ven\u00eda en direcci\u00f3n contraria. En determinado momento ambos veh\u00edculos colisionaron con gran potencia, quedando el auto menor debajo del pesado y alto cami\u00f3n.<\/p>\n<p style=\"text-align: justify;\"><strong>Diario El Trabajo<\/strong> estuvo en el lugar y pudimos conocer el informe oficial de Bomberos tras el impacto. <strong>Diego Arancibia Rodr\u00edguez<\/strong>, relacionador p\u00fablico del Cuerpo de Bomberos de Santa Mar\u00eda, nos explic\u00f3 que <em>\u00abal ser las 9:10 de la ma\u00f1ana se despach\u00f3 a un accidente vehicular en el sector El Pino camino Tocornal, fueron despachadas las unidades B3, RV1 y RX2. Al llegar al lugar se trabaj\u00f3 en la inmovilizaci\u00f3n de ambos conductores, pues el veh\u00edculo menor estaba en la parte inferior del cami\u00f3n tolva. El chofer del cami\u00f3n se hab\u00eda ya bajado y presentaba fuerte dolor en la zona tor\u00e1cica producto del golpe con el manubrio, mientras que el conductor del veh\u00edculo menor ten\u00eda contusi\u00f3n frontal con sangrado activo que fue contenido e inmovilizado el paciente por Bomberos. Al lugar llegaron dos ambulancias del SAMU que trasladaron a los pacientes a un centro asistencial, ambos trasladados a San Felipe. El tr\u00e1nsito estuvo cortado por alrededor de dos horas ya que el cami\u00f3n tolva se subi\u00f3 arriba del veh\u00edculo menor, se requiri\u00f3 de bolsas inflables para levantar el cami\u00f3n tolva, que ven\u00eda cargado con material de ripio. Destacar tambi\u00e9n que el auto menor fue arrastrado unos 25 metros del lugar del impacto en direcci\u00f3n contraria de la que ven\u00eda<\/em>\u00bb, dijo Arancibia a nuestro medio.<\/p>\n<p style=\"text-align: justify;\"><strong>Roberto Gonz\u00e1lez Short<\/strong><\/p>\n<p style=\"text-align: justify;\">\n<figure id=\"attachment_99689\" aria-describedby=\"caption-attachment-99689\" style=\"width: 580px\" class=\"wp-caption alignnone\"><img data-recalc-dims=\"1\" loading=\"lazy\" decoding=\"async\" class=\"size-full wp-image-99689\" src=\"https:\/\/i0.wp.com\/eltrabajo.cl\/portal\/wp-content\/uploads\/2020\/06\/choque-portada.jpg?resize=580%2C359&#038;ssl=1\" alt=\"APLASTADO.- El veh\u00edculo menor termin\u00f3 literalmente bajo el pesado cami\u00f3n tolva que lo arrastr\u00f3 unos 25 metros tras el impacto.\" width=\"580\" height=\"359\" srcset=\"https:\/\/i0.wp.com\/eltrabajo.cl\/portal\/wp-content\/uploads\/2020\/06\/choque-portada.jpg?w=580&amp;ssl=1 580w, https:\/\/i0.wp.com\/eltrabajo.cl\/portal\/wp-content\/uploads\/2020\/06\/choque-portada.jpg?resize=300%2C186&amp;ssl=1 300w, https:\/\/i0.wp.com\/eltrabajo.cl\/portal\/wp-content\/uploads\/2020\/06\/choque-portada.jpg?resize=200%2C124&amp;ssl=1 200w, https:\/\/i0.wp.com\/eltrabajo.cl\/portal\/wp-content\/uploads\/2020\/06\/choque-portada.jpg?resize=150%2C93&amp;ssl=1 150w\" sizes=\"auto, (max-width: 580px) 100vw, 580px\" \/><figcaption id=\"caption-attachment-99689\" class=\"wp-caption-text\">APLASTADO.- El veh\u00edculo menor termin\u00f3 literalmente bajo el pesado cami\u00f3n tolva que lo arrastr\u00f3 unos 25 metros tras el impacto.<\/figcaption><\/figure>\n<figure id=\"attachment_99691\" aria-describedby=\"caption-attachment-99691\" style=\"width: 578px\" class=\"wp-caption alignnone\"><img data-recalc-dims=\"1\" loading=\"lazy\" decoding=\"async\" class=\"size-full wp-image-99691\" src=\"https:\/\/i0.wp.com\/eltrabajo.cl\/portal\/wp-content\/uploads\/2020\/06\/Choque1.jpg?resize=578%2C344&#038;ssl=1\" alt=\"ARRASTRADO.- El pesado cami\u00f3n tolva arrastr\u00f3 al auto liviano unos 25 metros tras el impacto.\" width=\"578\" height=\"344\" srcset=\"https:\/\/i0.wp.com\/eltrabajo.cl\/portal\/wp-content\/uploads\/2020\/06\/Choque1.jpg?w=578&amp;ssl=1 578w, https:\/\/i0.wp.com\/eltrabajo.cl\/portal\/wp-content\/uploads\/2020\/06\/Choque1.jpg?resize=300%2C179&amp;ssl=1 300w, https:\/\/i0.wp.com\/eltrabajo.cl\/portal\/wp-content\/uploads\/2020\/06\/Choque1.jpg?resize=200%2C119&amp;ssl=1 200w, https:\/\/i0.wp.com\/eltrabajo.cl\/portal\/wp-content\/uploads\/2020\/06\/Choque1.jpg?resize=150%2C89&amp;ssl=1 150w\" sizes=\"auto, (max-width: 578px) 100vw, 578px\" \/><figcaption id=\"caption-attachment-99691\" class=\"wp-caption-text\">ARRASTRADO.- El pesado cami\u00f3n tolva arrastr\u00f3 al auto liviano unos 25 metros tras el impacto.<\/figcaption><\/figure>\n<figure id=\"attachment_99692\" aria-describedby=\"caption-attachment-99692\" style=\"width: 580px\" class=\"wp-caption alignnone\"><img data-recalc-dims=\"1\" loading=\"lazy\" decoding=\"async\" class=\"size-full wp-image-99692\" src=\"https:\/\/i0.wp.com\/eltrabajo.cl\/portal\/wp-content\/uploads\/2020\/06\/Choque2.jpg?resize=580%2C358&#038;ssl=1\" alt=\"AL SAN CAMILO.- Ambos conductores fueron trasladados al Hospital San Camilo por personal del Samu.\" width=\"580\" height=\"358\" srcset=\"https:\/\/i0.wp.com\/eltrabajo.cl\/portal\/wp-content\/uploads\/2020\/06\/Choque2.jpg?w=580&amp;ssl=1 580w, https:\/\/i0.wp.com\/eltrabajo.cl\/portal\/wp-content\/uploads\/2020\/06\/Choque2.jpg?resize=300%2C185&amp;ssl=1 300w, https:\/\/i0.wp.com\/eltrabajo.cl\/portal\/wp-content\/uploads\/2020\/06\/Choque2.jpg?resize=200%2C123&amp;ssl=1 200w, https:\/\/i0.wp.com\/eltrabajo.cl\/portal\/wp-content\/uploads\/2020\/06\/Choque2.jpg?resize=150%2C93&amp;ssl=1 150w\" sizes=\"auto, (max-width: 580px) 100vw, 580px\" \/><figcaption id=\"caption-attachment-99692\" class=\"wp-caption-text\">AL SAN CAMILO.- Ambos conductores fueron trasladados al Hospital San Camilo por personal del Samu.<\/figcaption><\/figure>\n<figure id=\"attachment_99693\" aria-describedby=\"caption-attachment-99693\" style=\"width: 580px\" class=\"wp-caption alignnone\"><img data-recalc-dims=\"1\" loading=\"lazy\" decoding=\"async\" class=\"size-full wp-image-99693\" src=\"https:\/\/i0.wp.com\/eltrabajo.cl\/portal\/wp-content\/uploads\/2020\/06\/Choque3.jpg?resize=580%2C359&#038;ssl=1\" alt=\"DA\u00d1OS MATERIALES.- As\u00ed qued\u00f3 el veh\u00edculo menor luego que con equipo especial de Bomberos \u00e9ste fuera liberado del pesado cami\u00f3n.\" width=\"580\" height=\"359\" srcset=\"https:\/\/i0.wp.com\/eltrabajo.cl\/portal\/wp-content\/uploads\/2020\/06\/Choque3.jpg?w=580&amp;ssl=1 580w, https:\/\/i0.wp.com\/eltrabajo.cl\/portal\/wp-content\/uploads\/2020\/06\/Choque3.jpg?resize=300%2C186&amp;ssl=1 300w, https:\/\/i0.wp.com\/eltrabajo.cl\/portal\/wp-content\/uploads\/2020\/06\/Choque3.jpg?resize=200%2C124&amp;ssl=1 200w, https:\/\/i0.wp.com\/eltrabajo.cl\/portal\/wp-content\/uploads\/2020\/06\/Choque3.jpg?resize=150%2C93&amp;ssl=1 150w\" sizes=\"auto, (max-width: 580px) 100vw, 580px\" \/><figcaption id=\"caption-attachment-99693\" class=\"wp-caption-text\">DA\u00d1OS MATERIALES.- As\u00ed qued\u00f3 el veh\u00edculo menor luego que con equipo especial de Bomberos \u00e9ste fuera liberado del pesado cami\u00f3n.<\/figcaption><\/figure>\n<figure id=\"attachment_99690\" aria-describedby=\"caption-attachment-99690\" style=\"width: 580px\" class=\"wp-caption alignnone\"><img data-recalc-dims=\"1\" loading=\"lazy\" decoding=\"async\" class=\"size-full wp-image-99690\" src=\"https:\/\/i0.wp.com\/eltrabajo.cl\/portal\/wp-content\/uploads\/2020\/06\/Choque_Diego-Arancibia.jpg?resize=580%2C600&#038;ssl=1\" alt=\"Diego Arancibia Rodr\u00edguez, relacionador p\u00fablico del Cuerpo de Bomberos de Santa Mar\u00eda.\" width=\"580\" height=\"600\" srcset=\"https:\/\/i0.wp.com\/eltrabajo.cl\/portal\/wp-content\/uploads\/2020\/06\/Choque_Diego-Arancibia.jpg?w=580&amp;ssl=1 580w, https:\/\/i0.wp.com\/eltrabajo.cl\/portal\/wp-content\/uploads\/2020\/06\/Choque_Diego-Arancibia.jpg?resize=290%2C300&amp;ssl=1 290w, https:\/\/i0.wp.com\/eltrabajo.cl\/portal\/wp-content\/uploads\/2020\/06\/Choque_Diego-Arancibia.jpg?resize=145%2C150&amp;ssl=1 145w\" sizes=\"auto, (max-width: 580px) 100vw, 580px\" \/><figcaption id=\"caption-attachment-99690\" class=\"wp-caption-text\">Diego Arancibia Rodr\u00edguez, relacionador p\u00fablico del Cuerpo de Bomberos de Santa Mar\u00eda.<\/figcaption><\/figure>\n","protected":false},"excerpt":{"rendered":"<p>Veh\u00edculo peque\u00f1o fue arrastrado 25 metros: Siguen los accidentes vehiculares en camino Tocornal, esta vez fue una colisi\u00f3n entre un cami\u00f3n tolva que se dirig\u00eda hacia Los Andes el que choc\u00f3 contra&#8230;<\/p>\n","protected":false},"author":482,"featured_media":99689,"comment_status":"closed","ping_status":"closed","sticky":false,"template":"","format":"standard","meta":{"advanced_seo_description":"","jetpack_seo_html_title":"","jetpack_seo_noindex":false,"_jetpack_memberships_contains_paid_content":false,"footnotes":""},"categories":[21],"tags":[],"class_list":["post-99688","post","type-post","status-publish","format-standard","has-post-thumbnail","hentry","category-policial"],"jetpack_featured_media_url":"https:\/\/i0.wp.com\/eltrabajo.cl\/portal\/wp-content\/uploads\/2020\/06\/choque-portada.jpg?fit=580%2C359&ssl=1","jetpack_sharing_enabled":true,"jetpack_likes_enabled":true,"jetpack-related-posts":[],"_links":{"self":[{"href":"https:\/\/eltrabajo.cl\/portal\/wp-json\/wp\/v2\/posts\/99688","targetHints":{"allow":["GET"]}}],"collection":[{"href":"https:\/\/eltrabajo.cl\/portal\/wp-json\/wp\/v2\/posts"}],"about":[{"href":"https:\/\/eltrabajo.cl\/portal\/wp-json\/wp\/v2\/types\/post"}],"author":[{"embeddable":true,"href":"https:\/\/eltrabajo.cl\/portal\/wp-json\/wp\/v2\/users\/482"}],"replies":[{"embeddable":true,"href":"https:\/\/eltrabajo.cl\/portal\/wp-json\/wp\/v2\/comments?post=99688"}],"version-history":[{"count":0,"href":"https:\/\/eltrabajo.cl\/portal\/wp-json\/wp\/v2\/posts\/99688\/revisions"}],"wp:featuredmedia":[{"embeddable":true,"href":"https:\/\/eltrabajo.cl\/portal\/wp-json\/wp\/v2\/media\/99689"}],"wp:attachment":[{"href":"https:\/\/eltrabajo.cl\/portal\/wp-json\/wp\/v2\/media?parent=99688"}],"wp:term":[{"taxonomy":"category","embeddable":true,"href":"https:\/\/eltrabajo.cl\/portal\/wp-json\/wp\/v2\/categories?post=99688"},{"taxonomy":"post_tag","embeddable":true,"href":"https:\/\/eltrabajo.cl\/portal\/wp-json\/wp\/v2\/tags?post=99688"}],"curies":[{"name":"wp","href":"https:\/\/api.w.org\/{rel}","templated":true}]}}