{"id":99729,"date":"2020-06-18T20:08:16","date_gmt":"2020-06-19T00:08:16","guid":{"rendered":"https:\/\/www.eltrabajo.cl\/portal\/?p=99729"},"modified":"2020-07-20T18:15:28","modified_gmt":"2020-07-20T22:15:28","slug":"solo-quedan-dos-camas-disponibles-en-el-albergue-municipal","status":"publish","type":"post","link":"https:\/\/eltrabajo.cl\/portal\/solo-quedan-dos-camas-disponibles-en-el-albergue-municipal\/","title":{"rendered":"S\u00f3lo quedan dos camas disponibles en el Albergue Municipal"},"content":{"rendered":"<p style=\"text-align: justify;\"><span style=\"color: #c81400;\"><strong>Atenci\u00f3n 24\/7 con todos los servicios y TV en sus cuartos:<\/strong><\/span><\/p>\n<p style=\"text-align: justify;\">Muy aliviados est\u00e1n 18 personas que permanec\u00edan en condici\u00f3n de calle, desde que el pasado viernes 12 de junio la Municipalidad de San Felipe y el Ministerio de Desarrollo Social y Familia, abrieron el Albergue Municipal ubicado en Toromazote 358, esquina con San Mart\u00edn.<\/p>\n<p style=\"text-align: justify;\"><span style=\"color: #c81400;\"><strong>CON SERVICIO 24\/7<\/strong><\/span><\/p>\n<p style=\"text-align: justify;\"><strong>Diario El Trabajo<\/strong> habl\u00f3 ayer con la encargada del Albergue, <strong>Rosemary Cartes Aravena<\/strong>, quien nos inform\u00f3 que <em>\u00abs\u00f3lo nos quedan dos camas disponibles, una para mujer y otra para var\u00f3n. Son siete salones o dormitorios los que se habilitaron este a\u00f1o en el Albergue Municipal, ellos cuentan con las tres comidas, sus ba\u00f1os, televisores y patio para poder fumarse alg\u00fan cigarro o conversar. En cuanto al personal somos catorce personas, tres turnos de ocho horas, este albergue estar\u00e1 abierto 122 d\u00edas, o sea, cerraremos el pr\u00f3ximo 11 de octubre y este a\u00f1o la atenci\u00f3n es 24\/7, para que los chiquillos puedan tambi\u00e9n cumplir su cuarentena. Importante se\u00f1alar que aqu\u00ed tienen su lavander\u00eda y cada hora se les toma la temperatura, o sea, se les est\u00e1 proporcionando las mejores condiciones para que no sufran fr\u00edo ni hambre<\/em>\u00bb, dijo Cartes a nuestro medio.<\/p>\n<p style=\"text-align: justify;\"><strong>Roberto Gonz\u00e1lez Short<\/strong><\/p>\n<figure id=\"attachment_99730\" aria-describedby=\"caption-attachment-99730\" style=\"width: 580px\" class=\"wp-caption alignnone\"><img data-recalc-dims=\"1\" loading=\"lazy\" decoding=\"async\" class=\"size-full wp-image-99730\" src=\"https:\/\/i0.wp.com\/eltrabajo.cl\/portal\/wp-content\/uploads\/2020\/06\/Albergue1-1.jpg?resize=580%2C359&#038;ssl=1\" alt=\"EST\u00c1N A CUBIERTO.- Ellos son algunos de los residentes del Albergue Municipal, quienes ya no est\u00e1n en las calles.\" width=\"580\" height=\"359\" srcset=\"https:\/\/i0.wp.com\/eltrabajo.cl\/portal\/wp-content\/uploads\/2020\/06\/Albergue1-1.jpg?w=580&amp;ssl=1 580w, https:\/\/i0.wp.com\/eltrabajo.cl\/portal\/wp-content\/uploads\/2020\/06\/Albergue1-1.jpg?resize=300%2C186&amp;ssl=1 300w, https:\/\/i0.wp.com\/eltrabajo.cl\/portal\/wp-content\/uploads\/2020\/06\/Albergue1-1.jpg?resize=200%2C124&amp;ssl=1 200w, https:\/\/i0.wp.com\/eltrabajo.cl\/portal\/wp-content\/uploads\/2020\/06\/Albergue1-1.jpg?resize=150%2C93&amp;ssl=1 150w\" sizes=\"auto, (max-width: 580px) 100vw, 580px\" \/><figcaption id=\"caption-attachment-99730\" class=\"wp-caption-text\">EST\u00c1N A CUBIERTO.- Ellos son algunos de los residentes del Albergue Municipal, quienes ya no est\u00e1n en las calles.<\/figcaption><\/figure>\n<figure id=\"attachment_99731\" aria-describedby=\"caption-attachment-99731\" style=\"width: 580px\" class=\"wp-caption alignnone\"><img data-recalc-dims=\"1\" loading=\"lazy\" decoding=\"async\" class=\"wp-image-99731 size-full\" src=\"https:\/\/i0.wp.com\/eltrabajo.cl\/portal\/wp-content\/uploads\/2020\/06\/Albergue2.jpg?resize=580%2C358&#038;ssl=1\" alt=\"A TRES TURNOS.- El personal municipal que atiende el Albergue posa para las c\u00e1maras de Diario El Trabajo.\" width=\"580\" height=\"358\" srcset=\"https:\/\/i0.wp.com\/eltrabajo.cl\/portal\/wp-content\/uploads\/2020\/06\/Albergue2.jpg?w=580&amp;ssl=1 580w, https:\/\/i0.wp.com\/eltrabajo.cl\/portal\/wp-content\/uploads\/2020\/06\/Albergue2.jpg?resize=300%2C185&amp;ssl=1 300w, https:\/\/i0.wp.com\/eltrabajo.cl\/portal\/wp-content\/uploads\/2020\/06\/Albergue2.jpg?resize=200%2C123&amp;ssl=1 200w, https:\/\/i0.wp.com\/eltrabajo.cl\/portal\/wp-content\/uploads\/2020\/06\/Albergue2.jpg?resize=150%2C93&amp;ssl=1 150w\" sizes=\"auto, (max-width: 580px) 100vw, 580px\" \/><figcaption id=\"caption-attachment-99731\" class=\"wp-caption-text\">A TRES TURNOS.- El personal municipal que atiende el Albergue posa para las c\u00e1maras de Diario El Trabajo.<\/figcaption><\/figure>\n<figure id=\"attachment_99732\" aria-describedby=\"caption-attachment-99732\" style=\"width: 580px\" class=\"wp-caption alignnone\"><img data-recalc-dims=\"1\" loading=\"lazy\" decoding=\"async\" class=\"wp-image-99732 size-full\" src=\"https:\/\/i0.wp.com\/eltrabajo.cl\/portal\/wp-content\/uploads\/2020\/06\/Albergue_Rosemary-Carter-Aravena.jpg?resize=580%2C600&#038;ssl=1\" alt=\"Encargada del Albergue Municipal, Rosemary Cartes Aravena.\" width=\"580\" height=\"600\" srcset=\"https:\/\/i0.wp.com\/eltrabajo.cl\/portal\/wp-content\/uploads\/2020\/06\/Albergue_Rosemary-Carter-Aravena.jpg?w=580&amp;ssl=1 580w, https:\/\/i0.wp.com\/eltrabajo.cl\/portal\/wp-content\/uploads\/2020\/06\/Albergue_Rosemary-Carter-Aravena.jpg?resize=290%2C300&amp;ssl=1 290w, https:\/\/i0.wp.com\/eltrabajo.cl\/portal\/wp-content\/uploads\/2020\/06\/Albergue_Rosemary-Carter-Aravena.jpg?resize=145%2C150&amp;ssl=1 145w\" sizes=\"auto, (max-width: 580px) 100vw, 580px\" \/><figcaption id=\"caption-attachment-99732\" class=\"wp-caption-text\">Encargada del Albergue Municipal, Rosemary Cartes Aravena.<\/figcaption><\/figure>\n","protected":false},"excerpt":{"rendered":"<p>Atenci\u00f3n 24\/7 con todos los servicios y TV en sus cuartos: Muy aliviados est\u00e1n 18 personas que permanec\u00edan en condici\u00f3n de calle, desde que el pasado viernes 12 de junio la Municipalidad&#8230;<\/p>\n","protected":false},"author":482,"featured_media":99730,"comment_status":"closed","ping_status":"closed","sticky":false,"template":"","format":"standard","meta":{"advanced_seo_description":"","jetpack_seo_html_title":"","jetpack_seo_noindex":false,"_jetpack_memberships_contains_paid_content":false,"footnotes":""},"categories":[103],"tags":[],"class_list":["post-99729","post","type-post","status-publish","format-standard","has-post-thumbnail","hentry","category-cronica-2"],"jetpack_featured_media_url":"https:\/\/i0.wp.com\/eltrabajo.cl\/portal\/wp-content\/uploads\/2020\/06\/Albergue1-1.jpg?fit=580%2C359&ssl=1","jetpack_sharing_enabled":true,"jetpack_likes_enabled":true,"jetpack-related-posts":[],"_links":{"self":[{"href":"https:\/\/eltrabajo.cl\/portal\/wp-json\/wp\/v2\/posts\/99729","targetHints":{"allow":["GET"]}}],"collection":[{"href":"https:\/\/eltrabajo.cl\/portal\/wp-json\/wp\/v2\/posts"}],"about":[{"href":"https:\/\/eltrabajo.cl\/portal\/wp-json\/wp\/v2\/types\/post"}],"author":[{"embeddable":true,"href":"https:\/\/eltrabajo.cl\/portal\/wp-json\/wp\/v2\/users\/482"}],"replies":[{"embeddable":true,"href":"https:\/\/eltrabajo.cl\/portal\/wp-json\/wp\/v2\/comments?post=99729"}],"version-history":[{"count":0,"href":"https:\/\/eltrabajo.cl\/portal\/wp-json\/wp\/v2\/posts\/99729\/revisions"}],"wp:featuredmedia":[{"embeddable":true,"href":"https:\/\/eltrabajo.cl\/portal\/wp-json\/wp\/v2\/media\/99730"}],"wp:attachment":[{"href":"https:\/\/eltrabajo.cl\/portal\/wp-json\/wp\/v2\/media?parent=99729"}],"wp:term":[{"taxonomy":"category","embeddable":true,"href":"https:\/\/eltrabajo.cl\/portal\/wp-json\/wp\/v2\/categories?post=99729"},{"taxonomy":"post_tag","embeddable":true,"href":"https:\/\/eltrabajo.cl\/portal\/wp-json\/wp\/v2\/tags?post=99729"}],"curies":[{"name":"wp","href":"https:\/\/api.w.org\/{rel}","templated":true}]}}