{"id":99738,"date":"2020-06-18T20:21:02","date_gmt":"2020-06-19T00:21:02","guid":{"rendered":"https:\/\/www.eltrabajo.cl\/portal\/?p=99738"},"modified":"2020-06-18T20:21:02","modified_gmt":"2020-06-19T00:21:02","slug":"detienen-a-dos-ciudadanos-colombianos-que-se-dedicaban-a-internar-droga","status":"publish","type":"post","link":"https:\/\/eltrabajo.cl\/portal\/detienen-a-dos-ciudadanos-colombianos-que-se-dedicaban-a-internar-droga\/","title":{"rendered":"Detienen a dos ciudadanos colombianos que se dedicaban a internar droga"},"content":{"rendered":"<p style=\"text-align: justify;\"><span style=\"color: #c81400;\"><strong>Utilizaban veh\u00edculos especialmente acondicionados:<\/strong><\/span><\/p>\n<ul>\n<li style=\"text-align: justify;\"><strong>PDI incaut\u00f3 m\u00e1s de 18 kilos de coca\u00edna y m\u00e1s de 60 de pasta base, avaluados en cerca de 1.300 millones de pesos.<\/strong><\/li>\n<\/ul>\n<p style=\"text-align: justify;\">Detectives de la Brigada Antinarc\u00f3ticos y contra el Crimen Organizado (Brianco) de la PDI de Los Andes, en una investigaci\u00f3n desarrollada con la Fiscal\u00eda Local, detuvieron a dos sujetos de nacionalidad colombiana, integrantes de una organizaci\u00f3n criminal dedicada a acondicionar e internar veh\u00edculos al pa\u00eds con droga oculta.<\/p>\n<p style=\"text-align: justify;\">Desde la PDI de Los Andes indicaron que de acuerdo a los antecedentes recabados por la Brianco, los imputados enviaban autom\u00f3viles hasta Bolivia, lugar en que eran modificados y posteriormente retornados a Chile, a trav\u00e9s de pasos fronterizos no habilitados.<\/p>\n<p style=\"text-align: justify;\">En el procedimiento se incautaron 18 Kilos 700 gramos de clorhidrato de coca\u00edna y 60 Kilos 370 gramos de coca\u00edna base, avaluados en cerca de 1.300 millones de pesos, los que se encontraban ocultos en el parachoques de un veh\u00edculo y que pretend\u00edan ser comercializados en la zona central.<\/p>\n<p style=\"text-align: justify;\">El tribunal decret\u00f3 prisi\u00f3n preventiva para <strong>O.E.G.N.<\/strong> (37) y <strong>A.F.C.R.<\/strong> (26)<\/p>\n<figure id=\"attachment_99739\" aria-describedby=\"caption-attachment-99739\" style=\"width: 580px\" class=\"wp-caption alignnone\"><img data-recalc-dims=\"1\" loading=\"lazy\" decoding=\"async\" class=\"size-full wp-image-99739\" src=\"https:\/\/i0.wp.com\/eltrabajo.cl\/portal\/wp-content\/uploads\/2020\/06\/Droga-2.jpg?resize=580%2C360&#038;ssl=1\" alt=\"Los veh\u00edculos eran enviados a Bolivia donde eran modificados para ocultar la droga en el parachoques.\" width=\"580\" height=\"360\" srcset=\"https:\/\/i0.wp.com\/eltrabajo.cl\/portal\/wp-content\/uploads\/2020\/06\/Droga-2.jpg?w=580&amp;ssl=1 580w, https:\/\/i0.wp.com\/eltrabajo.cl\/portal\/wp-content\/uploads\/2020\/06\/Droga-2.jpg?resize=300%2C186&amp;ssl=1 300w, https:\/\/i0.wp.com\/eltrabajo.cl\/portal\/wp-content\/uploads\/2020\/06\/Droga-2.jpg?resize=200%2C124&amp;ssl=1 200w, https:\/\/i0.wp.com\/eltrabajo.cl\/portal\/wp-content\/uploads\/2020\/06\/Droga-2.jpg?resize=150%2C93&amp;ssl=1 150w\" sizes=\"auto, (max-width: 580px) 100vw, 580px\" \/><figcaption id=\"caption-attachment-99739\" class=\"wp-caption-text\">Los veh\u00edculos eran enviados a Bolivia donde eran modificados para ocultar la droga en el parachoques.<\/figcaption><\/figure>\n<figure id=\"attachment_99740\" aria-describedby=\"caption-attachment-99740\" style=\"width: 580px\" class=\"wp-caption alignnone\"><img data-recalc-dims=\"1\" loading=\"lazy\" decoding=\"async\" class=\"size-full wp-image-99740\" src=\"https:\/\/i0.wp.com\/eltrabajo.cl\/portal\/wp-content\/uploads\/2020\/06\/Droga.jpg?resize=580%2C359&#038;ssl=1\" alt=\"Un total de 18 Kilos 700 gramos de clorhidrato de coca\u00edna y 60 Kilos 370 gramos de pasta base de coca\u00edna fueron incautados por personal de la PDI.\" width=\"580\" height=\"359\" srcset=\"https:\/\/i0.wp.com\/eltrabajo.cl\/portal\/wp-content\/uploads\/2020\/06\/Droga.jpg?w=580&amp;ssl=1 580w, https:\/\/i0.wp.com\/eltrabajo.cl\/portal\/wp-content\/uploads\/2020\/06\/Droga.jpg?resize=300%2C186&amp;ssl=1 300w, https:\/\/i0.wp.com\/eltrabajo.cl\/portal\/wp-content\/uploads\/2020\/06\/Droga.jpg?resize=200%2C124&amp;ssl=1 200w, https:\/\/i0.wp.com\/eltrabajo.cl\/portal\/wp-content\/uploads\/2020\/06\/Droga.jpg?resize=150%2C93&amp;ssl=1 150w\" sizes=\"auto, (max-width: 580px) 100vw, 580px\" \/><figcaption id=\"caption-attachment-99740\" class=\"wp-caption-text\">Un total de 18 Kilos 700 gramos de clorhidrato de coca\u00edna y 60 Kilos 370 gramos de pasta base de coca\u00edna fueron incautados por personal de la PDI.<\/figcaption><\/figure>\n","protected":false},"excerpt":{"rendered":"<p>Utilizaban veh\u00edculos especialmente acondicionados: PDI incaut\u00f3 m\u00e1s de 18 kilos de coca\u00edna y m\u00e1s de 60 de pasta base, avaluados en cerca de 1.300 millones de pesos. Detectives de la Brigada Antinarc\u00f3ticos&#8230;<\/p>\n","protected":false},"author":482,"featured_media":99739,"comment_status":"closed","ping_status":"closed","sticky":false,"template":"","format":"standard","meta":{"advanced_seo_description":"","jetpack_seo_html_title":"","jetpack_seo_noindex":false,"_jetpack_memberships_contains_paid_content":false,"footnotes":""},"categories":[21],"tags":[],"class_list":["post-99738","post","type-post","status-publish","format-standard","has-post-thumbnail","hentry","category-policial"],"jetpack_featured_media_url":"https:\/\/i0.wp.com\/eltrabajo.cl\/portal\/wp-content\/uploads\/2020\/06\/Droga-2.jpg?fit=580%2C360&ssl=1","jetpack_sharing_enabled":true,"jetpack_likes_enabled":true,"jetpack-related-posts":[],"_links":{"self":[{"href":"https:\/\/eltrabajo.cl\/portal\/wp-json\/wp\/v2\/posts\/99738","targetHints":{"allow":["GET"]}}],"collection":[{"href":"https:\/\/eltrabajo.cl\/portal\/wp-json\/wp\/v2\/posts"}],"about":[{"href":"https:\/\/eltrabajo.cl\/portal\/wp-json\/wp\/v2\/types\/post"}],"author":[{"embeddable":true,"href":"https:\/\/eltrabajo.cl\/portal\/wp-json\/wp\/v2\/users\/482"}],"replies":[{"embeddable":true,"href":"https:\/\/eltrabajo.cl\/portal\/wp-json\/wp\/v2\/comments?post=99738"}],"version-history":[{"count":0,"href":"https:\/\/eltrabajo.cl\/portal\/wp-json\/wp\/v2\/posts\/99738\/revisions"}],"wp:featuredmedia":[{"embeddable":true,"href":"https:\/\/eltrabajo.cl\/portal\/wp-json\/wp\/v2\/media\/99739"}],"wp:attachment":[{"href":"https:\/\/eltrabajo.cl\/portal\/wp-json\/wp\/v2\/media?parent=99738"}],"wp:term":[{"taxonomy":"category","embeddable":true,"href":"https:\/\/eltrabajo.cl\/portal\/wp-json\/wp\/v2\/categories?post=99738"},{"taxonomy":"post_tag","embeddable":true,"href":"https:\/\/eltrabajo.cl\/portal\/wp-json\/wp\/v2\/tags?post=99738"}],"curies":[{"name":"wp","href":"https:\/\/api.w.org\/{rel}","templated":true}]}}