{"id":99742,"date":"2020-06-19T07:40:13","date_gmt":"2020-06-19T11:40:13","guid":{"rendered":"https:\/\/www.eltrabajo.cl\/portal\/?p=99742"},"modified":"2020-06-18T20:24:57","modified_gmt":"2020-06-19T00:24:57","slug":"miserables-cuatreros-descuartizan-una-vaca-a-criancero-en-santa-filomena","status":"publish","type":"post","link":"https:\/\/eltrabajo.cl\/portal\/miserables-cuatreros-descuartizan-una-vaca-a-criancero-en-santa-filomena\/","title":{"rendered":"Miserables cuatreros descuartizan una vaca a criancero en Santa Filomena"},"content":{"rendered":"<p style=\"text-align: justify;\">Ser\u00e1 por hambre, por delinquir y vender carne, o por simplemente hacer da\u00f1o a su propietario, lo cierto del caso es que una ingrata sorpresa es la que se encontr\u00f3 el due\u00f1o de una vaca en Santa Filomena la ma\u00f1ana de ayer en la comuna de Santa Mar\u00eda, puntualmente en el callej\u00f3n Salesiano.<\/p>\n<p style=\"text-align: justify;\">Don <strong>Isa\u00edas Herrera<\/strong> puso la denuncia en Carabineros para que se investigara qui\u00e9n o qui\u00e9nes est\u00e1n haciendo estos da\u00f1os en Santa Filomena. Al animal lo descuartizaron y le sacaron sus cuartos traseros y delanteros, le desencarnaron las costillas y el lomo. Carabineros investiga el ataque.<\/p>\n<p style=\"text-align: justify;\"><strong>Roberto Gonz\u00e1lez Short<br \/>\n<\/strong><strong>(Fotos cortes\u00eda Emergencias Santa Mar\u00eda)<\/strong><\/p>\n<figure id=\"attachment_99744\" aria-describedby=\"caption-attachment-99744\" style=\"width: 580px\" class=\"wp-caption alignnone\"><img data-recalc-dims=\"1\" loading=\"lazy\" decoding=\"async\" class=\"size-full wp-image-99744\" src=\"https:\/\/i0.wp.com\/eltrabajo.cl\/portal\/wp-content\/uploads\/2020\/06\/Vaca2.jpg?resize=580%2C598&#038;ssl=1\" alt=\"EN ALERTA.- Los dem\u00e1s due\u00f1os de ganado en el sector deben estar en alerta, ahora que apareci\u00f3 el primer caso.\" width=\"580\" height=\"598\" srcset=\"https:\/\/i0.wp.com\/eltrabajo.cl\/portal\/wp-content\/uploads\/2020\/06\/Vaca2.jpg?w=580&amp;ssl=1 580w, https:\/\/i0.wp.com\/eltrabajo.cl\/portal\/wp-content\/uploads\/2020\/06\/Vaca2.jpg?resize=291%2C300&amp;ssl=1 291w, https:\/\/i0.wp.com\/eltrabajo.cl\/portal\/wp-content\/uploads\/2020\/06\/Vaca2.jpg?resize=145%2C150&amp;ssl=1 145w\" sizes=\"auto, (max-width: 580px) 100vw, 580px\" \/><figcaption id=\"caption-attachment-99744\" class=\"wp-caption-text\">EN ALERTA.- Los dem\u00e1s due\u00f1os de ganado en el sector deben estar en alerta, ahora que apareci\u00f3 el primer caso.<\/figcaption><\/figure>\n","protected":false},"excerpt":{"rendered":"<p>Ser\u00e1 por hambre, por delinquir y vender carne, o por simplemente hacer da\u00f1o a su propietario, lo cierto del caso es que una ingrata sorpresa es la que se encontr\u00f3 el due\u00f1o&#8230;<\/p>\n","protected":false},"author":482,"featured_media":99743,"comment_status":"closed","ping_status":"closed","sticky":false,"template":"","format":"standard","meta":{"advanced_seo_description":"","jetpack_seo_html_title":"","jetpack_seo_noindex":false,"_jetpack_memberships_contains_paid_content":false,"footnotes":""},"categories":[21],"tags":[],"class_list":["post-99742","post","type-post","status-publish","format-standard","has-post-thumbnail","hentry","category-policial"],"jetpack_featured_media_url":"https:\/\/i0.wp.com\/eltrabajo.cl\/portal\/wp-content\/uploads\/2020\/06\/Vaca1.jpg?fit=580%2C358&ssl=1","jetpack_sharing_enabled":true,"jetpack_likes_enabled":true,"jetpack-related-posts":[],"_links":{"self":[{"href":"https:\/\/eltrabajo.cl\/portal\/wp-json\/wp\/v2\/posts\/99742","targetHints":{"allow":["GET"]}}],"collection":[{"href":"https:\/\/eltrabajo.cl\/portal\/wp-json\/wp\/v2\/posts"}],"about":[{"href":"https:\/\/eltrabajo.cl\/portal\/wp-json\/wp\/v2\/types\/post"}],"author":[{"embeddable":true,"href":"https:\/\/eltrabajo.cl\/portal\/wp-json\/wp\/v2\/users\/482"}],"replies":[{"embeddable":true,"href":"https:\/\/eltrabajo.cl\/portal\/wp-json\/wp\/v2\/comments?post=99742"}],"version-history":[{"count":0,"href":"https:\/\/eltrabajo.cl\/portal\/wp-json\/wp\/v2\/posts\/99742\/revisions"}],"wp:featuredmedia":[{"embeddable":true,"href":"https:\/\/eltrabajo.cl\/portal\/wp-json\/wp\/v2\/media\/99743"}],"wp:attachment":[{"href":"https:\/\/eltrabajo.cl\/portal\/wp-json\/wp\/v2\/media?parent=99742"}],"wp:term":[{"taxonomy":"category","embeddable":true,"href":"https:\/\/eltrabajo.cl\/portal\/wp-json\/wp\/v2\/categories?post=99742"},{"taxonomy":"post_tag","embeddable":true,"href":"https:\/\/eltrabajo.cl\/portal\/wp-json\/wp\/v2\/tags?post=99742"}],"curies":[{"name":"wp","href":"https:\/\/api.w.org\/{rel}","templated":true}]}}