{"id":99746,"date":"2020-06-19T07:45:08","date_gmt":"2020-06-19T11:45:08","guid":{"rendered":"https:\/\/www.eltrabajo.cl\/portal\/?p=99746"},"modified":"2020-06-22T03:25:49","modified_gmt":"2020-06-22T07:25:49","slug":"familia-de-gitanos-la-esta-pasando-muy-mal-en-la-calle","status":"publish","type":"post","link":"https:\/\/eltrabajo.cl\/portal\/familia-de-gitanos-la-esta-pasando-muy-mal-en-la-calle\/","title":{"rendered":"Familia de gitanos la est\u00e1 pasando muy mal en la calle"},"content":{"rendered":"<p style=\"text-align: justify;\"><span style=\"color: #c81400;\"><strong>Viven en Tres Esquinas y piden monedas frente al Abcdin:<\/strong><\/span><\/p>\n<p style=\"text-align: justify;\">Estas dos personas, abuelo y nieta, y su grupo familiar que est\u00e1 compuesto por seis personas m\u00e1s, est\u00e1n viviendo en el sector de Tres Esquinas. Ellos se instalaron en calle Prat frente al ABCdin, a solicitar ayuda a los transe\u00fantes. Sus necesidades se incrementan como las de muchas personas, pareciera que para ellos no hay cajas de mercader\u00eda, sin embargo antes de cerrar esta peque\u00f1a nota el caso lleg\u00f3 a conocimiento del Jefe de Gabinete del alcalde Patricio Freire, <strong>Juan Guti\u00e9rrez<\/strong>, quien habl\u00f3 con el alcalde (S) Patricio Gonz\u00e1lez para gestionar dos cajas de mercader\u00eda a esta familia en pobreza extrema. Quienes deseen ayudar a esta familia gitana pueden contactar a <strong>Francisco Aristich<\/strong> al celular <strong>952331880<\/strong>.<\/p>\n<p style=\"text-align: justify;\"><strong>Roberto Gonz\u00e1lez Short<\/strong><\/p>\n<figure id=\"attachment_99747\" aria-describedby=\"caption-attachment-99747\" style=\"width: 580px\" class=\"wp-caption alignnone\"><img data-recalc-dims=\"1\" loading=\"lazy\" decoding=\"async\" class=\"size-full wp-image-99747\" src=\"https:\/\/i0.wp.com\/eltrabajo.cl\/portal\/wp-content\/uploads\/2020\/06\/Gitanos1.jpg?resize=580%2C358&#038;ssl=1\" alt=\"PIDEN EN LA CALLE.- Frente al Abcdin se instal\u00f3 Francisco y su nieta Dulce Almendra, una ayuda en efectivo no les caer\u00eda mal.\" width=\"580\" height=\"358\" srcset=\"https:\/\/i0.wp.com\/eltrabajo.cl\/portal\/wp-content\/uploads\/2020\/06\/Gitanos1.jpg?w=580&amp;ssl=1 580w, https:\/\/i0.wp.com\/eltrabajo.cl\/portal\/wp-content\/uploads\/2020\/06\/Gitanos1.jpg?resize=300%2C185&amp;ssl=1 300w, https:\/\/i0.wp.com\/eltrabajo.cl\/portal\/wp-content\/uploads\/2020\/06\/Gitanos1.jpg?resize=200%2C123&amp;ssl=1 200w, https:\/\/i0.wp.com\/eltrabajo.cl\/portal\/wp-content\/uploads\/2020\/06\/Gitanos1.jpg?resize=150%2C93&amp;ssl=1 150w\" sizes=\"auto, (max-width: 580px) 100vw, 580px\" \/><figcaption id=\"caption-attachment-99747\" class=\"wp-caption-text\">PIDEN EN LA CALLE.- Frente al Abcdin se instal\u00f3 Francisco y su nieta Dulce Almendra, una ayuda en efectivo no les caer\u00eda mal.<\/figcaption><\/figure>\n<figure id=\"attachment_99748\" aria-describedby=\"caption-attachment-99748\" style=\"width: 580px\" class=\"wp-caption alignnone\"><img data-recalc-dims=\"1\" loading=\"lazy\" decoding=\"async\" class=\"size-full wp-image-99748\" src=\"https:\/\/i0.wp.com\/eltrabajo.cl\/portal\/wp-content\/uploads\/2020\/06\/Gitanos2.jpg?resize=580%2C359&#038;ssl=1\" alt=\"AYUDA OPORTUNA.- Ayer mismo en horas de la tarde, Juan Guti\u00e9rrez entreg\u00f3 estas cajas de mercader\u00eda a la familia gitana que vive en Tres Esquinas.\" width=\"580\" height=\"359\" srcset=\"https:\/\/i0.wp.com\/eltrabajo.cl\/portal\/wp-content\/uploads\/2020\/06\/Gitanos2.jpg?w=580&amp;ssl=1 580w, https:\/\/i0.wp.com\/eltrabajo.cl\/portal\/wp-content\/uploads\/2020\/06\/Gitanos2.jpg?resize=300%2C186&amp;ssl=1 300w, https:\/\/i0.wp.com\/eltrabajo.cl\/portal\/wp-content\/uploads\/2020\/06\/Gitanos2.jpg?resize=200%2C124&amp;ssl=1 200w, https:\/\/i0.wp.com\/eltrabajo.cl\/portal\/wp-content\/uploads\/2020\/06\/Gitanos2.jpg?resize=150%2C93&amp;ssl=1 150w\" sizes=\"auto, (max-width: 580px) 100vw, 580px\" \/><figcaption id=\"caption-attachment-99748\" class=\"wp-caption-text\">AYUDA OPORTUNA.- Ayer mismo en horas de la tarde, Juan Guti\u00e9rrez entreg\u00f3 estas cajas de mercader\u00eda a la familia gitana que vive en Tres Esquinas.<\/figcaption><\/figure>\n","protected":false},"excerpt":{"rendered":"<p>Viven en Tres Esquinas y piden monedas frente al Abcdin: Estas dos personas, abuelo y nieta, y su grupo familiar que est\u00e1 compuesto por seis personas m\u00e1s, est\u00e1n viviendo en el sector&#8230;<\/p>\n","protected":false},"author":482,"featured_media":99747,"comment_status":"closed","ping_status":"closed","sticky":false,"template":"","format":"standard","meta":{"advanced_seo_description":"","jetpack_seo_html_title":"","jetpack_seo_noindex":false,"_jetpack_memberships_contains_paid_content":false,"footnotes":""},"categories":[15,105],"tags":[],"class_list":["post-99746","post","type-post","status-publish","format-standard","has-post-thumbnail","hentry","category-comunidad","category-covid-19"],"jetpack_featured_media_url":"https:\/\/i0.wp.com\/eltrabajo.cl\/portal\/wp-content\/uploads\/2020\/06\/Gitanos1.jpg?fit=580%2C358&ssl=1","jetpack_sharing_enabled":true,"jetpack_likes_enabled":true,"jetpack-related-posts":[],"_links":{"self":[{"href":"https:\/\/eltrabajo.cl\/portal\/wp-json\/wp\/v2\/posts\/99746","targetHints":{"allow":["GET"]}}],"collection":[{"href":"https:\/\/eltrabajo.cl\/portal\/wp-json\/wp\/v2\/posts"}],"about":[{"href":"https:\/\/eltrabajo.cl\/portal\/wp-json\/wp\/v2\/types\/post"}],"author":[{"embeddable":true,"href":"https:\/\/eltrabajo.cl\/portal\/wp-json\/wp\/v2\/users\/482"}],"replies":[{"embeddable":true,"href":"https:\/\/eltrabajo.cl\/portal\/wp-json\/wp\/v2\/comments?post=99746"}],"version-history":[{"count":0,"href":"https:\/\/eltrabajo.cl\/portal\/wp-json\/wp\/v2\/posts\/99746\/revisions"}],"wp:featuredmedia":[{"embeddable":true,"href":"https:\/\/eltrabajo.cl\/portal\/wp-json\/wp\/v2\/media\/99747"}],"wp:attachment":[{"href":"https:\/\/eltrabajo.cl\/portal\/wp-json\/wp\/v2\/media?parent=99746"}],"wp:term":[{"taxonomy":"category","embeddable":true,"href":"https:\/\/eltrabajo.cl\/portal\/wp-json\/wp\/v2\/categories?post=99746"},{"taxonomy":"post_tag","embeddable":true,"href":"https:\/\/eltrabajo.cl\/portal\/wp-json\/wp\/v2\/tags?post=99746"}],"curies":[{"name":"wp","href":"https:\/\/api.w.org\/{rel}","templated":true}]}}