{"id":99750,"date":"2020-06-19T07:50:35","date_gmt":"2020-06-19T11:50:35","guid":{"rendered":"https:\/\/www.eltrabajo.cl\/portal\/?p=99750"},"modified":"2020-06-18T20:30:52","modified_gmt":"2020-06-19T00:30:52","slug":"choques-siguen-sin-control-en-las-calles-del-damero-central-de-san-felipe","status":"publish","type":"post","link":"https:\/\/eltrabajo.cl\/portal\/choques-siguen-sin-control-en-las-calles-del-damero-central-de-san-felipe\/","title":{"rendered":"Choques siguen sin control en las calles del damero central de San Felipe"},"content":{"rendered":"<p style=\"text-align: justify;\">Una tarde de violencia en las calles de nuestra ciudad fue la que registraron ayer las c\u00e1maras de <strong>Diario El Trabajo<\/strong>. El primer accidente sucedi\u00f3 en Avenida Maip\u00fa despu\u00e9s de las 15:30 horas, cuando una camioneta adelant\u00f3 intempestivamente a una micro de la empresa Puma, sac\u00e1ndola de la calle y obligando su colisi\u00f3n contra un poste de alumbrado p\u00fablico de la empresa Chilquinta. En la micro no ven\u00edan pasajeros, ambas l\u00e1mparas del alumbrado cayeron al pavimento, mientras que profesionales del SAMU atendieron al conductor, quien result\u00f3 s\u00f3lo con golpes leves.<\/p>\n<p style=\"text-align: justify;\">\n<p style=\"text-align: justify;\"><span style=\"color: #c81400;\"><strong>SEGUNDO CHOQUE<\/strong><\/span><\/p>\n<p style=\"text-align: justify;\">El otro caso se registr\u00f3 cerca de las 16:00 horas en la esquina de San Mart\u00edn con Toromazote, cuando el conductor de un auto liviano que se desplazaba por Toromazote, donde existe disco Pare, colision\u00f3 a otro veh\u00edculo que ven\u00eda circulando por calle San Mart\u00edn. Los da\u00f1os fueron s\u00f3lo materiales.<\/p>\n<p style=\"text-align: justify;\"><strong>Roberto Gonz\u00e1lez Short<\/strong><\/p>\n<figure id=\"attachment_99751\" aria-describedby=\"caption-attachment-99751\" style=\"width: 580px\" class=\"wp-caption alignnone\"><img data-recalc-dims=\"1\" loading=\"lazy\" decoding=\"async\" class=\"size-full wp-image-99751\" src=\"https:\/\/i0.wp.com\/eltrabajo.cl\/portal\/wp-content\/uploads\/2020\/06\/Choques1.jpg?resize=580%2C359&#038;ssl=1\" alt=\"ATENDIDO EN EL LUGAR.- Tremendo susto se llev\u00f3 el conductor luego que una camioneta lo obligara a chocar contra un poste. Al fondo, le atiente un profesional del SAMU.\" width=\"580\" height=\"359\" srcset=\"https:\/\/i0.wp.com\/eltrabajo.cl\/portal\/wp-content\/uploads\/2020\/06\/Choques1.jpg?w=580&amp;ssl=1 580w, https:\/\/i0.wp.com\/eltrabajo.cl\/portal\/wp-content\/uploads\/2020\/06\/Choques1.jpg?resize=300%2C186&amp;ssl=1 300w, https:\/\/i0.wp.com\/eltrabajo.cl\/portal\/wp-content\/uploads\/2020\/06\/Choques1.jpg?resize=200%2C124&amp;ssl=1 200w, https:\/\/i0.wp.com\/eltrabajo.cl\/portal\/wp-content\/uploads\/2020\/06\/Choques1.jpg?resize=150%2C93&amp;ssl=1 150w\" sizes=\"auto, (max-width: 580px) 100vw, 580px\" \/><figcaption id=\"caption-attachment-99751\" class=\"wp-caption-text\">ATENDIDO EN EL LUGAR.- Tremendo susto se llev\u00f3 el conductor luego que una camioneta lo obligara a chocar contra un poste. Al fondo, le atiente un profesional del SAMU.<\/figcaption><\/figure>\n<figure id=\"attachment_99752\" aria-describedby=\"caption-attachment-99752\" style=\"width: 580px\" class=\"wp-caption alignnone\"><img data-recalc-dims=\"1\" loading=\"lazy\" decoding=\"async\" class=\"size-full wp-image-99752\" src=\"https:\/\/i0.wp.com\/eltrabajo.cl\/portal\/wp-content\/uploads\/2020\/06\/Choques2.jpg?resize=580%2C360&#038;ssl=1\" alt=\"PELIGRO AL VOLANTE.- Esta es la camioneta que gener\u00f3 la colisi\u00f3n de la micro de Puma contra un poste.\" width=\"580\" height=\"360\" srcset=\"https:\/\/i0.wp.com\/eltrabajo.cl\/portal\/wp-content\/uploads\/2020\/06\/Choques2.jpg?w=580&amp;ssl=1 580w, https:\/\/i0.wp.com\/eltrabajo.cl\/portal\/wp-content\/uploads\/2020\/06\/Choques2.jpg?resize=300%2C186&amp;ssl=1 300w, https:\/\/i0.wp.com\/eltrabajo.cl\/portal\/wp-content\/uploads\/2020\/06\/Choques2.jpg?resize=200%2C124&amp;ssl=1 200w, https:\/\/i0.wp.com\/eltrabajo.cl\/portal\/wp-content\/uploads\/2020\/06\/Choques2.jpg?resize=150%2C93&amp;ssl=1 150w\" sizes=\"auto, (max-width: 580px) 100vw, 580px\" \/><figcaption id=\"caption-attachment-99752\" class=\"wp-caption-text\">PELIGRO AL VOLANTE.- Esta es la camioneta que gener\u00f3 la colisi\u00f3n de la micro de Puma contra un poste.<\/figcaption><\/figure>\n<figure id=\"attachment_99753\" aria-describedby=\"caption-attachment-99753\" style=\"width: 580px\" class=\"wp-caption alignnone\"><img data-recalc-dims=\"1\" loading=\"lazy\" decoding=\"async\" class=\"size-full wp-image-99753\" src=\"https:\/\/i0.wp.com\/eltrabajo.cl\/portal\/wp-content\/uploads\/2020\/06\/Choques3.jpg?resize=580%2C359&#038;ssl=1\" alt=\"TREMENDO DESCUIDO.- As\u00ed qued\u00f3 el veh\u00edculo que se desplazaba por Toromazote, donde existe disco Pare.\" width=\"580\" height=\"359\" srcset=\"https:\/\/i0.wp.com\/eltrabajo.cl\/portal\/wp-content\/uploads\/2020\/06\/Choques3.jpg?w=580&amp;ssl=1 580w, https:\/\/i0.wp.com\/eltrabajo.cl\/portal\/wp-content\/uploads\/2020\/06\/Choques3.jpg?resize=300%2C186&amp;ssl=1 300w, https:\/\/i0.wp.com\/eltrabajo.cl\/portal\/wp-content\/uploads\/2020\/06\/Choques3.jpg?resize=200%2C124&amp;ssl=1 200w, https:\/\/i0.wp.com\/eltrabajo.cl\/portal\/wp-content\/uploads\/2020\/06\/Choques3.jpg?resize=150%2C93&amp;ssl=1 150w\" sizes=\"auto, (max-width: 580px) 100vw, 580px\" \/><figcaption id=\"caption-attachment-99753\" class=\"wp-caption-text\">TREMENDO DESCUIDO.- As\u00ed qued\u00f3 el veh\u00edculo que se desplazaba por Toromazote, donde existe disco Pare.<\/figcaption><\/figure>\n<figure id=\"attachment_99754\" aria-describedby=\"caption-attachment-99754\" style=\"width: 580px\" class=\"wp-caption alignnone\"><img data-recalc-dims=\"1\" loading=\"lazy\" decoding=\"async\" class=\"size-full wp-image-99754\" src=\"https:\/\/i0.wp.com\/eltrabajo.cl\/portal\/wp-content\/uploads\/2020\/06\/Choques4.jpg?resize=580%2C358&#038;ssl=1\" alt=\"PUDO SER PEOR.- El auto menor colisionado qued\u00f3 en media calle tras ser impactado en calle San Mart\u00edn.\" width=\"580\" height=\"358\" srcset=\"https:\/\/i0.wp.com\/eltrabajo.cl\/portal\/wp-content\/uploads\/2020\/06\/Choques4.jpg?w=580&amp;ssl=1 580w, https:\/\/i0.wp.com\/eltrabajo.cl\/portal\/wp-content\/uploads\/2020\/06\/Choques4.jpg?resize=300%2C185&amp;ssl=1 300w, https:\/\/i0.wp.com\/eltrabajo.cl\/portal\/wp-content\/uploads\/2020\/06\/Choques4.jpg?resize=200%2C123&amp;ssl=1 200w, https:\/\/i0.wp.com\/eltrabajo.cl\/portal\/wp-content\/uploads\/2020\/06\/Choques4.jpg?resize=150%2C93&amp;ssl=1 150w\" sizes=\"auto, (max-width: 580px) 100vw, 580px\" \/><figcaption id=\"caption-attachment-99754\" class=\"wp-caption-text\">PUDO SER PEOR.- El auto menor colisionado qued\u00f3 en media calle tras ser impactado en calle San Mart\u00edn.<\/figcaption><\/figure>\n<figure id=\"attachment_99755\" aria-describedby=\"caption-attachment-99755\" style=\"width: 580px\" class=\"wp-caption alignnone\"><img data-recalc-dims=\"1\" loading=\"lazy\" decoding=\"async\" class=\"size-full wp-image-99755\" src=\"https:\/\/i0.wp.com\/eltrabajo.cl\/portal\/wp-content\/uploads\/2020\/06\/Choques5.jpg?resize=580%2C674&#038;ssl=1\" alt=\"DISCO PARE.- Con claridad se aprecia en esta gr\u00e1fica el disco Pare existente en el lugar.\" width=\"580\" height=\"674\" srcset=\"https:\/\/i0.wp.com\/eltrabajo.cl\/portal\/wp-content\/uploads\/2020\/06\/Choques5.jpg?w=580&amp;ssl=1 580w, https:\/\/i0.wp.com\/eltrabajo.cl\/portal\/wp-content\/uploads\/2020\/06\/Choques5.jpg?resize=258%2C300&amp;ssl=1 258w, https:\/\/i0.wp.com\/eltrabajo.cl\/portal\/wp-content\/uploads\/2020\/06\/Choques5.jpg?resize=129%2C150&amp;ssl=1 129w\" sizes=\"auto, (max-width: 580px) 100vw, 580px\" \/><figcaption id=\"caption-attachment-99755\" class=\"wp-caption-text\">DISCO PARE.- Con claridad se aprecia en esta gr\u00e1fica el disco Pare existente en el lugar.<\/figcaption><\/figure>\n","protected":false},"excerpt":{"rendered":"<p>Una tarde de violencia en las calles de nuestra ciudad fue la que registraron ayer las c\u00e1maras de Diario El Trabajo. El primer accidente sucedi\u00f3 en Avenida Maip\u00fa despu\u00e9s de las 15:30&#8230;<\/p>\n","protected":false},"author":482,"featured_media":99751,"comment_status":"closed","ping_status":"closed","sticky":false,"template":"","format":"standard","meta":{"advanced_seo_description":"","jetpack_seo_html_title":"","jetpack_seo_noindex":false,"_jetpack_memberships_contains_paid_content":false,"footnotes":""},"categories":[21],"tags":[],"class_list":["post-99750","post","type-post","status-publish","format-standard","has-post-thumbnail","hentry","category-policial"],"jetpack_featured_media_url":"https:\/\/i0.wp.com\/eltrabajo.cl\/portal\/wp-content\/uploads\/2020\/06\/Choques1.jpg?fit=580%2C359&ssl=1","jetpack_sharing_enabled":true,"jetpack_likes_enabled":true,"jetpack-related-posts":[],"_links":{"self":[{"href":"https:\/\/eltrabajo.cl\/portal\/wp-json\/wp\/v2\/posts\/99750","targetHints":{"allow":["GET"]}}],"collection":[{"href":"https:\/\/eltrabajo.cl\/portal\/wp-json\/wp\/v2\/posts"}],"about":[{"href":"https:\/\/eltrabajo.cl\/portal\/wp-json\/wp\/v2\/types\/post"}],"author":[{"embeddable":true,"href":"https:\/\/eltrabajo.cl\/portal\/wp-json\/wp\/v2\/users\/482"}],"replies":[{"embeddable":true,"href":"https:\/\/eltrabajo.cl\/portal\/wp-json\/wp\/v2\/comments?post=99750"}],"version-history":[{"count":0,"href":"https:\/\/eltrabajo.cl\/portal\/wp-json\/wp\/v2\/posts\/99750\/revisions"}],"wp:featuredmedia":[{"embeddable":true,"href":"https:\/\/eltrabajo.cl\/portal\/wp-json\/wp\/v2\/media\/99751"}],"wp:attachment":[{"href":"https:\/\/eltrabajo.cl\/portal\/wp-json\/wp\/v2\/media?parent=99750"}],"wp:term":[{"taxonomy":"category","embeddable":true,"href":"https:\/\/eltrabajo.cl\/portal\/wp-json\/wp\/v2\/categories?post=99750"},{"taxonomy":"post_tag","embeddable":true,"href":"https:\/\/eltrabajo.cl\/portal\/wp-json\/wp\/v2\/tags?post=99750"}],"curies":[{"name":"wp","href":"https:\/\/api.w.org\/{rel}","templated":true}]}}