{"id":99757,"date":"2020-06-19T07:55:24","date_gmt":"2020-06-19T11:55:24","guid":{"rendered":"https:\/\/www.eltrabajo.cl\/portal\/?p=99757"},"modified":"2020-06-18T20:33:27","modified_gmt":"2020-06-19T00:33:27","slug":"ayer-sepultaron-al-vecino-mas-longevo-de-la-localidad-de-reinoso-en-catemu","status":"publish","type":"post","link":"https:\/\/eltrabajo.cl\/portal\/ayer-sepultaron-al-vecino-mas-longevo-de-la-localidad-de-reinoso-en-catemu\/","title":{"rendered":"Ayer sepultaron al vecino m\u00e1s longevo de la localidad de Reinoso en Catemu"},"content":{"rendered":"<p style=\"text-align: justify;\"><span style=\"color: #c81400;\"><strong>Ten\u00eda 77 a\u00f1os de casado:<\/strong><\/span><\/p>\n<p style=\"text-align: justify;\">El a\u00f1o pasado compartimos con nuestros lectores aquella hermosa historia de amor, una en la que dimos a conocer a un matrimonio de la comunidad de Reinoso, en Catemu, quienes llevan 78 a\u00f1os de vida matrimonial. Hablamos de don <strong>Alfredo Espinosa Espinosa<\/strong> (96) y su fiel compa\u00f1era <strong>Olga Orellana Moraga <\/strong>(95). Pues bien, hoy sin embargo tenemos que informar que don Alfredo Espinosa ha fallecido, su vida se fue apagando poco a poco y muri\u00f3 la tarde de ayer mi\u00e9rcoles.<\/p>\n<p style=\"text-align: justify;\">En esta oportunidad queremos tambi\u00e9n compartir con nuestros lectores un extracto de la entrevista que nos concedi\u00f3 en 2019 su esposa Olga, cuando celebrara su 77\u00ba aniversario de bodas.<\/p>\n<p style=\"text-align: justify;\">\u00ab<em>Nosotros \u00e9ramos amigos desde que est\u00e1bamos en la escuela, ah\u00ed nos conocimos. Fuimos creciendo y cuando ya ten\u00edamos como 16 y 17 a\u00f1os, pues nos pillaron, y al tiro nos obligaron a casarnos. Yo era la que m\u00e1s contenta estaba (\u2026) Llegaron los hijos pronto, \u00e9l siempre fue agricultor, y a m\u00ed no me quedaba m\u00e1s que criar guaguas, no tuve tiempo para nada m\u00e1s, criar guaguas, tuve trece hijos, tres ya fallecieron (\u2026) Nuestra vida fue dura, siempre nos hemos amado mucho, hicimos todo lo que deb\u00edamos para no separarnos nunca, mi esposo ha sido amoroso, muy responsable, y ahora con tanta descendencia tenemos tiempo para descansar, nuestros hijos nos cuidan muy bien, siento que hemos tenido una buena vida y doy gracias a Dios por tantos regalos recibidos\u00bb, <\/em>indic\u00f3 Olga en aquel momento.<\/p>\n<p style=\"text-align: justify;\">\n<p style=\"text-align: justify;\"><span style=\"color: #c81400;\"><strong>SE FUE TRANQUILO<\/strong><\/span><\/p>\n<p style=\"text-align: justify;\">La muerte de don Alfredo fue tranquila, de la manera m\u00e1s tranquila posible, su ahora viuda do\u00f1a Olga, sinti\u00f3 su partida y expres\u00f3 su angustia a la familia. El velatorio de este querido vecino se realiz\u00f3 ayer en Reinoso de Catemu, un pueblito peque\u00f1o de gente trabajadora. Sus funerales tambi\u00e9n se oficiaron ayer en horas de la tarde, pasando sus restos mortales al Cementerio Parroquial de la comuna en Santa Margarita.<\/p>\n<p style=\"text-align: justify;\">Seg\u00fan el recuento que esta enorme familia hizo para dar cuenta en esta entrevista, sus hijos reportan 33 nietos, 48 bisnietos y seis tataranietos. Todo el personal gerencial, administrativo y period\u00edstico de <strong>Diario El Trabajo<\/strong> nos unimos al sentimiento de P\u00e9rdida de esta extensa familia aconcag\u00fcina. Descansa en Paz Alfredo Espinosa Espinosa.<\/p>\n<p style=\"text-align: justify;\"><strong>Roberto Gonz\u00e1lez Short<\/strong><\/p>\n<p style=\"text-align: justify;\">\n<figure id=\"attachment_99758\" aria-describedby=\"caption-attachment-99758\" style=\"width: 580px\" class=\"wp-caption alignnone\"><img data-recalc-dims=\"1\" loading=\"lazy\" decoding=\"async\" class=\"size-full wp-image-99758\" src=\"https:\/\/i0.wp.com\/eltrabajo.cl\/portal\/wp-content\/uploads\/2020\/06\/Enamorado1.jpg?resize=580%2C359&#038;ssl=1\" alt=\"SU \u00daLTIMA FIESTA.- Aqu\u00ed vemos s\u00f3lo una peque\u00f1a parte de la extensa familia de don Alfredo, posando para las c\u00e1maras de Diario El Trabajo hace pocos meses.\" width=\"580\" height=\"359\" srcset=\"https:\/\/i0.wp.com\/eltrabajo.cl\/portal\/wp-content\/uploads\/2020\/06\/Enamorado1.jpg?w=580&amp;ssl=1 580w, https:\/\/i0.wp.com\/eltrabajo.cl\/portal\/wp-content\/uploads\/2020\/06\/Enamorado1.jpg?resize=300%2C186&amp;ssl=1 300w, https:\/\/i0.wp.com\/eltrabajo.cl\/portal\/wp-content\/uploads\/2020\/06\/Enamorado1.jpg?resize=200%2C124&amp;ssl=1 200w, https:\/\/i0.wp.com\/eltrabajo.cl\/portal\/wp-content\/uploads\/2020\/06\/Enamorado1.jpg?resize=150%2C93&amp;ssl=1 150w\" sizes=\"auto, (max-width: 580px) 100vw, 580px\" \/><figcaption id=\"caption-attachment-99758\" class=\"wp-caption-text\">SU \u00daLTIMA FIESTA.- Aqu\u00ed vemos s\u00f3lo una peque\u00f1a parte de la extensa familia de don Alfredo, posando para las c\u00e1maras de Diario El Trabajo hace pocos meses.<\/figcaption><\/figure>\n<figure id=\"attachment_99759\" aria-describedby=\"caption-attachment-99759\" style=\"width: 579px\" class=\"wp-caption alignnone\"><img data-recalc-dims=\"1\" loading=\"lazy\" decoding=\"async\" class=\"size-full wp-image-99759\" src=\"https:\/\/i0.wp.com\/eltrabajo.cl\/portal\/wp-content\/uploads\/2020\/06\/Enamorado2.jpg?resize=579%2C600&#038;ssl=1\" alt=\"AYER FUE SEPULTADO.- El velatorio de este querido vecino se realiz\u00f3 ayer en Reinoso de Catemu, pasando sus restos mortales al Cementerio Parroquial de la comuna en Santa Margarita en horas de la tarde.\" width=\"579\" height=\"600\" srcset=\"https:\/\/i0.wp.com\/eltrabajo.cl\/portal\/wp-content\/uploads\/2020\/06\/Enamorado2.jpg?w=579&amp;ssl=1 579w, https:\/\/i0.wp.com\/eltrabajo.cl\/portal\/wp-content\/uploads\/2020\/06\/Enamorado2.jpg?resize=290%2C300&amp;ssl=1 290w, https:\/\/i0.wp.com\/eltrabajo.cl\/portal\/wp-content\/uploads\/2020\/06\/Enamorado2.jpg?resize=145%2C150&amp;ssl=1 145w\" sizes=\"auto, (max-width: 579px) 100vw, 579px\" \/><figcaption id=\"caption-attachment-99759\" class=\"wp-caption-text\">AYER FUE SEPULTADO.- El velatorio de este querido vecino se realiz\u00f3 ayer en Reinoso de Catemu, pasando sus restos mortales al Cementerio Parroquial de la comuna en Santa Margarita en horas de la tarde.<\/figcaption><\/figure>\n<figure id=\"attachment_99760\" aria-describedby=\"caption-attachment-99760\" style=\"width: 580px\" class=\"wp-caption alignnone\"><img data-recalc-dims=\"1\" loading=\"lazy\" decoding=\"async\" class=\"size-full wp-image-99760\" src=\"https:\/\/i0.wp.com\/eltrabajo.cl\/portal\/wp-content\/uploads\/2020\/06\/Enamorado3.jpg?resize=580%2C359&#038;ssl=1\" alt=\"HASTA QUE LA MUERTE LOS SEPARE.- Alfredo y su esposa Olga vivieron casi 78 a\u00f1os casados, de esa uni\u00f3n nacieron muchos descendientes.\" width=\"580\" height=\"359\" srcset=\"https:\/\/i0.wp.com\/eltrabajo.cl\/portal\/wp-content\/uploads\/2020\/06\/Enamorado3.jpg?w=580&amp;ssl=1 580w, https:\/\/i0.wp.com\/eltrabajo.cl\/portal\/wp-content\/uploads\/2020\/06\/Enamorado3.jpg?resize=300%2C186&amp;ssl=1 300w, https:\/\/i0.wp.com\/eltrabajo.cl\/portal\/wp-content\/uploads\/2020\/06\/Enamorado3.jpg?resize=200%2C124&amp;ssl=1 200w, https:\/\/i0.wp.com\/eltrabajo.cl\/portal\/wp-content\/uploads\/2020\/06\/Enamorado3.jpg?resize=150%2C93&amp;ssl=1 150w\" sizes=\"auto, (max-width: 580px) 100vw, 580px\" \/><figcaption id=\"caption-attachment-99760\" class=\"wp-caption-text\">HASTA QUE LA MUERTE LOS SEPARE.- Alfredo y su esposa Olga vivieron casi 78 a\u00f1os casados, de esa uni\u00f3n nacieron muchos descendientes.<\/figcaption><\/figure>\n<figure id=\"attachment_99761\" aria-describedby=\"caption-attachment-99761\" style=\"width: 580px\" class=\"wp-caption alignnone\"><img data-recalc-dims=\"1\" loading=\"lazy\" decoding=\"async\" class=\"size-full wp-image-99761\" src=\"https:\/\/i0.wp.com\/eltrabajo.cl\/portal\/wp-content\/uploads\/2020\/06\/Enamorado_Alfredo-Espinosa.jpg?resize=580%2C600&#038;ssl=1\" alt=\"Alfredo Espinosa, fue sepultado ayer en Catemu.\" width=\"580\" height=\"600\" srcset=\"https:\/\/i0.wp.com\/eltrabajo.cl\/portal\/wp-content\/uploads\/2020\/06\/Enamorado_Alfredo-Espinosa.jpg?w=580&amp;ssl=1 580w, https:\/\/i0.wp.com\/eltrabajo.cl\/portal\/wp-content\/uploads\/2020\/06\/Enamorado_Alfredo-Espinosa.jpg?resize=290%2C300&amp;ssl=1 290w, https:\/\/i0.wp.com\/eltrabajo.cl\/portal\/wp-content\/uploads\/2020\/06\/Enamorado_Alfredo-Espinosa.jpg?resize=145%2C150&amp;ssl=1 145w\" sizes=\"auto, (max-width: 580px) 100vw, 580px\" \/><figcaption id=\"caption-attachment-99761\" class=\"wp-caption-text\">Alfredo Espinosa, fue sepultado ayer en Catemu.<\/figcaption><\/figure>\n","protected":false},"excerpt":{"rendered":"<p>Ten\u00eda 77 a\u00f1os de casado: El a\u00f1o pasado compartimos con nuestros lectores aquella hermosa historia de amor, una en la que dimos a conocer a un matrimonio de la comunidad de Reinoso,&#8230;<\/p>\n","protected":false},"author":482,"featured_media":99760,"comment_status":"closed","ping_status":"closed","sticky":false,"template":"","format":"standard","meta":{"advanced_seo_description":"","jetpack_seo_html_title":"","jetpack_seo_noindex":false,"_jetpack_memberships_contains_paid_content":false,"footnotes":""},"categories":[15],"tags":[],"class_list":["post-99757","post","type-post","status-publish","format-standard","has-post-thumbnail","hentry","category-comunidad"],"jetpack_featured_media_url":"https:\/\/i0.wp.com\/eltrabajo.cl\/portal\/wp-content\/uploads\/2020\/06\/Enamorado3.jpg?fit=580%2C359&ssl=1","jetpack_sharing_enabled":true,"jetpack_likes_enabled":true,"jetpack-related-posts":[],"_links":{"self":[{"href":"https:\/\/eltrabajo.cl\/portal\/wp-json\/wp\/v2\/posts\/99757","targetHints":{"allow":["GET"]}}],"collection":[{"href":"https:\/\/eltrabajo.cl\/portal\/wp-json\/wp\/v2\/posts"}],"about":[{"href":"https:\/\/eltrabajo.cl\/portal\/wp-json\/wp\/v2\/types\/post"}],"author":[{"embeddable":true,"href":"https:\/\/eltrabajo.cl\/portal\/wp-json\/wp\/v2\/users\/482"}],"replies":[{"embeddable":true,"href":"https:\/\/eltrabajo.cl\/portal\/wp-json\/wp\/v2\/comments?post=99757"}],"version-history":[{"count":0,"href":"https:\/\/eltrabajo.cl\/portal\/wp-json\/wp\/v2\/posts\/99757\/revisions"}],"wp:featuredmedia":[{"embeddable":true,"href":"https:\/\/eltrabajo.cl\/portal\/wp-json\/wp\/v2\/media\/99760"}],"wp:attachment":[{"href":"https:\/\/eltrabajo.cl\/portal\/wp-json\/wp\/v2\/media?parent=99757"}],"wp:term":[{"taxonomy":"category","embeddable":true,"href":"https:\/\/eltrabajo.cl\/portal\/wp-json\/wp\/v2\/categories?post=99757"},{"taxonomy":"post_tag","embeddable":true,"href":"https:\/\/eltrabajo.cl\/portal\/wp-json\/wp\/v2\/tags?post=99757"}],"curies":[{"name":"wp","href":"https:\/\/api.w.org\/{rel}","templated":true}]}}