{"id":99763,"date":"2020-06-19T08:00:55","date_gmt":"2020-06-19T12:00:55","guid":{"rendered":"https:\/\/www.eltrabajo.cl\/portal\/?p=99763"},"modified":"2020-06-18T20:35:41","modified_gmt":"2020-06-19T00:35:41","slug":"jovenes-con-armas-de-fuego-ingresan-a-domicilio-para-asaltar-a-sus-duenos","status":"publish","type":"post","link":"https:\/\/eltrabajo.cl\/portal\/jovenes-con-armas-de-fuego-ingresan-a-domicilio-para-asaltar-a-sus-duenos\/","title":{"rendered":"J\u00f3venes con armas de fuego ingresan a domicilio para asaltar a sus due\u00f1os"},"content":{"rendered":"<p style=\"text-align: justify;\"><span style=\"color: #c81400;\"><strong>Alarmas de los vecinos ahuyentaron a los maleantes:<\/strong><\/span><\/p>\n<ul>\n<li style=\"text-align: justify;\"><strong>Conmoci\u00f3n provoc\u00f3 inusitado hecho de violencia a plena luz del d\u00eda en una vivienda particular en la Villa El Se\u00f1orial.<\/strong><\/li>\n<\/ul>\n<p style=\"text-align: justify;\">Este d\u00eda mi\u00e9rcoles en la tarde, dos sujetos j\u00f3venes provistos de armas de fuego ingresaron a un domicilio en la Villa El Se\u00f1or\u00edal, para asaltar a sus moradores, sin embargo la activaci\u00f3n de alarmas por parte de vecinos evit\u00f3 que lograran su cometido.<\/p>\n<p style=\"text-align: justify;\">Este hecho fue en la intersecci\u00f3n de las calles Julio Montero con Aristodema Jorquera.<\/p>\n<p style=\"text-align: justify;\">La informaci\u00f3n fue confirmada por la presidente de la junta de vecinos, \u00c9rika \u00c1lvarez: <em>\u00abS\u00ed, entraron dos delincuentes a una casa. Para entrar doblaron las puntas de la reja y as\u00ed pudieron entrar. Los vecinos estaban adentro, hubo un forcejeo. Yo creo que andaban buscando plata, cosas as\u00ed, pero no hab\u00eda nada, fue un gran susto de los vecinos, porque nadie se espera estas cosas de un momento a otro\u00bb,<\/em> dijo.<\/p>\n<p style=\"text-align: justify;\">&#8211; <strong>\u00bfC\u00f3mo a qu\u00e9 hora fue esto?<\/strong><\/p>\n<p style=\"text-align: justify;\">&#8211; Esto fue como a las cinco y media de la tarde\u2026 un cuarto para las seis de este d\u00eda mi\u00e9rcoles, ellos andaban armados.<\/p>\n<p style=\"text-align: justify;\">&#8211; <strong>\u00bfLograron identificar las armas, eran pistolas o algo as\u00ed?<\/strong><\/p>\n<p style=\"text-align: justify;\">&#8211; Est\u00e1n con pistolas, porque en las c\u00e1maras salen ellos, andan las im\u00e1genes dando vuelta. Carabineros dice que no los pudo atrapar porque se dieron a la fuga r\u00e1pidamente. Bueno, se sabe que hace rato nosotros estamos viendo el tema de seguridad de los vecinos de la villa y por esto nos sentimos mal, s\u00faper mal.<\/p>\n<p style=\"text-align: justify;\">&#8211; <strong>\u00bfC\u00f3mo qued\u00f3 el matrimonio, se trata de adultos mayores, adultos o j\u00f3venes?<\/strong><\/p>\n<p style=\"text-align: justify;\">&#8211; S\u00ed, son personas adultas y un joven que viv\u00eda con ellos.<\/p>\n<p style=\"text-align: justify;\">&#8211; <strong>\u00bfC\u00f3mo est\u00e1n ellos, qu\u00e9 supieron ustedes?<\/strong><\/p>\n<p style=\"text-align: justify;\">&#8211; El joven est\u00e1 mal, est\u00e1 choqueado, a \u00e9l lo tiraron al suelo, lo apuntaron con la pistola; est\u00e1 mal, choqueado hasta el d\u00eda de hoy. Tenemos un WhatsApp donde escribe cosas, entonces es terrible eso porque uno puede decirle que se calme un poco, porque a cualquiera le puede pasar tantas cosas, porque en el momento uno no se lo espera, nadie se espera que alguien entre a su casa de forma tan violenta.<\/p>\n<p style=\"text-align: justify;\">&#8211; <strong>\u00bfEl matrimonio est\u00e1 bien?<\/strong><\/p>\n<p style=\"text-align: justify;\">&#8211; S\u00ed, est\u00e1 bien, el susto podr\u00eda haber pasado a mayores.<\/p>\n<p style=\"text-align: justify;\">&#8211; <strong>\u00bfNo les robaron nada?<\/strong><\/p>\n<p style=\"text-align: justify;\">&#8211; No, se arrancaron porque los vecinos empezaron a tocar las alarmas y se asustaron.<\/p>\n<p style=\"text-align: justify;\">Explica que estas alarmas son las que aport\u00f3 la municipalidad en un plan de seguridad: <em>\u00abS\u00ed ayudaron pr\u00e1cticamente y nosotros nos ponemos de acuerdo para tocar a cierta hora, la delincuencia ac\u00e1 ya est\u00e1 desatada\u00bb,<\/em> finaliz\u00f3.<\/p>\n<p style=\"text-align: justify;\">En nuestra edici\u00f3n de ayer tambi\u00e9n hac\u00edan patente sus denuncias por los robos de accesorios y bater\u00edas de veh\u00edculos estacionados en la v\u00eda p\u00fablica.<\/p>\n<figure id=\"attachment_99765\" aria-describedby=\"caption-attachment-99765\" style=\"width: 580px\" class=\"wp-caption alignnone\"><img data-recalc-dims=\"1\" loading=\"lazy\" decoding=\"async\" class=\"size-full wp-image-99765\" src=\"https:\/\/i0.wp.com\/eltrabajo.cl\/portal\/wp-content\/uploads\/2020\/06\/Sujetos.jpg?resize=580%2C580&#038;ssl=1\" alt=\"Ac\u00e1 se aprecia a los sujetos con armas de fuego afuera del inmueble doblando las puntas de la reja para ingresar.\" width=\"580\" height=\"580\" srcset=\"https:\/\/i0.wp.com\/eltrabajo.cl\/portal\/wp-content\/uploads\/2020\/06\/Sujetos.jpg?w=580&amp;ssl=1 580w, https:\/\/i0.wp.com\/eltrabajo.cl\/portal\/wp-content\/uploads\/2020\/06\/Sujetos.jpg?resize=300%2C300&amp;ssl=1 300w, https:\/\/i0.wp.com\/eltrabajo.cl\/portal\/wp-content\/uploads\/2020\/06\/Sujetos.jpg?resize=150%2C150&amp;ssl=1 150w\" sizes=\"auto, (max-width: 580px) 100vw, 580px\" \/><figcaption id=\"caption-attachment-99765\" class=\"wp-caption-text\">Ac\u00e1 se aprecia a los sujetos con armas de fuego afuera del inmueble doblando las puntas de la reja para ingresar.<\/figcaption><\/figure>\n","protected":false},"excerpt":{"rendered":"<p>Alarmas de los vecinos ahuyentaron a los maleantes: Conmoci\u00f3n provoc\u00f3 inusitado hecho de violencia a plena luz del d\u00eda en una vivienda particular en la Villa El Se\u00f1orial. Este d\u00eda mi\u00e9rcoles en&#8230;<\/p>\n","protected":false},"author":482,"featured_media":99764,"comment_status":"closed","ping_status":"closed","sticky":false,"template":"","format":"standard","meta":{"advanced_seo_description":"","jetpack_seo_html_title":"","jetpack_seo_noindex":false,"_jetpack_memberships_contains_paid_content":false,"footnotes":""},"categories":[21],"tags":[],"class_list":["post-99763","post","type-post","status-publish","format-standard","has-post-thumbnail","hentry","category-policial"],"jetpack_featured_media_url":"https:\/\/i0.wp.com\/eltrabajo.cl\/portal\/wp-content\/uploads\/2020\/06\/Sujetos-copia.jpg?fit=580%2C358&ssl=1","jetpack_sharing_enabled":true,"jetpack_likes_enabled":true,"jetpack-related-posts":[],"_links":{"self":[{"href":"https:\/\/eltrabajo.cl\/portal\/wp-json\/wp\/v2\/posts\/99763","targetHints":{"allow":["GET"]}}],"collection":[{"href":"https:\/\/eltrabajo.cl\/portal\/wp-json\/wp\/v2\/posts"}],"about":[{"href":"https:\/\/eltrabajo.cl\/portal\/wp-json\/wp\/v2\/types\/post"}],"author":[{"embeddable":true,"href":"https:\/\/eltrabajo.cl\/portal\/wp-json\/wp\/v2\/users\/482"}],"replies":[{"embeddable":true,"href":"https:\/\/eltrabajo.cl\/portal\/wp-json\/wp\/v2\/comments?post=99763"}],"version-history":[{"count":0,"href":"https:\/\/eltrabajo.cl\/portal\/wp-json\/wp\/v2\/posts\/99763\/revisions"}],"wp:featuredmedia":[{"embeddable":true,"href":"https:\/\/eltrabajo.cl\/portal\/wp-json\/wp\/v2\/media\/99764"}],"wp:attachment":[{"href":"https:\/\/eltrabajo.cl\/portal\/wp-json\/wp\/v2\/media?parent=99763"}],"wp:term":[{"taxonomy":"category","embeddable":true,"href":"https:\/\/eltrabajo.cl\/portal\/wp-json\/wp\/v2\/categories?post=99763"},{"taxonomy":"post_tag","embeddable":true,"href":"https:\/\/eltrabajo.cl\/portal\/wp-json\/wp\/v2\/tags?post=99763"}],"curies":[{"name":"wp","href":"https:\/\/api.w.org\/{rel}","templated":true}]}}