{"id":99895,"date":"2020-06-22T07:20:56","date_gmt":"2020-06-22T11:20:56","guid":{"rendered":"https:\/\/www.eltrabajo.cl\/portal\/?p=99895"},"modified":"2020-06-21T19:31:22","modified_gmt":"2020-06-21T23:31:22","slug":"equipo-femenino-de-union-san-felipe-debera-esperar-hasta-el-2021-para-su-estreno","status":"publish","type":"post","link":"https:\/\/eltrabajo.cl\/portal\/equipo-femenino-de-union-san-felipe-debera-esperar-hasta-el-2021-para-su-estreno\/","title":{"rendered":"Equipo femenino de Uni\u00f3n San Felipe deber\u00e1 esperar hasta el 2021 para su estreno"},"content":{"rendered":"<p style=\"text-align: justify;\">Dentro de las resoluciones importantes, y por qu\u00e9 no decirlo, dolorosas, que ha debido tomar el f\u00fatbol profesional chileno para hacer frente a la pandemia del Covid-19, sobresale la que tiene relaci\u00f3n con los torneos de mujeres, donde este a\u00f1o habr\u00eda dos divisiones.<\/p>\n<p style=\"text-align: justify;\">Este 2020 estar\u00eda marcado por el estreno del equipo femenino de Uni\u00f3n San Felipe, el que formar\u00eda parte de la serie B, el conjunto albirrojo tiene ya definido su cuerpo t\u00e9cnico, que ser\u00e1 encabezado por Alejo Rodr\u00edguez; mientras que su centro de operaciones ser\u00eda la comuna de Calle Larga; pero todo por ahora qued\u00f3 pospuesto para el 2021, siempre y cuando la pandemia ya haya sido controlada.<\/p>\n<p style=\"text-align: justify;\">Los que, si podr\u00e1n jugar su liga, ser\u00e1n los clubes de la Primera Divisi\u00f3n, torneo que tendr\u00e1 la modalidad de transici\u00f3n y en el cual participaran 16 equipos adultos en la modalidad de dos grupos de ocho equipos cada uno.<\/p>\n<p style=\"text-align: justify;\">\u00ab<em>Para tomar la determinaci\u00f3n de suspender el F\u00fatbol Femenino juvenil y la Primera B<\/em> (mujeres), <em>se consideraron variables como la complejidad de llevar a cabo dos categor\u00edas simult\u00e1neas debido a los espacios, a la cantidad de personas que participan en la operaci\u00f3n<\/em>\u00bb, inform\u00f3 por medio de su sitio web la ANFP, para explicar la medida.<\/p>\n<p><strong>Jorge Vega Oses<\/strong><\/p>\n<figure id=\"attachment_99896\" aria-describedby=\"caption-attachment-99896\" style=\"width: 580px\" class=\"wp-caption alignnone\"><img data-recalc-dims=\"1\" loading=\"lazy\" decoding=\"async\" class=\"wp-image-99896 size-full\" src=\"https:\/\/i0.wp.com\/eltrabajo.cl\/portal\/wp-content\/uploads\/2020\/06\/mujeres.jpg?resize=580%2C359&#038;ssl=1\" alt=\"El 2021 se producir\u00e1 el estreno del Un\u00ed Un\u00ed en el torneo de mujeres de la ANFP. \" width=\"580\" height=\"359\" srcset=\"https:\/\/i0.wp.com\/eltrabajo.cl\/portal\/wp-content\/uploads\/2020\/06\/mujeres.jpg?w=580&amp;ssl=1 580w, https:\/\/i0.wp.com\/eltrabajo.cl\/portal\/wp-content\/uploads\/2020\/06\/mujeres.jpg?resize=300%2C186&amp;ssl=1 300w, https:\/\/i0.wp.com\/eltrabajo.cl\/portal\/wp-content\/uploads\/2020\/06\/mujeres.jpg?resize=200%2C124&amp;ssl=1 200w, https:\/\/i0.wp.com\/eltrabajo.cl\/portal\/wp-content\/uploads\/2020\/06\/mujeres.jpg?resize=150%2C93&amp;ssl=1 150w\" sizes=\"auto, (max-width: 580px) 100vw, 580px\" \/><figcaption id=\"caption-attachment-99896\" class=\"wp-caption-text\">El 2021 se producir\u00e1 el estreno del Un\u00ed Un\u00ed en el torneo de mujeres de la ANFP.<\/figcaption><\/figure>\n","protected":false},"excerpt":{"rendered":"<p>Dentro de las resoluciones importantes, y por qu\u00e9 no decirlo, dolorosas, que ha debido tomar el f\u00fatbol profesional chileno para hacer frente a la pandemia del Covid-19, sobresale la que tiene relaci\u00f3n&#8230;<\/p>\n","protected":false},"author":482,"featured_media":99896,"comment_status":"closed","ping_status":"closed","sticky":false,"template":"","format":"standard","meta":{"advanced_seo_description":"","jetpack_seo_html_title":"","jetpack_seo_noindex":false,"_jetpack_memberships_contains_paid_content":false,"footnotes":""},"categories":[19],"tags":[],"class_list":["post-99895","post","type-post","status-publish","format-standard","has-post-thumbnail","hentry","category-deportes"],"jetpack_featured_media_url":"https:\/\/i0.wp.com\/eltrabajo.cl\/portal\/wp-content\/uploads\/2020\/06\/mujeres.jpg?fit=580%2C359&ssl=1","jetpack_sharing_enabled":true,"jetpack_likes_enabled":true,"jetpack-related-posts":[],"_links":{"self":[{"href":"https:\/\/eltrabajo.cl\/portal\/wp-json\/wp\/v2\/posts\/99895","targetHints":{"allow":["GET"]}}],"collection":[{"href":"https:\/\/eltrabajo.cl\/portal\/wp-json\/wp\/v2\/posts"}],"about":[{"href":"https:\/\/eltrabajo.cl\/portal\/wp-json\/wp\/v2\/types\/post"}],"author":[{"embeddable":true,"href":"https:\/\/eltrabajo.cl\/portal\/wp-json\/wp\/v2\/users\/482"}],"replies":[{"embeddable":true,"href":"https:\/\/eltrabajo.cl\/portal\/wp-json\/wp\/v2\/comments?post=99895"}],"version-history":[{"count":0,"href":"https:\/\/eltrabajo.cl\/portal\/wp-json\/wp\/v2\/posts\/99895\/revisions"}],"wp:featuredmedia":[{"embeddable":true,"href":"https:\/\/eltrabajo.cl\/portal\/wp-json\/wp\/v2\/media\/99896"}],"wp:attachment":[{"href":"https:\/\/eltrabajo.cl\/portal\/wp-json\/wp\/v2\/media?parent=99895"}],"wp:term":[{"taxonomy":"category","embeddable":true,"href":"https:\/\/eltrabajo.cl\/portal\/wp-json\/wp\/v2\/categories?post=99895"},{"taxonomy":"post_tag","embeddable":true,"href":"https:\/\/eltrabajo.cl\/portal\/wp-json\/wp\/v2\/tags?post=99895"}],"curies":[{"name":"wp","href":"https:\/\/api.w.org\/{rel}","templated":true}]}}