{"id":99901,"date":"2020-06-22T07:30:26","date_gmt":"2020-06-22T11:30:26","guid":{"rendered":"https:\/\/www.eltrabajo.cl\/portal\/?p=99901"},"modified":"2020-06-21T19:36:09","modified_gmt":"2020-06-21T23:36:09","slug":"gran-acogida-alcanzo-la-actividad-portadas-del-futuro-en-curimon","status":"publish","type":"post","link":"https:\/\/eltrabajo.cl\/portal\/gran-acogida-alcanzo-la-actividad-portadas-del-futuro-en-curimon\/","title":{"rendered":"Gran acogida alcanz\u00f3 la actividad \u00abPortadas del Futuro\u00bb en Curim\u00f3n"},"content":{"rendered":"<ul style=\"text-align: justify;\">\n<li><strong> La iniciativa, impulsada por el programa Vivo Curim\u00f3n de Fundaci\u00f3n Lepe, recibi\u00f3 m\u00e1s de 80 portadas, siendo elegida como la gran ganadora la de Jos\u00e9 Tom\u00e1s Figueroa, alumno de 8\u00ba b\u00e1sico de la escuela de Bucalemu , quien hace alusi\u00f3n al fin de la sequ\u00eda y la tan anhelada restauraci\u00f3n de la Iglesia de San Francisco, de la mencionada localidad.<\/strong><\/li>\n<\/ul>\n<p style=\"text-align: justify;\">Una excelente convocatoria tuvo la iniciativa realizada por el programa <strong>\u2018Vivo Curim\u00f3n\u2019<\/strong>, de Fundaci\u00f3n Lepe,\u00a0 que invitaba\u00a0 a la comunidad del Valle del Aconcagua a dise\u00f1ar su \u2018Portada del Futuro\u2019. La iniciativa, enmarcada en la conmemoraci\u00f3n del D\u00eda del Patrimonio, y que este a\u00f1o por motivos de la pandemia mundial fue postergada en su versi\u00f3n tradicional, logr\u00f3 una gran acogida por parte de la comunidad.<\/p>\n<p style=\"text-align: justify;\">Fueron cerca de un centenar de portadas las que llegaron desde diferentes lugares, tales como Curim\u00f3n y sus alrededores, localidades como Cari\u00f1o Botado, Los Andes y San Felipe. Tambi\u00e9n se sumaron a la iniciativa establecimientos educacionales como la Escuela de Bucalemu; la Escuela Carmela Carvajal, y\u00a0el Jard\u00edn Infantil Conejitos Saltarines, estos dos \u00faltimos pertenecientes a Curim\u00f3n.<\/p>\n<p style=\"text-align: justify;\">En la oportunidad, se abordaron diversas tem\u00e1ticas vinculadas al patrimonio, destacando la restauraci\u00f3n de la iglesia y museo San Francisco de Curim\u00f3n, la recuperaci\u00f3n de la antigua estaci\u00f3n de trenes y la desprivatizaci\u00f3n del agua, adem\u00e1s de la sequ\u00eda en el Valle del Aconcagua.<\/p>\n<p style=\"text-align: justify;\"><strong>Natalia Garc\u00eda Huidobro<\/strong>, directora ejecutiva de Fundaci\u00f3n Lepe, explic\u00f3 que <em>\u00abcomo Fundaci\u00f3n fue muy gratificante la buena recepci\u00f3n que tuvo esta actividad, la que permiti\u00f3 generar una instancia para pensar cosas positivas para el futuro de las comunidades. Adem\u00e1s, con esta actividad pudimos constatar que tanto ni\u00f1os y j\u00f3venes est\u00e1n muy involucrados con las tem\u00e1ticas territoriales, pensando siempre en el bien com\u00fan. La portada ganadora es muy buen ejemplo de ello\u00bb.<\/em><\/p>\n<p style=\"text-align: justify;\">La \u2018Portada del Futuro\u2019 ganadora, junto a las que participaron de esta iniciativa, se encontrar\u00e1n disponibles en la p\u00e1gina de Facebook del programa Vivo Curim\u00f3n, que impulsa Fundaci\u00f3n Lepe.<\/p>\n<figure id=\"attachment_99903\" aria-describedby=\"caption-attachment-99903\" style=\"width: 579px\" class=\"wp-caption alignnone\"><img data-recalc-dims=\"1\" loading=\"lazy\" decoding=\"async\" class=\"size-full wp-image-99903\" src=\"https:\/\/i0.wp.com\/eltrabajo.cl\/portal\/wp-content\/uploads\/2020\/06\/portada-ganadora.jpg?resize=579%2C714&#038;ssl=1\" alt=\"Esta es la portada ganadora confeccionada por Jos\u00e9 Tom\u00e1s Figueroa C\u00e1rcamo.\" width=\"579\" height=\"714\" srcset=\"https:\/\/i0.wp.com\/eltrabajo.cl\/portal\/wp-content\/uploads\/2020\/06\/portada-ganadora.jpg?w=579&amp;ssl=1 579w, https:\/\/i0.wp.com\/eltrabajo.cl\/portal\/wp-content\/uploads\/2020\/06\/portada-ganadora.jpg?resize=243%2C300&amp;ssl=1 243w, https:\/\/i0.wp.com\/eltrabajo.cl\/portal\/wp-content\/uploads\/2020\/06\/portada-ganadora.jpg?resize=122%2C150&amp;ssl=1 122w\" sizes=\"auto, (max-width: 579px) 100vw, 579px\" \/><figcaption id=\"caption-attachment-99903\" class=\"wp-caption-text\">Esta es la portada ganadora confeccionada por Jos\u00e9 Tom\u00e1s Figueroa C\u00e1rcamo.<\/figcaption><\/figure>\n","protected":false},"excerpt":{"rendered":"<p>La iniciativa, impulsada por el programa Vivo Curim\u00f3n de Fundaci\u00f3n Lepe, recibi\u00f3 m\u00e1s de 80 portadas, siendo elegida como la gran ganadora la de Jos\u00e9 Tom\u00e1s Figueroa, alumno de 8\u00ba b\u00e1sico de&#8230;<\/p>\n","protected":false},"author":482,"featured_media":99902,"comment_status":"closed","ping_status":"closed","sticky":false,"template":"","format":"standard","meta":{"advanced_seo_description":"","jetpack_seo_html_title":"","jetpack_seo_noindex":false,"_jetpack_memberships_contains_paid_content":false,"footnotes":""},"categories":[15],"tags":[],"class_list":["post-99901","post","type-post","status-publish","format-standard","has-post-thumbnail","hentry","category-comunidad"],"jetpack_featured_media_url":"https:\/\/i0.wp.com\/eltrabajo.cl\/portal\/wp-content\/uploads\/2020\/06\/portada-ganadora-copia.jpg?fit=580%2C360&ssl=1","jetpack_sharing_enabled":true,"jetpack_likes_enabled":true,"jetpack-related-posts":[],"_links":{"self":[{"href":"https:\/\/eltrabajo.cl\/portal\/wp-json\/wp\/v2\/posts\/99901","targetHints":{"allow":["GET"]}}],"collection":[{"href":"https:\/\/eltrabajo.cl\/portal\/wp-json\/wp\/v2\/posts"}],"about":[{"href":"https:\/\/eltrabajo.cl\/portal\/wp-json\/wp\/v2\/types\/post"}],"author":[{"embeddable":true,"href":"https:\/\/eltrabajo.cl\/portal\/wp-json\/wp\/v2\/users\/482"}],"replies":[{"embeddable":true,"href":"https:\/\/eltrabajo.cl\/portal\/wp-json\/wp\/v2\/comments?post=99901"}],"version-history":[{"count":0,"href":"https:\/\/eltrabajo.cl\/portal\/wp-json\/wp\/v2\/posts\/99901\/revisions"}],"wp:featuredmedia":[{"embeddable":true,"href":"https:\/\/eltrabajo.cl\/portal\/wp-json\/wp\/v2\/media\/99902"}],"wp:attachment":[{"href":"https:\/\/eltrabajo.cl\/portal\/wp-json\/wp\/v2\/media?parent=99901"}],"wp:term":[{"taxonomy":"category","embeddable":true,"href":"https:\/\/eltrabajo.cl\/portal\/wp-json\/wp\/v2\/categories?post=99901"},{"taxonomy":"post_tag","embeddable":true,"href":"https:\/\/eltrabajo.cl\/portal\/wp-json\/wp\/v2\/tags?post=99901"}],"curies":[{"name":"wp","href":"https:\/\/api.w.org\/{rel}","templated":true}]}}