{"id":99905,"date":"2020-06-22T07:35:20","date_gmt":"2020-06-22T11:35:20","guid":{"rendered":"https:\/\/www.eltrabajo.cl\/portal\/?p=99905"},"modified":"2020-06-21T19:38:23","modified_gmt":"2020-06-21T23:38:23","slug":"hallan-sin-vida-a-conocida-estilista-sanfelipena-en-poblacion-la-escuadra","status":"publish","type":"post","link":"https:\/\/eltrabajo.cl\/portal\/hallan-sin-vida-a-conocida-estilista-sanfelipena-en-poblacion-la-escuadra\/","title":{"rendered":"Hallan sin vida a conocida estilista sanfelipe\u00f1a en poblaci\u00f3n La Escuadra"},"content":{"rendered":"<p style=\"text-align: justify;\">Una penosa partida de una conocida estilista sanfelipe\u00f1a fue la que ocurri\u00f3 la noche de este viernes en su casa de habitaci\u00f3n en La Escuadra, cuando <strong>Jeannette Herrera Ahumada<\/strong> a causa de una profunda depresi\u00f3n decidiera quitarse la vida, determinaci\u00f3n que golpe\u00f3 profundamente a sus hijos.<\/p>\n<p style=\"text-align: justify;\">Herrera era conocida por dedicarse durante mucho tiempo a brindar servicios de estilista en nuestra comuna, en varias oportunidades se instal\u00f3 con emprendimientos propios y supo salir adelante apoyando a sus hijos en sus actividades comerciales.<\/p>\n<p style=\"text-align: justify;\">Los restos mortales de la conocida comerciante seg\u00fan informaci\u00f3n de uno de sus familiares, ser\u00e1n cremados en el Cementerio Parque del Mar en Con Con esta semana, y con sus cenizas en \u00e1nfora se realizar\u00e1 las respectivas exequias en San Felipe. <strong>Diario El Trabajo<\/strong> lamenta con gran pesar este triste fallecimiento que enluta no solamente a sus familiares, sino tambi\u00e9n al gremio de los estilistas de San Felipe. \u00a1<strong>Descanse en Paz Jeannette Herrera Ahumada<\/strong>!<\/p>\n<p style=\"text-align: justify;\"><strong>Roberto Gonz\u00e1lez Short<\/strong><\/p>\n<figure id=\"attachment_99906\" aria-describedby=\"caption-attachment-99906\" style=\"width: 580px\" class=\"wp-caption alignnone\"><img data-recalc-dims=\"1\" loading=\"lazy\" decoding=\"async\" class=\"size-full wp-image-99906\" src=\"https:\/\/i0.wp.com\/eltrabajo.cl\/portal\/wp-content\/uploads\/2020\/06\/Estilista1.jpg?resize=580%2C358&#038;ssl=1\" alt=\"LAMENTABLE FINAL.- Su cuerpo fue levantado finalmente por la Brigada de Homicidios de la PDI de Los Andes, sus restos mortales ser\u00e1n cremados en Santiago esta semana.\" width=\"580\" height=\"358\" srcset=\"https:\/\/i0.wp.com\/eltrabajo.cl\/portal\/wp-content\/uploads\/2020\/06\/Estilista1.jpg?w=580&amp;ssl=1 580w, https:\/\/i0.wp.com\/eltrabajo.cl\/portal\/wp-content\/uploads\/2020\/06\/Estilista1.jpg?resize=300%2C185&amp;ssl=1 300w, https:\/\/i0.wp.com\/eltrabajo.cl\/portal\/wp-content\/uploads\/2020\/06\/Estilista1.jpg?resize=200%2C123&amp;ssl=1 200w, https:\/\/i0.wp.com\/eltrabajo.cl\/portal\/wp-content\/uploads\/2020\/06\/Estilista1.jpg?resize=150%2C93&amp;ssl=1 150w\" sizes=\"auto, (max-width: 580px) 100vw, 580px\" \/><figcaption id=\"caption-attachment-99906\" class=\"wp-caption-text\">LAMENTABLE FINAL.- Su cuerpo fue levantado finalmente por la Brigada de Homicidios de la PDI de Los Andes, sus restos mortales ser\u00e1n cremados en Santiago esta semana.<\/figcaption><\/figure>\n<figure id=\"attachment_99907\" aria-describedby=\"caption-attachment-99907\" style=\"width: 580px\" class=\"wp-caption alignnone\"><img data-recalc-dims=\"1\" loading=\"lazy\" decoding=\"async\" class=\"size-full wp-image-99907\" src=\"https:\/\/i0.wp.com\/eltrabajo.cl\/portal\/wp-content\/uploads\/2020\/06\/Jeannette-Herrera-Ahumada.jpg?resize=580%2C359&#038;ssl=1\" alt=\"Jeannette Herrera Ahumada, falleci\u00f3 en su casa de habitaci\u00f3n la noche de este viernes en La Escuadra.\" width=\"580\" height=\"359\" srcset=\"https:\/\/i0.wp.com\/eltrabajo.cl\/portal\/wp-content\/uploads\/2020\/06\/Jeannette-Herrera-Ahumada.jpg?w=580&amp;ssl=1 580w, https:\/\/i0.wp.com\/eltrabajo.cl\/portal\/wp-content\/uploads\/2020\/06\/Jeannette-Herrera-Ahumada.jpg?resize=300%2C186&amp;ssl=1 300w, https:\/\/i0.wp.com\/eltrabajo.cl\/portal\/wp-content\/uploads\/2020\/06\/Jeannette-Herrera-Ahumada.jpg?resize=200%2C124&amp;ssl=1 200w, https:\/\/i0.wp.com\/eltrabajo.cl\/portal\/wp-content\/uploads\/2020\/06\/Jeannette-Herrera-Ahumada.jpg?resize=150%2C93&amp;ssl=1 150w\" sizes=\"auto, (max-width: 580px) 100vw, 580px\" \/><figcaption id=\"caption-attachment-99907\" class=\"wp-caption-text\">Jeannette Herrera Ahumada, falleci\u00f3 en su casa de habitaci\u00f3n la noche de este viernes en La Escuadra.<\/figcaption><\/figure>\n","protected":false},"excerpt":{"rendered":"<p>Una penosa partida de una conocida estilista sanfelipe\u00f1a fue la que ocurri\u00f3 la noche de este viernes en su casa de habitaci\u00f3n en La Escuadra, cuando Jeannette Herrera Ahumada a causa de&#8230;<\/p>\n","protected":false},"author":482,"featured_media":99907,"comment_status":"closed","ping_status":"closed","sticky":false,"template":"","format":"standard","meta":{"advanced_seo_description":"","jetpack_seo_html_title":"","jetpack_seo_noindex":false,"_jetpack_memberships_contains_paid_content":false,"footnotes":""},"categories":[21],"tags":[],"class_list":["post-99905","post","type-post","status-publish","format-standard","has-post-thumbnail","hentry","category-policial"],"jetpack_featured_media_url":"https:\/\/i0.wp.com\/eltrabajo.cl\/portal\/wp-content\/uploads\/2020\/06\/Jeannette-Herrera-Ahumada.jpg?fit=580%2C359&ssl=1","jetpack_sharing_enabled":true,"jetpack_likes_enabled":true,"jetpack-related-posts":[],"_links":{"self":[{"href":"https:\/\/eltrabajo.cl\/portal\/wp-json\/wp\/v2\/posts\/99905","targetHints":{"allow":["GET"]}}],"collection":[{"href":"https:\/\/eltrabajo.cl\/portal\/wp-json\/wp\/v2\/posts"}],"about":[{"href":"https:\/\/eltrabajo.cl\/portal\/wp-json\/wp\/v2\/types\/post"}],"author":[{"embeddable":true,"href":"https:\/\/eltrabajo.cl\/portal\/wp-json\/wp\/v2\/users\/482"}],"replies":[{"embeddable":true,"href":"https:\/\/eltrabajo.cl\/portal\/wp-json\/wp\/v2\/comments?post=99905"}],"version-history":[{"count":0,"href":"https:\/\/eltrabajo.cl\/portal\/wp-json\/wp\/v2\/posts\/99905\/revisions"}],"wp:featuredmedia":[{"embeddable":true,"href":"https:\/\/eltrabajo.cl\/portal\/wp-json\/wp\/v2\/media\/99907"}],"wp:attachment":[{"href":"https:\/\/eltrabajo.cl\/portal\/wp-json\/wp\/v2\/media?parent=99905"}],"wp:term":[{"taxonomy":"category","embeddable":true,"href":"https:\/\/eltrabajo.cl\/portal\/wp-json\/wp\/v2\/categories?post=99905"},{"taxonomy":"post_tag","embeddable":true,"href":"https:\/\/eltrabajo.cl\/portal\/wp-json\/wp\/v2\/tags?post=99905"}],"curies":[{"name":"wp","href":"https:\/\/api.w.org\/{rel}","templated":true}]}}