{"id":99909,"date":"2020-06-22T07:40:32","date_gmt":"2020-06-22T11:40:32","guid":{"rendered":"https:\/\/www.eltrabajo.cl\/portal\/?p=99909"},"modified":"2020-06-21T19:40:46","modified_gmt":"2020-06-21T23:40:46","slug":"este-sabado-despidieron-al-querido-sergio-saa-el-negro-de-la-pension","status":"publish","type":"post","link":"https:\/\/eltrabajo.cl\/portal\/este-sabado-despidieron-al-querido-sergio-saa-el-negro-de-la-pension\/","title":{"rendered":"Este s\u00e1bado despidieron al querido Sergio Saa el \u2018Negro de la pensi\u00f3n\u2019"},"content":{"rendered":"<p style=\"text-align: justify;\"><span style=\"color: #c81400;\"><strong>Fue ca\u00f1amero, piquero, pichanguero y constructor:<\/strong><\/span><\/p>\n<p style=\"text-align: justify;\">Con gran pesar lloran sus familiares la muerte del conocido <strong>Sergio Domingo Saa Saa<\/strong> (El Negro de la pensi\u00f3n), luego que a sus 87 a\u00f1os de edad su existencia llegara a su fin tras irse apagando poco a poco a causa de la edad. Este popular personaje sanfelipe\u00f1o en vida fue m\u00e1s que un trabaj\u00f3lico, como son llamadas esas personas amantes del trabajo y emprendimientos.<\/p>\n<p style=\"text-align: justify;\">\n<p style=\"text-align: justify;\"><span style=\"color: #c81400;\"><strong>TREMENDO PERSONAJE<\/strong><\/span><\/p>\n<p style=\"text-align: justify;\">Seg\u00fan lo describieron sus familiares, Sergio S\u00e1a fue pichanguero, jug\u00f3 con varios clubes deportivos del Valle de Aconcagua como El Torino, trabaj\u00f3 varios a\u00f1os en la Fundici\u00f3n Chagres de Catemu, fue piquero o cargador de camiones, ese oficio lo llev\u00f3 tambi\u00e9n a laborar en Mendoza Argentina como estibador.<\/p>\n<p style=\"text-align: justify;\">Se cri\u00f3 en Barrio El Puente y trabaj\u00f3 tambi\u00e9n en el viejo molino de ese sector de nuestra ciudad, fue tambi\u00e9n ca\u00f1amero, labor\u00f3 en la Conservera Pentzke, fue maestro constructor y tuvo dos matrimonios, a su vez dej\u00f3 cuatro hijos: Nancy, Sergio, Ver\u00f3nica y V\u00edctor.<\/p>\n<p style=\"text-align: justify;\">Como se dice popularmente, El Negro era bueno para las payas.<\/p>\n<p style=\"text-align: justify;\">Falleci\u00f3 este jueves al mediod\u00eda, su velatorio se realiz\u00f3 en Poblaci\u00f3n Aguas Claras y sus restos mortales desde el s\u00e1bado descansan en el Cementerio Municipal de San Felipe.<\/p>\n<p style=\"text-align: justify;\">Todo el personal administrativo, gerencial y period\u00edstico de Diario El Trabajo hoy nos unimos al dolor de su familia, esperando encuentren las fuerzas para seguir adelante sin el querido Negro S\u00e1a. \u00a1<strong>Descanse en Paz Sergio Domingo S\u00e1a S\u00e1a<\/strong>!<\/p>\n<p style=\"text-align: justify;\"><strong>Roberto Gonz\u00e1lez Short<\/strong><\/p>\n<figure id=\"attachment_99910\" aria-describedby=\"caption-attachment-99910\" style=\"width: 580px\" class=\"wp-caption alignnone\"><img data-recalc-dims=\"1\" loading=\"lazy\" decoding=\"async\" class=\"size-full wp-image-99910\" src=\"https:\/\/i0.wp.com\/eltrabajo.cl\/portal\/wp-content\/uploads\/2020\/06\/Negro1.jpg?resize=580%2C359&#038;ssl=1\" alt=\"SU VELATORIO.- Falleci\u00f3 este jueves al mediod\u00eda, su velatorio se realiz\u00f3 en Poblaci\u00f3n Aguas Claras y sus restos mortales desde el s\u00e1bado descansan en el Cementerio Municipal de San Felipe.\" width=\"580\" height=\"359\" srcset=\"https:\/\/i0.wp.com\/eltrabajo.cl\/portal\/wp-content\/uploads\/2020\/06\/Negro1.jpg?w=580&amp;ssl=1 580w, https:\/\/i0.wp.com\/eltrabajo.cl\/portal\/wp-content\/uploads\/2020\/06\/Negro1.jpg?resize=300%2C186&amp;ssl=1 300w, https:\/\/i0.wp.com\/eltrabajo.cl\/portal\/wp-content\/uploads\/2020\/06\/Negro1.jpg?resize=200%2C124&amp;ssl=1 200w, https:\/\/i0.wp.com\/eltrabajo.cl\/portal\/wp-content\/uploads\/2020\/06\/Negro1.jpg?resize=150%2C93&amp;ssl=1 150w\" sizes=\"auto, (max-width: 580px) 100vw, 580px\" \/><figcaption id=\"caption-attachment-99910\" class=\"wp-caption-text\">SU VELATORIO.- Falleci\u00f3 este jueves al mediod\u00eda, su velatorio se realiz\u00f3 en Poblaci\u00f3n Aguas Claras y sus restos mortales desde el s\u00e1bado descansan en el Cementerio Municipal de San Felipe.<\/figcaption><\/figure>\n<figure id=\"attachment_99911\" aria-describedby=\"caption-attachment-99911\" style=\"width: 579px\" class=\"wp-caption alignnone\"><img data-recalc-dims=\"1\" loading=\"lazy\" decoding=\"async\" class=\"size-full wp-image-99911\" src=\"https:\/\/i0.wp.com\/eltrabajo.cl\/portal\/wp-content\/uploads\/2020\/06\/Negro_Sergio-saa.jpg?resize=579%2C741&#038;ssl=1\" alt=\"Sergio S\u00e1a falleci\u00f3 este jueves a la edad de 87 a\u00f1os, as\u00ed luc\u00eda cuando joven.\" width=\"579\" height=\"741\" srcset=\"https:\/\/i0.wp.com\/eltrabajo.cl\/portal\/wp-content\/uploads\/2020\/06\/Negro_Sergio-saa.jpg?w=579&amp;ssl=1 579w, https:\/\/i0.wp.com\/eltrabajo.cl\/portal\/wp-content\/uploads\/2020\/06\/Negro_Sergio-saa.jpg?resize=234%2C300&amp;ssl=1 234w, https:\/\/i0.wp.com\/eltrabajo.cl\/portal\/wp-content\/uploads\/2020\/06\/Negro_Sergio-saa.jpg?resize=117%2C150&amp;ssl=1 117w\" sizes=\"auto, (max-width: 579px) 100vw, 579px\" \/><figcaption id=\"caption-attachment-99911\" class=\"wp-caption-text\">Sergio S\u00e1a falleci\u00f3 este jueves a la edad de 87 a\u00f1os, as\u00ed luc\u00eda cuando joven.<\/figcaption><\/figure>\n<figure id=\"attachment_99912\" aria-describedby=\"caption-attachment-99912\" style=\"width: 580px\" class=\"wp-caption alignnone\"><img data-recalc-dims=\"1\" loading=\"lazy\" decoding=\"async\" class=\"size-full wp-image-99912\" src=\"https:\/\/i0.wp.com\/eltrabajo.cl\/portal\/wp-content\/uploads\/2020\/06\/Negro_Srgio-saa_Abuelito.jpg?resize=580%2C600&#038;ssl=1\" alt=\"ADI\u00d3S NEGRO QUERIDO.- El conocido \u2018Negro de la pensi\u00f3n\u2019 supo con los a\u00f1os ganarse a sus amigos y sacar adelante a sus hijos.\" width=\"580\" height=\"600\" srcset=\"https:\/\/i0.wp.com\/eltrabajo.cl\/portal\/wp-content\/uploads\/2020\/06\/Negro_Srgio-saa_Abuelito.jpg?w=580&amp;ssl=1 580w, https:\/\/i0.wp.com\/eltrabajo.cl\/portal\/wp-content\/uploads\/2020\/06\/Negro_Srgio-saa_Abuelito.jpg?resize=290%2C300&amp;ssl=1 290w, https:\/\/i0.wp.com\/eltrabajo.cl\/portal\/wp-content\/uploads\/2020\/06\/Negro_Srgio-saa_Abuelito.jpg?resize=145%2C150&amp;ssl=1 145w\" sizes=\"auto, (max-width: 580px) 100vw, 580px\" \/><figcaption id=\"caption-attachment-99912\" class=\"wp-caption-text\">ADI\u00d3S NEGRO QUERIDO.- El conocido \u2018Negro de la pensi\u00f3n\u2019 supo con los a\u00f1os ganarse a sus amigos y sacar adelante a sus hijos.<\/figcaption><\/figure>\n","protected":false},"excerpt":{"rendered":"<p>Fue ca\u00f1amero, piquero, pichanguero y constructor: Con gran pesar lloran sus familiares la muerte del conocido Sergio Domingo Saa Saa (El Negro de la pensi\u00f3n), luego que a sus 87 a\u00f1os de&#8230;<\/p>\n","protected":false},"author":482,"featured_media":99910,"comment_status":"closed","ping_status":"closed","sticky":false,"template":"","format":"standard","meta":{"advanced_seo_description":"","jetpack_seo_html_title":"","jetpack_seo_noindex":false,"_jetpack_memberships_contains_paid_content":false,"footnotes":""},"categories":[15],"tags":[],"class_list":["post-99909","post","type-post","status-publish","format-standard","has-post-thumbnail","hentry","category-comunidad"],"jetpack_featured_media_url":"https:\/\/i0.wp.com\/eltrabajo.cl\/portal\/wp-content\/uploads\/2020\/06\/Negro1.jpg?fit=580%2C359&ssl=1","jetpack_sharing_enabled":true,"jetpack_likes_enabled":true,"jetpack-related-posts":[],"_links":{"self":[{"href":"https:\/\/eltrabajo.cl\/portal\/wp-json\/wp\/v2\/posts\/99909","targetHints":{"allow":["GET"]}}],"collection":[{"href":"https:\/\/eltrabajo.cl\/portal\/wp-json\/wp\/v2\/posts"}],"about":[{"href":"https:\/\/eltrabajo.cl\/portal\/wp-json\/wp\/v2\/types\/post"}],"author":[{"embeddable":true,"href":"https:\/\/eltrabajo.cl\/portal\/wp-json\/wp\/v2\/users\/482"}],"replies":[{"embeddable":true,"href":"https:\/\/eltrabajo.cl\/portal\/wp-json\/wp\/v2\/comments?post=99909"}],"version-history":[{"count":0,"href":"https:\/\/eltrabajo.cl\/portal\/wp-json\/wp\/v2\/posts\/99909\/revisions"}],"wp:featuredmedia":[{"embeddable":true,"href":"https:\/\/eltrabajo.cl\/portal\/wp-json\/wp\/v2\/media\/99910"}],"wp:attachment":[{"href":"https:\/\/eltrabajo.cl\/portal\/wp-json\/wp\/v2\/media?parent=99909"}],"wp:term":[{"taxonomy":"category","embeddable":true,"href":"https:\/\/eltrabajo.cl\/portal\/wp-json\/wp\/v2\/categories?post=99909"},{"taxonomy":"post_tag","embeddable":true,"href":"https:\/\/eltrabajo.cl\/portal\/wp-json\/wp\/v2\/tags?post=99909"}],"curies":[{"name":"wp","href":"https:\/\/api.w.org\/{rel}","templated":true}]}}