{"id":99914,"date":"2020-06-22T07:45:18","date_gmt":"2020-06-22T11:45:18","guid":{"rendered":"https:\/\/www.eltrabajo.cl\/portal\/?p=99914"},"modified":"2020-06-21T19:43:02","modified_gmt":"2020-06-21T23:43:02","slug":"familia-entera-lo-pierde-todo-al-incendiarse-su-casa-en-cerro-teucalan","status":"publish","type":"post","link":"https:\/\/eltrabajo.cl\/portal\/familia-entera-lo-pierde-todo-al-incendiarse-su-casa-en-cerro-teucalan\/","title":{"rendered":"Familia entera lo pierde todo al incendiarse su casa en cerro Teucal\u00e1n"},"content":{"rendered":"<p style=\"text-align: justify;\"><span style=\"color: #c81400;\"><strong>Vecinos de Santa Mar\u00eda en campa\u00f1a solidaria:<\/strong><\/span><\/p>\n<p style=\"text-align: justify;\">Un incendio de grandes proporciones fue el que se desat\u00f3 la tarde de este jueves en una vivienda ubicada en Las Cadenas, luego que dicho inmueble ardiera en su totalidad y quedaran siete personas apenas con lo puesto.<\/p>\n<p style=\"text-align: justify;\">La informaci\u00f3n la confirm\u00f3 el relacionador p\u00fablico del Cuerpo de Bomberos de Santa Mar\u00eda <strong>Diego Arancibia<\/strong>, quien indic\u00f3 que \u00ab<em>a las 18:05 horas se declar\u00f3 un incendio en el cerro Teucal\u00e1n sector Las Cadenas de Santa Mar\u00eda, al cual acudieron unidades de las tres Compa\u00f1\u00edas del Cuerpo de Bomberos de Santa Mar\u00eda, despu\u00e9s de llegar la unidad B3 al lugar primero que las dem\u00e1s, se declar\u00f3 primera y segunda alarmas de incendio por el riesgo de propagaci\u00f3n a otras viviendas, la estructura siniestrada era una vivienda bastante grande con muchas habitaciones de material ligero la cual se consumi\u00f3 en un 100%, no se registraron animales ni bomberos lesionados durante la emergencia, aunque s\u00ed un civil sufri\u00f3 un corte menor en su mano producto de su desesperaci\u00f3n por sacar unas latas para poder abrir paso a los bomberos, en la emergencia trabajaron las tres Compa\u00f1\u00edas de Bomberos de Santa Mar\u00eda, se solicit\u00f3 apoyo al Cuerpo de Bomberos de San Esteban y al Cuerpo de Bomberos de Los Andes con su unidad de Aire. Este incendio dej\u00f3 a siete personas afectadas tres adultos dos adolescentes y dos menores de edad<\/em>\u00bb, inform\u00f3 Arancibia a <strong>Diario El Trabajo<\/strong>.<\/p>\n<p style=\"text-align: justify;\">Tras levantado un inventario para ayudar a esa familia, las Fuerzas Vivas de Santa Mar\u00eda respondieron a una campa\u00f1a solidaria que inici\u00f3 Radio Orolonco, as\u00ed, tambi\u00e9n invitamos a nuestros lectores a llevar donativos a esta radioemisora, ubicada contiguo a la Biblioteca Municipal de la ciudad.<\/p>\n<p style=\"text-align: justify;\"><strong>Roberto Gonz\u00e1lez Short<\/strong><\/p>\n<figure id=\"attachment_99915\" aria-describedby=\"caption-attachment-99915\" style=\"width: 580px\" class=\"wp-caption aligncenter\"><img data-recalc-dims=\"1\" loading=\"lazy\" decoding=\"async\" class=\"wp-image-99915 size-full\" src=\"https:\/\/i0.wp.com\/eltrabajo.cl\/portal\/wp-content\/uploads\/2020\/06\/Cadenas1.jpg?resize=580%2C360&#038;ssl=1\" alt=\"INFERNAL.- La dantesca escena habla por s\u00ed misma, en pocos minutos la vivienda fue reducida a cenizas.\" width=\"580\" height=\"360\" srcset=\"https:\/\/i0.wp.com\/eltrabajo.cl\/portal\/wp-content\/uploads\/2020\/06\/Cadenas1.jpg?w=580&amp;ssl=1 580w, https:\/\/i0.wp.com\/eltrabajo.cl\/portal\/wp-content\/uploads\/2020\/06\/Cadenas1.jpg?resize=300%2C186&amp;ssl=1 300w, https:\/\/i0.wp.com\/eltrabajo.cl\/portal\/wp-content\/uploads\/2020\/06\/Cadenas1.jpg?resize=200%2C124&amp;ssl=1 200w, https:\/\/i0.wp.com\/eltrabajo.cl\/portal\/wp-content\/uploads\/2020\/06\/Cadenas1.jpg?resize=150%2C93&amp;ssl=1 150w\" sizes=\"auto, (max-width: 580px) 100vw, 580px\" \/><figcaption id=\"caption-attachment-99915\" class=\"wp-caption-text\">INFERNAL.- La dantesca escena habla por s\u00ed misma, en pocos minutos la vivienda fue reducida a cenizas.<\/figcaption><\/figure>\n","protected":false},"excerpt":{"rendered":"<p>Vecinos de Santa Mar\u00eda en campa\u00f1a solidaria: Un incendio de grandes proporciones fue el que se desat\u00f3 la tarde de este jueves en una vivienda ubicada en Las Cadenas, luego que dicho&#8230;<\/p>\n","protected":false},"author":482,"featured_media":99915,"comment_status":"closed","ping_status":"closed","sticky":false,"template":"","format":"standard","meta":{"advanced_seo_description":"","jetpack_seo_html_title":"","jetpack_seo_noindex":false,"_jetpack_memberships_contains_paid_content":false,"footnotes":""},"categories":[15],"tags":[],"class_list":["post-99914","post","type-post","status-publish","format-standard","has-post-thumbnail","hentry","category-comunidad"],"jetpack_featured_media_url":"https:\/\/i0.wp.com\/eltrabajo.cl\/portal\/wp-content\/uploads\/2020\/06\/Cadenas1.jpg?fit=580%2C360&ssl=1","jetpack_sharing_enabled":true,"jetpack_likes_enabled":true,"jetpack-related-posts":[],"_links":{"self":[{"href":"https:\/\/eltrabajo.cl\/portal\/wp-json\/wp\/v2\/posts\/99914","targetHints":{"allow":["GET"]}}],"collection":[{"href":"https:\/\/eltrabajo.cl\/portal\/wp-json\/wp\/v2\/posts"}],"about":[{"href":"https:\/\/eltrabajo.cl\/portal\/wp-json\/wp\/v2\/types\/post"}],"author":[{"embeddable":true,"href":"https:\/\/eltrabajo.cl\/portal\/wp-json\/wp\/v2\/users\/482"}],"replies":[{"embeddable":true,"href":"https:\/\/eltrabajo.cl\/portal\/wp-json\/wp\/v2\/comments?post=99914"}],"version-history":[{"count":0,"href":"https:\/\/eltrabajo.cl\/portal\/wp-json\/wp\/v2\/posts\/99914\/revisions"}],"wp:featuredmedia":[{"embeddable":true,"href":"https:\/\/eltrabajo.cl\/portal\/wp-json\/wp\/v2\/media\/99915"}],"wp:attachment":[{"href":"https:\/\/eltrabajo.cl\/portal\/wp-json\/wp\/v2\/media?parent=99914"}],"wp:term":[{"taxonomy":"category","embeddable":true,"href":"https:\/\/eltrabajo.cl\/portal\/wp-json\/wp\/v2\/categories?post=99914"},{"taxonomy":"post_tag","embeddable":true,"href":"https:\/\/eltrabajo.cl\/portal\/wp-json\/wp\/v2\/tags?post=99914"}],"curies":[{"name":"wp","href":"https:\/\/api.w.org\/{rel}","templated":true}]}}