{"id":99917,"date":"2020-06-22T07:50:32","date_gmt":"2020-06-22T11:50:32","guid":{"rendered":"https:\/\/www.eltrabajo.cl\/portal\/?p=99917"},"modified":"2020-06-21T19:46:25","modified_gmt":"2020-06-21T23:46:25","slug":"pdi-detiene-a-tres-personas-acusadas-de-vender-droga-en-san-felipe","status":"publish","type":"post","link":"https:\/\/eltrabajo.cl\/portal\/pdi-detiene-a-tres-personas-acusadas-de-vender-droga-en-san-felipe\/","title":{"rendered":"PDI detiene a tres personas acusadas de vender droga en San Felipe"},"content":{"rendered":"<p style=\"text-align: justify;\"><span style=\"color: #c81400;\"><strong>Dos perdieron su libertad y una qued\u00f3 libre:<\/strong><\/span><\/p>\n<p>La PDI de San Felipe detuvo a una banda criminal compuesta por tres personas; dos hombres y una mujer, todos mayores de edad, quienes se dedicaban a la venta de drogas en la comuna de San Felipe.<\/p>\n<p style=\"text-align: justify;\">\n<p style=\"text-align: justify;\"><span style=\"color: #c81400;\"><strong>LO INCAUTADO<\/strong><\/span><\/p>\n<p style=\"text-align: justify;\">As\u00ed lo indic\u00f3 Fernando Silva, subprefecto de la Bicrim San Felipe, se\u00f1alando que \u00ab<em>tras meses de investigaci\u00f3n en conjunto con la fiscal\u00eda local de esta ciudad, y ra\u00edz de denuncias proporcionadas por vecinos donde se daba cuenta de la venta de drogas al interior de Poblaci\u00f3n Los Araucanos, detectives el d\u00eda de ayer<\/em> (jueves) <em>en horas de la ma\u00f1ana y previa orden judicial, procedieron a irrumpir dos inmuebles en cuyo interior se logr\u00f3 incautar 22,28 gramos de coca\u00edna base a granel, equivalente a 111 dosis, 179.9 gramos de cannabis sativa a granel, equivalente a 450 dosis, drogas avaluadas en $922.000, adem\u00e1s de $947.000 pesos en efectivo de baja denominaci\u00f3n producto de la venta del il\u00edcito<\/em>\u00bb, indic\u00f3 Silva.<\/p>\n<p style=\"text-align: justify;\">\n<p style=\"text-align: justify;\"><span style=\"color: #c81400;\"><strong>LOS DETENIDOS\u00a0<\/strong><\/span><\/p>\n<p style=\"text-align: justify;\">Agreg\u00f3, que a ra\u00edz de ello se procedi\u00f3 a la detenci\u00f3n en el lugar por el delito flagrante de infracci\u00f3n ley 20.000, art 4\u00b0, del cabecilla de esta banda identificado con las iniciales <strong>L.A.C.R.<\/strong>, de 41 a\u00f1os de edad,\u00a0con antecedentes policiales por Hurto Simple y Tenencia de arma de fuego y munici\u00f3n, quien adem\u00e1s manten\u00eda una orden de detenci\u00f3n vigente en su contra por el delito de Microtr\u00e1fico;\u00a0la conviviente de \u00e9ste, identificada con las iniciales <strong>B.A.G.T.<\/strong>, de 33 a\u00f1os, sin antecedentes, y <strong>C.H.C.P.<\/strong>, 40 a\u00f1os de edad, quien cumpl\u00eda con el rol de soldado vendiendo la droga, tambi\u00e9n con antecedentes por Tr\u00e1fico de Drogas, Amenazas y Amenazas a Carabineros.<\/p>\n<p style=\"text-align: justify;\">\u00ab<em>Con ello se saca de circulaci\u00f3n tres personas dedicadas a la venta il\u00edcita y se erradica dos puntos de ventas de droga que iba a ser destinada a la comercializaci\u00f3n tanto a j\u00f3venes y vecinos de esta provincia<\/em>\u00bb, se\u00f1al\u00f3 el subprefecto de Bicrim de San Felipe.<\/p>\n<p style=\"text-align: justify;\">Por instrucci\u00f3n del Fiscal de Turno, los detenidos fueron puestos a disposici\u00f3n del Juzgado de Garant\u00eda de San Felipe, el d\u00eda viernes a las 10:00 horas. Donde los dos hombres de iniciales L.A.C.R. y C.H.C.P. quedaron en Prisi\u00f3n Preventiva, mientras que la conviviente del primero con Firma Mensual y Arraigo Nacional. Se otorg\u00f3 un plazo para el cierre de la investigaci\u00f3n de\u00a0120 d\u00edas.<\/p>\n<figure id=\"attachment_99920\" aria-describedby=\"caption-attachment-99920\" style=\"width: 577px\" class=\"wp-caption alignnone\"><img data-recalc-dims=\"1\" loading=\"lazy\" decoding=\"async\" class=\"size-full wp-image-99920\" src=\"https:\/\/i0.wp.com\/eltrabajo.cl\/portal\/wp-content\/uploads\/2020\/06\/Droga-1.jpg?resize=577%2C360&#038;ssl=1\" alt=\"Uno de los imputados saliendo del cuartel de la PDI San Felipe, qued\u00f3 en Prisi\u00f3n Preventiva.\" width=\"577\" height=\"360\" srcset=\"https:\/\/i0.wp.com\/eltrabajo.cl\/portal\/wp-content\/uploads\/2020\/06\/Droga-1.jpg?w=577&amp;ssl=1 577w, https:\/\/i0.wp.com\/eltrabajo.cl\/portal\/wp-content\/uploads\/2020\/06\/Droga-1.jpg?resize=300%2C187&amp;ssl=1 300w, https:\/\/i0.wp.com\/eltrabajo.cl\/portal\/wp-content\/uploads\/2020\/06\/Droga-1.jpg?resize=200%2C125&amp;ssl=1 200w, https:\/\/i0.wp.com\/eltrabajo.cl\/portal\/wp-content\/uploads\/2020\/06\/Droga-1.jpg?resize=150%2C94&amp;ssl=1 150w\" sizes=\"auto, (max-width: 577px) 100vw, 577px\" \/><figcaption id=\"caption-attachment-99920\" class=\"wp-caption-text\">Uno de los imputados saliendo del cuartel de la PDI San Felipe, qued\u00f3 en Prisi\u00f3n Preventiva.<\/figcaption><\/figure>\n<figure id=\"attachment_99919\" aria-describedby=\"caption-attachment-99919\" style=\"width: 580px\" class=\"wp-caption alignnone\"><img data-recalc-dims=\"1\" loading=\"lazy\" decoding=\"async\" class=\"size-full wp-image-99919\" src=\"https:\/\/i0.wp.com\/eltrabajo.cl\/portal\/wp-content\/uploads\/2020\/06\/Droga-3.jpg?resize=580%2C360&#038;ssl=1\" alt=\"Otro de los imputados que qued\u00f3 en Prisi\u00f3n Preventiva, saliendo del cuartel de la PDI.\" width=\"580\" height=\"360\" srcset=\"https:\/\/i0.wp.com\/eltrabajo.cl\/portal\/wp-content\/uploads\/2020\/06\/Droga-3.jpg?w=580&amp;ssl=1 580w, https:\/\/i0.wp.com\/eltrabajo.cl\/portal\/wp-content\/uploads\/2020\/06\/Droga-3.jpg?resize=300%2C186&amp;ssl=1 300w, https:\/\/i0.wp.com\/eltrabajo.cl\/portal\/wp-content\/uploads\/2020\/06\/Droga-3.jpg?resize=200%2C124&amp;ssl=1 200w, https:\/\/i0.wp.com\/eltrabajo.cl\/portal\/wp-content\/uploads\/2020\/06\/Droga-3.jpg?resize=150%2C93&amp;ssl=1 150w\" sizes=\"auto, (max-width: 580px) 100vw, 580px\" \/><figcaption id=\"caption-attachment-99919\" class=\"wp-caption-text\">Otro de los imputados que qued\u00f3 en Prisi\u00f3n Preventiva, saliendo del cuartel de la PDI.<\/figcaption><\/figure>\n<figure id=\"attachment_99918\" aria-describedby=\"caption-attachment-99918\" style=\"width: 580px\" class=\"wp-caption alignnone\"><img data-recalc-dims=\"1\" loading=\"lazy\" decoding=\"async\" class=\"size-full wp-image-99918\" src=\"https:\/\/i0.wp.com\/eltrabajo.cl\/portal\/wp-content\/uploads\/2020\/06\/Droga-2-1.jpg?resize=580%2C360&#038;ssl=1\" alt=\"La imputada saliendo del cuartel de la PDI, qued\u00f3 en libertad con medidas cautelares.\" width=\"580\" height=\"360\" srcset=\"https:\/\/i0.wp.com\/eltrabajo.cl\/portal\/wp-content\/uploads\/2020\/06\/Droga-2-1.jpg?w=580&amp;ssl=1 580w, https:\/\/i0.wp.com\/eltrabajo.cl\/portal\/wp-content\/uploads\/2020\/06\/Droga-2-1.jpg?resize=300%2C186&amp;ssl=1 300w, https:\/\/i0.wp.com\/eltrabajo.cl\/portal\/wp-content\/uploads\/2020\/06\/Droga-2-1.jpg?resize=200%2C124&amp;ssl=1 200w, https:\/\/i0.wp.com\/eltrabajo.cl\/portal\/wp-content\/uploads\/2020\/06\/Droga-2-1.jpg?resize=150%2C93&amp;ssl=1 150w\" sizes=\"auto, (max-width: 580px) 100vw, 580px\" \/><figcaption id=\"caption-attachment-99918\" class=\"wp-caption-text\">La imputada saliendo del cuartel de la PDI, qued\u00f3 en libertad con medidas cautelares.<\/figcaption><\/figure>\n","protected":false},"excerpt":{"rendered":"<p>Dos perdieron su libertad y una qued\u00f3 libre: La PDI de San Felipe detuvo a una banda criminal compuesta por tres personas; dos hombres y una mujer, todos mayores de edad, quienes&#8230;<\/p>\n","protected":false},"author":482,"featured_media":99921,"comment_status":"closed","ping_status":"closed","sticky":false,"template":"","format":"standard","meta":{"advanced_seo_description":"","jetpack_seo_html_title":"","jetpack_seo_noindex":false,"_jetpack_memberships_contains_paid_content":false,"footnotes":""},"categories":[21],"tags":[],"class_list":["post-99917","post","type-post","status-publish","format-standard","has-post-thumbnail","hentry","category-policial"],"jetpack_featured_media_url":"https:\/\/i0.wp.com\/eltrabajo.cl\/portal\/wp-content\/uploads\/2020\/06\/Drogas-1.jpg?fit=580%2C359&ssl=1","jetpack_sharing_enabled":true,"jetpack_likes_enabled":true,"jetpack-related-posts":[],"_links":{"self":[{"href":"https:\/\/eltrabajo.cl\/portal\/wp-json\/wp\/v2\/posts\/99917","targetHints":{"allow":["GET"]}}],"collection":[{"href":"https:\/\/eltrabajo.cl\/portal\/wp-json\/wp\/v2\/posts"}],"about":[{"href":"https:\/\/eltrabajo.cl\/portal\/wp-json\/wp\/v2\/types\/post"}],"author":[{"embeddable":true,"href":"https:\/\/eltrabajo.cl\/portal\/wp-json\/wp\/v2\/users\/482"}],"replies":[{"embeddable":true,"href":"https:\/\/eltrabajo.cl\/portal\/wp-json\/wp\/v2\/comments?post=99917"}],"version-history":[{"count":0,"href":"https:\/\/eltrabajo.cl\/portal\/wp-json\/wp\/v2\/posts\/99917\/revisions"}],"wp:featuredmedia":[{"embeddable":true,"href":"https:\/\/eltrabajo.cl\/portal\/wp-json\/wp\/v2\/media\/99921"}],"wp:attachment":[{"href":"https:\/\/eltrabajo.cl\/portal\/wp-json\/wp\/v2\/media?parent=99917"}],"wp:term":[{"taxonomy":"category","embeddable":true,"href":"https:\/\/eltrabajo.cl\/portal\/wp-json\/wp\/v2\/categories?post=99917"},{"taxonomy":"post_tag","embeddable":true,"href":"https:\/\/eltrabajo.cl\/portal\/wp-json\/wp\/v2\/tags?post=99917"}],"curies":[{"name":"wp","href":"https:\/\/api.w.org\/{rel}","templated":true}]}}