{"id":99923,"date":"2020-06-22T07:55:44","date_gmt":"2020-06-22T11:55:44","guid":{"rendered":"https:\/\/www.eltrabajo.cl\/portal\/?p=99923"},"modified":"2020-06-21T19:49:28","modified_gmt":"2020-06-21T23:49:28","slug":"murio-conocido-garzon-que-sufrio-infarto-cuando-manejaba-en-calle-prat","status":"publish","type":"post","link":"https:\/\/eltrabajo.cl\/portal\/murio-conocido-garzon-que-sufrio-infarto-cuando-manejaba-en-calle-prat\/","title":{"rendered":"Muri\u00f3 conocido garz\u00f3n que sufri\u00f3 infarto cuando manejaba en calle Prat"},"content":{"rendered":"<p style=\"text-align: justify;\"><span style=\"color: #c81400;\"><strong>\u2018Pato\u2019 Castro fue muchos a\u00f1os garz\u00f3n en el Reinares:<\/strong><\/span><\/p>\n<p style=\"text-align: justify;\">El d\u00eda viernes en la tarde falleci\u00f3 el conductor que sufri\u00f3 un infarto mientras conduc\u00eda su veh\u00edculo por Calle Prat en San Felipe, el d\u00eda lunes 8 de junio del presente a\u00f1o. Se trata del \u2018Pato\u2019 como era conocido entre sus amistades <strong>Patricio Castro C\u00e1ceres<\/strong>, de 44 a\u00f1os de edad, tambi\u00e9n por haber trabajado en Restaurante Reinares de Calle Carlos Condell.<\/p>\n<p style=\"text-align: justify;\">La informaci\u00f3n fue confirmada por personas cercanas a sus familiares a quienes le comunicaron la triste noticia. El fallecido seg\u00fan la informaci\u00f3n que mantenemos, permanec\u00eda internado en el Hospital San Camilo, luego de sufrir el infarto al coraz\u00f3n.<\/p>\n<p style=\"text-align: justify;\">\n<p style=\"text-align: justify;\"><span style=\"color: #c81400;\"><strong>D\u00cdA DEL INFARTO<\/strong><\/span><\/p>\n<p style=\"text-align: justify;\">Como se recordar\u00e1, ese d\u00eda Patricio conduc\u00eda su veh\u00edculo por \u00a0\u00a0\u00a0\u00a0 Calle Prat. De repente nos dijo una testigo estaba detenido comenzando acelerar, \u00ab<em>aceleraba, aceleraba, fueron a ver y ya estaba desmayado le hab\u00eda dado un ataque, le quebraron el vidrio para sacarlo desde adentro del auto<\/em>\u00bb, se\u00f1al\u00f3.<\/p>\n<p style=\"text-align: justify;\">Ese d\u00eda se reuni\u00f3 harta gente alrededor del hecho, generando aglomeraci\u00f3n, preocupaci\u00f3n en las personas que a esa hora transitaban a esa hora por calle Prat. Porque muchos lo conoc\u00edan.<\/p>\n<p style=\"text-align: justify;\">Adem\u00e1s, se vivieron momentos de profunda preocupaci\u00f3n por la situaci\u00f3n que estaba viviendo esta persona principalmente por parte de los familiares directos que estaban ah\u00ed. Todo mientras el personal del SAMU realizaba intensas maniobras para salvarle la vida. Eso se pod\u00eda apreciar a metros del lugar, como trabajaban arduamente. Tuvieron que ir a buscar algunos elementos para poder seguir efectuando labores de reanimaci\u00f3n. Mientras la persona permanec\u00eda en el suelo, para posteriormente ser subido a una camilla donde sigui\u00f3 el trabajo exhaustivo para poder estabilizarlo. Una vez logrado esto, lo llevaron hasta la ambulancia dispuesta en el lugar. Pasados varios minutos la ambulancia retrocedi\u00f3 para enfilar por calle Prat virar hacia la derecha en Avenida Maip\u00fa y dirigirse al Hospital San Camilo, todo esto custodiado por otra ambulancia.<\/p>\n<p style=\"text-align: justify;\">Comentar que todos los profesionales de la salud estaban provistos de todo su equipo de seguridad, producto de la emergencia sanitaria. Importante aclarar que en un primer momento se dijo que hab\u00eda chocado con un \u00e1rbol existente en el lugar, pero se descarta completamente. Eso si el autom\u00f3vil qued\u00f3 a cent\u00edmetros del mismo, frente al templo de Conferencias B\u00edblicas y tambi\u00e9n al propio local \u2018Magaly\u2019 donde va a dejar comida. Ambos ubicados en calle Prat.<\/p>\n<p style=\"text-align: justify;\">En el procedimiento se constituy\u00f3 Carabineros, SAMU y Bomberos.<\/p>\n<p style=\"text-align: justify;\">Desde ac\u00e1 nuestras condolencias a su familia.<\/p>\n<p style=\"text-align: justify;\">\n<p style=\"text-align: justify;\"><span style=\"color: #c81400;\"><strong>HIJO AGRADECIDO<\/strong><\/span><\/p>\n<p style=\"text-align: justify;\"><strong>Diario El Trabajo <\/strong>habl\u00f3 con uno de los hijos del querido \u2018Pato\u2019, <strong>Patricio Castro Rodr\u00edguez<\/strong>, quien a nombre de su familia agradeci\u00f3 el apoyo a los amigos en estos momentos, \u00ab<em>pap\u00e1 ten\u00eda 44 a\u00f1os de edad, se dedicaba a cocinar hac\u00eda almuerzos y men\u00fa, \u00e9l labor\u00f3 muchos a\u00f1os en Reinares y tambi\u00e9n de forma particular, ten\u00eda su local Comidas Magaly, los primeros tres d\u00edas despu\u00e9s del infarto fueron muy cr\u00edticos para pap\u00e1, fue evolucionando de a poquito, lamentablemente se volvi\u00f3 a complicar y falleci\u00f3 este viernes entre las 17:00 y las 18:00 horas, pap\u00e1 tuvo tres hijos: Patricio, Javiera y Martina, era casado con mi madre Yesenia Vera<\/em> (\u2026) <em>quiero agradecer a todos los amigos y vecinos todo el apoyo que nos han brindado en estos d\u00edas, pap\u00e1 era el tercero de cinco hermanos, ellos y todos nosotros estamos agradecidos por esta buena vibra que nos dan<\/em>\u00bb, dijo el joven Patricio.<\/p>\n<p style=\"text-align: justify;\">Las exequias de Patricio Castro se oficiaron en la Iglesia Andacollo a las 11:00 horas de ayer domingo, y sus restos mortales ya descansan en el Cementerio Municipal de San Felipe en Almendral.<\/p>\n<figure id=\"attachment_99925\" aria-describedby=\"caption-attachment-99925\" style=\"width: 580px\" class=\"wp-caption aligncenter\"><img data-recalc-dims=\"1\" loading=\"lazy\" decoding=\"async\" class=\"size-full wp-image-99925\" src=\"https:\/\/i0.wp.com\/eltrabajo.cl\/portal\/wp-content\/uploads\/2020\/06\/Pato-Castro-copia.jpg?resize=580%2C600&#038;ssl=1\" alt=\"Patricio Castro lamentablemente falleci\u00f3 este viernes en la tarde, tras sufrir un infarto el d\u00eda 8 de junio en el centro de San Felipe, cuando manejaba su veh\u00edculo.\" width=\"580\" height=\"600\" srcset=\"https:\/\/i0.wp.com\/eltrabajo.cl\/portal\/wp-content\/uploads\/2020\/06\/Pato-Castro-copia.jpg?w=580&amp;ssl=1 580w, https:\/\/i0.wp.com\/eltrabajo.cl\/portal\/wp-content\/uploads\/2020\/06\/Pato-Castro-copia.jpg?resize=290%2C300&amp;ssl=1 290w, https:\/\/i0.wp.com\/eltrabajo.cl\/portal\/wp-content\/uploads\/2020\/06\/Pato-Castro-copia.jpg?resize=145%2C150&amp;ssl=1 145w\" sizes=\"auto, (max-width: 580px) 100vw, 580px\" \/><figcaption id=\"caption-attachment-99925\" class=\"wp-caption-text\">Patricio Castro lamentablemente falleci\u00f3 este viernes en la tarde, tras sufrir un infarto el d\u00eda 8 de junio en el centro de San Felipe, cuando manejaba su veh\u00edculo.<\/figcaption><\/figure>\n<figure id=\"attachment_99927\" aria-describedby=\"caption-attachment-99927\" style=\"width: 578px\" class=\"wp-caption aligncenter\"><img data-recalc-dims=\"1\" loading=\"lazy\" decoding=\"async\" class=\"size-full wp-image-99927\" src=\"https:\/\/i0.wp.com\/eltrabajo.cl\/portal\/wp-content\/uploads\/2020\/06\/Pato_Patricio-Castro-Rodriguez.jpg?resize=578%2C600&#038;ssl=1\" alt=\"Patricio Castro Rodr\u00edguez, hijo del \u2018Pato\u2019 Castro.\" width=\"578\" height=\"600\" srcset=\"https:\/\/i0.wp.com\/eltrabajo.cl\/portal\/wp-content\/uploads\/2020\/06\/Pato_Patricio-Castro-Rodriguez.jpg?w=578&amp;ssl=1 578w, https:\/\/i0.wp.com\/eltrabajo.cl\/portal\/wp-content\/uploads\/2020\/06\/Pato_Patricio-Castro-Rodriguez.jpg?resize=289%2C300&amp;ssl=1 289w, https:\/\/i0.wp.com\/eltrabajo.cl\/portal\/wp-content\/uploads\/2020\/06\/Pato_Patricio-Castro-Rodriguez.jpg?resize=145%2C150&amp;ssl=1 145w\" sizes=\"auto, (max-width: 578px) 100vw, 578px\" \/><figcaption id=\"caption-attachment-99927\" class=\"wp-caption-text\">Patricio Castro Rodr\u00edguez, hijo del \u2018Pato\u2019 Castro.<\/figcaption><\/figure>\n<figure id=\"attachment_99924\" aria-describedby=\"caption-attachment-99924\" style=\"width: 580px\" class=\"wp-caption aligncenter\"><img data-recalc-dims=\"1\" loading=\"lazy\" decoding=\"async\" class=\"size-full wp-image-99924\" src=\"https:\/\/i0.wp.com\/eltrabajo.cl\/portal\/wp-content\/uploads\/2020\/06\/pato-ambulancia.jpg?resize=580%2C360&#038;ssl=1\" alt=\"LUCH\u00d3 HASTA EL FINAL.- Personal del SAMU subiendo al conductor a la ambulancia. Finalmente Castro muri\u00f3 d\u00edas despu\u00e9s por el mismo problema del coraz\u00f3n.\" width=\"580\" height=\"360\" srcset=\"https:\/\/i0.wp.com\/eltrabajo.cl\/portal\/wp-content\/uploads\/2020\/06\/pato-ambulancia.jpg?w=580&amp;ssl=1 580w, https:\/\/i0.wp.com\/eltrabajo.cl\/portal\/wp-content\/uploads\/2020\/06\/pato-ambulancia.jpg?resize=300%2C186&amp;ssl=1 300w, https:\/\/i0.wp.com\/eltrabajo.cl\/portal\/wp-content\/uploads\/2020\/06\/pato-ambulancia.jpg?resize=200%2C124&amp;ssl=1 200w, https:\/\/i0.wp.com\/eltrabajo.cl\/portal\/wp-content\/uploads\/2020\/06\/pato-ambulancia.jpg?resize=150%2C93&amp;ssl=1 150w\" sizes=\"auto, (max-width: 580px) 100vw, 580px\" \/><figcaption id=\"caption-attachment-99924\" class=\"wp-caption-text\">LUCH\u00d3 HASTA EL FINAL.- Personal del SAMU subiendo al conductor a la ambulancia. Finalmente Castro muri\u00f3 d\u00edas despu\u00e9s por el mismo problema del coraz\u00f3n.<\/figcaption><\/figure>\n","protected":false},"excerpt":{"rendered":"<p>\u2018Pato\u2019 Castro fue muchos a\u00f1os garz\u00f3n en el Reinares: El d\u00eda viernes en la tarde falleci\u00f3 el conductor que sufri\u00f3 un infarto mientras conduc\u00eda su veh\u00edculo por Calle Prat en San Felipe,&#8230;<\/p>\n","protected":false},"author":482,"featured_media":99926,"comment_status":"closed","ping_status":"closed","sticky":false,"template":"","format":"standard","meta":{"advanced_seo_description":"","jetpack_seo_html_title":"","jetpack_seo_noindex":false,"_jetpack_memberships_contains_paid_content":false,"footnotes":""},"categories":[15],"tags":[],"class_list":["post-99923","post","type-post","status-publish","format-standard","has-post-thumbnail","hentry","category-comunidad"],"jetpack_featured_media_url":"https:\/\/i0.wp.com\/eltrabajo.cl\/portal\/wp-content\/uploads\/2020\/06\/Pato-Castro.jpg?fit=580%2C359&ssl=1","jetpack_sharing_enabled":true,"jetpack_likes_enabled":true,"jetpack-related-posts":[],"_links":{"self":[{"href":"https:\/\/eltrabajo.cl\/portal\/wp-json\/wp\/v2\/posts\/99923","targetHints":{"allow":["GET"]}}],"collection":[{"href":"https:\/\/eltrabajo.cl\/portal\/wp-json\/wp\/v2\/posts"}],"about":[{"href":"https:\/\/eltrabajo.cl\/portal\/wp-json\/wp\/v2\/types\/post"}],"author":[{"embeddable":true,"href":"https:\/\/eltrabajo.cl\/portal\/wp-json\/wp\/v2\/users\/482"}],"replies":[{"embeddable":true,"href":"https:\/\/eltrabajo.cl\/portal\/wp-json\/wp\/v2\/comments?post=99923"}],"version-history":[{"count":0,"href":"https:\/\/eltrabajo.cl\/portal\/wp-json\/wp\/v2\/posts\/99923\/revisions"}],"wp:featuredmedia":[{"embeddable":true,"href":"https:\/\/eltrabajo.cl\/portal\/wp-json\/wp\/v2\/media\/99926"}],"wp:attachment":[{"href":"https:\/\/eltrabajo.cl\/portal\/wp-json\/wp\/v2\/media?parent=99923"}],"wp:term":[{"taxonomy":"category","embeddable":true,"href":"https:\/\/eltrabajo.cl\/portal\/wp-json\/wp\/v2\/categories?post=99923"},{"taxonomy":"post_tag","embeddable":true,"href":"https:\/\/eltrabajo.cl\/portal\/wp-json\/wp\/v2\/tags?post=99923"}],"curies":[{"name":"wp","href":"https:\/\/api.w.org\/{rel}","templated":true}]}}