{"id":99979,"date":"2020-06-22T21:05:21","date_gmt":"2020-06-23T01:05:21","guid":{"rendered":"https:\/\/www.eltrabajo.cl\/portal\/?p=99979"},"modified":"2020-06-22T20:08:53","modified_gmt":"2020-06-23T00:08:53","slug":"ex-jugadores-profesionales-locales-tambien-entran-en-la-polemica-del-sifup","status":"publish","type":"post","link":"https:\/\/eltrabajo.cl\/portal\/ex-jugadores-profesionales-locales-tambien-entran-en-la-polemica-del-sifup\/","title":{"rendered":"Ex jugadores profesionales locales tambi\u00e9n entran en la pol\u00e9mica del Sifup"},"content":{"rendered":"<p style=\"text-align: justify;\">El hist\u00f3rico ex jugador de Uni\u00f3n San Felipe, <strong>Antonio \u2018Cocoa\u2019 Villarroel<\/strong>, cont\u00f3 a nuestro medio que los jugadores m\u00e1s antiguos del balompi\u00e9 rentado nacional -incluidos los del Un\u00ed Un\u00ed- entrar\u00e1n de lleno en la pol\u00e9mica por el destino que la actual dirigencia del Sifup (Sindicato de Futbolistas Profesionales) le est\u00e1 dando a los dineros que entrega el CDF.<\/p>\n<p style=\"text-align: justify;\">En calidad de referente y directivo de una organizaci\u00f3n de ex futbolistas locales, Villarroel puede hablar con propiedad del tema: <em>\u00abEs claro que los dineros no se han distribuido de buena manera, porque solo les lleg\u00f3 a algunos, y no a todos como debiera haber sido; es por eso que, junto a Carlos Dur\u00e1n, que est\u00e1 a la cabeza de un c\u00edrculo de ex futbolistas, veremos las acciones a seguir, porque es claro que las aguas est\u00e1n turbias en el Sifup\u00bb, <\/em>afirm\u00f3 el ex integrante del equipo campe\u00f3n del 70.<\/p>\n<p style=\"text-align: justify;\">La gran duda que embarga a los jugadores retirados m\u00e1s antiguos, es saber qu\u00e9 ha sucedido con los dineros que ha hecho llegar la Conmebol y el CDF. <em>\u00abA los de la \u00e9poca anteriores al 70\u2019 80 y 90\u2019 nunca se nos ha hecho llegar ninguna ayuda. Una vez fuimos a la ANFP para saber qu\u00e9 pasaba con los papeles de los ex jugadores, y nos encontramos con la sorpresa que en ese tiempo a los jugadores se nos descontaban imposiciones y no se pagaban, lo cual es algo nefasto porque hay colegas que no tienen ning\u00fan ingreso, lo que en estos tiempos es algo dram\u00e1tico por lo que est\u00e1 ocurriendo con el Coronavirus\u00bb,<\/em> explic\u00f3.<\/p>\n<p style=\"text-align: justify;\">Antonio Villarroel tambi\u00e9n dej\u00f3 en claro que se ha creado una falsa imagen en el sentido que cuando se habla del Sifup, la gente lo asocia a los jugadores m\u00e1s j\u00f3venes, siendo que Todos los que jugaron de manera profesional, independiente de la \u00e9poca, tienen esa categor\u00eda. <em>\u00abPor intermedio de Carlos Dur\u00e1n, quien preside la Agrupaci\u00f3n de Futbolistas de Chile, se buscar\u00e1 un mecanismo de integrar a todos, a todos. Es de una injusticia enorme que el Sifup reciba cantidades enormes de plata y la distribuya mal; solo basta ver que los actuales presidente y tesorero (Gamadiel Garc\u00eda y Luis Mar\u00edn) recibieron 13 y 8 millones respectivamente, cuando ellos\u00a0 se retiraron hace muy poco; mientras que los que lo hicimos antes, nunca hemos tocado un peso\u00bb,<\/em> culmin\u00f3.<\/p>\n<figure id=\"attachment_99980\" aria-describedby=\"caption-attachment-99980\" style=\"width: 580px\" class=\"wp-caption aligncenter\"><img data-recalc-dims=\"1\" loading=\"lazy\" decoding=\"async\" class=\"size-full wp-image-99980\" src=\"https:\/\/i0.wp.com\/eltrabajo.cl\/portal\/wp-content\/uploads\/2020\/06\/cocoa.jpg?resize=580%2C358&#038;ssl=1\" alt=\"Antonio \u2018Cocoa\u2019 Villarroel es uno de los m\u00e1ximos referentes en la historia del Un\u00ed Un\u00ed.\" width=\"580\" height=\"358\" srcset=\"https:\/\/i0.wp.com\/eltrabajo.cl\/portal\/wp-content\/uploads\/2020\/06\/cocoa.jpg?w=580&amp;ssl=1 580w, https:\/\/i0.wp.com\/eltrabajo.cl\/portal\/wp-content\/uploads\/2020\/06\/cocoa.jpg?resize=300%2C185&amp;ssl=1 300w, https:\/\/i0.wp.com\/eltrabajo.cl\/portal\/wp-content\/uploads\/2020\/06\/cocoa.jpg?resize=200%2C123&amp;ssl=1 200w\" sizes=\"auto, (max-width: 580px) 100vw, 580px\" \/><figcaption id=\"caption-attachment-99980\" class=\"wp-caption-text\">Antonio \u2018Cocoa\u2019 Villarroel es uno de los m\u00e1ximos referentes en la historia del Un\u00ed Un\u00ed.<\/figcaption><\/figure>\n","protected":false},"excerpt":{"rendered":"<p>El hist\u00f3rico ex jugador de Uni\u00f3n San Felipe, Antonio \u2018Cocoa\u2019 Villarroel, cont\u00f3 a nuestro medio que los jugadores m\u00e1s antiguos del balompi\u00e9 rentado nacional -incluidos los del Un\u00ed Un\u00ed- entrar\u00e1n de lleno&#8230;<\/p>\n","protected":false},"author":482,"featured_media":99980,"comment_status":"closed","ping_status":"closed","sticky":false,"template":"","format":"standard","meta":{"advanced_seo_description":"","jetpack_seo_html_title":"","jetpack_seo_noindex":false,"_jetpack_memberships_contains_paid_content":false,"footnotes":""},"categories":[19],"tags":[],"class_list":["post-99979","post","type-post","status-publish","format-standard","has-post-thumbnail","hentry","category-deportes"],"jetpack_featured_media_url":"https:\/\/i0.wp.com\/eltrabajo.cl\/portal\/wp-content\/uploads\/2020\/06\/cocoa.jpg?fit=580%2C358&ssl=1","jetpack_sharing_enabled":true,"jetpack_likes_enabled":true,"jetpack-related-posts":[],"_links":{"self":[{"href":"https:\/\/eltrabajo.cl\/portal\/wp-json\/wp\/v2\/posts\/99979","targetHints":{"allow":["GET"]}}],"collection":[{"href":"https:\/\/eltrabajo.cl\/portal\/wp-json\/wp\/v2\/posts"}],"about":[{"href":"https:\/\/eltrabajo.cl\/portal\/wp-json\/wp\/v2\/types\/post"}],"author":[{"embeddable":true,"href":"https:\/\/eltrabajo.cl\/portal\/wp-json\/wp\/v2\/users\/482"}],"replies":[{"embeddable":true,"href":"https:\/\/eltrabajo.cl\/portal\/wp-json\/wp\/v2\/comments?post=99979"}],"version-history":[{"count":0,"href":"https:\/\/eltrabajo.cl\/portal\/wp-json\/wp\/v2\/posts\/99979\/revisions"}],"wp:featuredmedia":[{"embeddable":true,"href":"https:\/\/eltrabajo.cl\/portal\/wp-json\/wp\/v2\/media\/99980"}],"wp:attachment":[{"href":"https:\/\/eltrabajo.cl\/portal\/wp-json\/wp\/v2\/media?parent=99979"}],"wp:term":[{"taxonomy":"category","embeddable":true,"href":"https:\/\/eltrabajo.cl\/portal\/wp-json\/wp\/v2\/categories?post=99979"},{"taxonomy":"post_tag","embeddable":true,"href":"https:\/\/eltrabajo.cl\/portal\/wp-json\/wp\/v2\/tags?post=99979"}],"curies":[{"name":"wp","href":"https:\/\/api.w.org\/{rel}","templated":true}]}}