{"id":99991,"date":"2020-06-23T07:30:29","date_gmt":"2020-06-23T11:30:29","guid":{"rendered":"https:\/\/www.eltrabajo.cl\/portal\/?p=99991"},"modified":"2020-06-22T20:19:17","modified_gmt":"2020-06-23T00:19:17","slug":"jugadores-de-trasandino-solidarizan-entre-si","status":"publish","type":"post","link":"https:\/\/eltrabajo.cl\/portal\/jugadores-de-trasandino-solidarizan-entre-si\/","title":{"rendered":"Jugadores de Trasandino solidarizan entre s\u00ed"},"content":{"rendered":"<p style=\"text-align: justify;\">La pandemia del Covid\u201319 ha sido muy dif\u00edcil de digerir para todo el espectro del deporte nacional. Trasandino no ha sido la excepci\u00f3n, y los largos meses de para han provocado m\u00faltiples problemas para la gran mayor\u00eda del plantel andino, que desde el mes de abril est\u00e1 sin recibir sueldo.<\/p>\n<p style=\"text-align: justify;\">Ante la problem\u00e1tica social que est\u00e1 representando la actual pandemia, los jugadores m\u00e1s experimentados del \u2018C\u00f3ndor\u2019, entre los que se encuentra el goleador <strong>Jos\u00e9 Tom\u00e1s Arancibia<\/strong>, se pusieron al frente del grupo ideando una f\u00f3rmula para ir en ayuda de los elementos m\u00e1s afectados. <em>\u00abEntre el grupo de los que llevamos m\u00e1s tiempo en el club nos pusimos de acuerdo para idear una f\u00f3rmula que permitiera paliar en algo los gastos en que deben incurrir los compa\u00f1eros que deben pagar arriendo o son padres. Eso nos llev\u00f3 a hacer una cuota semanal entre todos para que el dinero recaudado durante la semana vaya a dos compa\u00f1eros, hasta completar el grupo\u00bb,<\/em> dijo el ariete.<\/p>\n<p style=\"text-align: justify;\">El goleador dej\u00f3 en claro que la suma de dinero que se recauda no es mucha, pero en las circunstancias actuales se valora mucho. <em>\u00abTodos aportan; algunos m\u00e1s otros menos, pero lo importante es que hay compa\u00f1erismo\u00bb,<\/em> agreg\u00f3.<\/p>\n<p style=\"text-align: justify;\">En el final de la charla, Jos\u00e9 Tom\u00e1s Arancibia dej\u00f3 en claro que esta acci\u00f3n es netamente de los jugadores, aunque tambi\u00e9n destac\u00f3 el apoyo que han recibido de parte de la hinchada andina. <em>\u00abLos directivos no pueden hacer m\u00e1s de lo que han hecho y lo entendemos. Valoramos mucho el que en su momento hayan hecho llegar cajas con mercader\u00eda a los compa\u00f1eros m\u00e1s complicados. Tambi\u00e9n quiero aprovechar de agradecer a los hinchas que siempre est\u00e1n atentos a lo que pasa con nosotros; de verdad se agradece esa preocupaci\u00f3n que se ha demostrado en hechos muy concretos\u00bb,<\/em> remat\u00f3.<br \/>\n<strong>Jorge Vega Oses<\/strong><\/p>\n<figure id=\"attachment_99992\" aria-describedby=\"caption-attachment-99992\" style=\"width: 580px\" class=\"wp-caption aligncenter\"><img data-recalc-dims=\"1\" loading=\"lazy\" decoding=\"async\" class=\"size-full wp-image-99992\" src=\"https:\/\/i0.wp.com\/eltrabajo.cl\/portal\/wp-content\/uploads\/2020\/06\/trasandino-1.jpg?resize=580%2C359&#038;ssl=1\" alt=\"El plantel de Trasandino ha mostrado mucha unidad en estos dif\u00edciles momentos.\" width=\"580\" height=\"359\" srcset=\"https:\/\/i0.wp.com\/eltrabajo.cl\/portal\/wp-content\/uploads\/2020\/06\/trasandino-1.jpg?w=580&amp;ssl=1 580w, https:\/\/i0.wp.com\/eltrabajo.cl\/portal\/wp-content\/uploads\/2020\/06\/trasandino-1.jpg?resize=300%2C186&amp;ssl=1 300w, https:\/\/i0.wp.com\/eltrabajo.cl\/portal\/wp-content\/uploads\/2020\/06\/trasandino-1.jpg?resize=200%2C124&amp;ssl=1 200w\" sizes=\"auto, (max-width: 580px) 100vw, 580px\" \/><figcaption id=\"caption-attachment-99992\" class=\"wp-caption-text\">El plantel de Trasandino ha mostrado mucha unidad en estos dif\u00edciles momentos.<\/figcaption><\/figure>\n<p style=\"text-align: justify;\">\n","protected":false},"excerpt":{"rendered":"<p>La pandemia del Covid\u201319 ha sido muy dif\u00edcil de digerir para todo el espectro del deporte nacional. Trasandino no ha sido la excepci\u00f3n, y los largos meses de para han provocado m\u00faltiples&#8230;<\/p>\n","protected":false},"author":482,"featured_media":99992,"comment_status":"closed","ping_status":"closed","sticky":false,"template":"","format":"standard","meta":{"advanced_seo_description":"","jetpack_seo_html_title":"","jetpack_seo_noindex":false,"_jetpack_memberships_contains_paid_content":false,"footnotes":""},"categories":[19],"tags":[],"class_list":["post-99991","post","type-post","status-publish","format-standard","has-post-thumbnail","hentry","category-deportes"],"jetpack_featured_media_url":"https:\/\/i0.wp.com\/eltrabajo.cl\/portal\/wp-content\/uploads\/2020\/06\/trasandino-1.jpg?fit=580%2C359&ssl=1","jetpack_sharing_enabled":true,"jetpack_likes_enabled":true,"jetpack-related-posts":[],"_links":{"self":[{"href":"https:\/\/eltrabajo.cl\/portal\/wp-json\/wp\/v2\/posts\/99991","targetHints":{"allow":["GET"]}}],"collection":[{"href":"https:\/\/eltrabajo.cl\/portal\/wp-json\/wp\/v2\/posts"}],"about":[{"href":"https:\/\/eltrabajo.cl\/portal\/wp-json\/wp\/v2\/types\/post"}],"author":[{"embeddable":true,"href":"https:\/\/eltrabajo.cl\/portal\/wp-json\/wp\/v2\/users\/482"}],"replies":[{"embeddable":true,"href":"https:\/\/eltrabajo.cl\/portal\/wp-json\/wp\/v2\/comments?post=99991"}],"version-history":[{"count":0,"href":"https:\/\/eltrabajo.cl\/portal\/wp-json\/wp\/v2\/posts\/99991\/revisions"}],"wp:featuredmedia":[{"embeddable":true,"href":"https:\/\/eltrabajo.cl\/portal\/wp-json\/wp\/v2\/media\/99992"}],"wp:attachment":[{"href":"https:\/\/eltrabajo.cl\/portal\/wp-json\/wp\/v2\/media?parent=99991"}],"wp:term":[{"taxonomy":"category","embeddable":true,"href":"https:\/\/eltrabajo.cl\/portal\/wp-json\/wp\/v2\/categories?post=99991"},{"taxonomy":"post_tag","embeddable":true,"href":"https:\/\/eltrabajo.cl\/portal\/wp-json\/wp\/v2\/tags?post=99991"}],"curies":[{"name":"wp","href":"https:\/\/api.w.org\/{rel}","templated":true}]}}